{"id":994,"date":"2019-11-01T09:24:47","date_gmt":"2019-11-01T14:24:47","guid":{"rendered":"https:\/\/bomberos.puyo.gob.ec\/reunion-coordinacion-feriado-finados-en-reunion-de-trabajo-los-se\/"},"modified":"2019-12-20T23:06:38","modified_gmt":"2019-12-21T04:06:38","slug":"reunion-coordinacion-feriado-finados-en-reunion-de-trabajo-los-se","status":"publish","type":"post","link":"https:\/\/bomberos.puyo.gob.ec\/2019\/reunion-coordinacion-feriado-finados-en-reunion-de-trabajo-los-se\/","title":{"rendered":"| #REUNI\u00d3N | #COORDINACION | #FERIADO | #FINADOS |\n En reuni\u00f3n de trabajo los se&#8230;"},"content":{"rendered":"<p>| <a class=\"_58cn\" href=\"https:\/\/facebook.com\/hashtag\/reuni&#xf3;n?source=feed_text&#038;epa=HASHTAG&#038;__xts__%5B0%5D=68.ARAClEsk00gYd6jFZ7uBEuVyC4yljTm562lfDixxRrDSkY2OKxdIWUFT1B-14BL5L8tr3Oc_IjipfbSe2sjrw-CnZvr-7TAECsNEhFMTb41jQecbAbv-CG_xn0zA7uJ4KWHY05-bqza-iVywaiuFPF7OxjSv7LwMdSFhRmc8wkQVtUFWkqKD64dxRhKM2-5s4DyIw91o-jcXINH96FxPzOOpRzM8-yHKeCEn43ZpRuuQUiQWK7XB8TPMjN2gbv2mWJV5yV5Ak_moXJIF5gn3crIWRlUB2_QsetvHpE70pq_gs0xBNVMrn_LtAatddfVLSOjlkYF4Rli5aBUmuhsmiJv70A&#038;__tn__=%2ANK-R\" data-ft=\"&#123;&quot;type&quot;:104,&quot;tn&quot;:&quot;*N&quot;&#125;\"><span class=\"_5afx\"><span aria-label=\"hashtag\" class=\"_58cl _5afz\">#REUNI\u00d3N<\/span><\/span><\/a> | <a class=\"_58cn\" href=\"https:\/\/facebook.com\/hashtag\/coordinacion?source=feed_text&#038;epa=HASHTAG&#038;__xts__%5B0%5D=68.ARAClEsk00gYd6jFZ7uBEuVyC4yljTm562lfDixxRrDSkY2OKxdIWUFT1B-14BL5L8tr3Oc_IjipfbSe2sjrw-CnZvr-7TAECsNEhFMTb41jQecbAbv-CG_xn0zA7uJ4KWHY05-bqza-iVywaiuFPF7OxjSv7LwMdSFhRmc8wkQVtUFWkqKD64dxRhKM2-5s4DyIw91o-jcXINH96FxPzOOpRzM8-yHKeCEn43ZpRuuQUiQWK7XB8TPMjN2gbv2mWJV5yV5Ak_moXJIF5gn3crIWRlUB2_QsetvHpE70pq_gs0xBNVMrn_LtAatddfVLSOjlkYF4Rli5aBUmuhsmiJv70A&#038;__tn__=%2ANK-R\" data-ft=\"&#123;&quot;type&quot;:104,&quot;tn&quot;:&quot;*N&quot;&#125;\"><span class=\"_5afx\"><span aria-label=\"hashtag\" class=\"_58cl _5afz\">#COORDINACION<\/span><\/span><\/a> | <a class=\"_58cn\" href=\"https:\/\/facebook.com\/hashtag\/feriado?source=feed_text&#038;epa=HASHTAG&#038;__xts__%5B0%5D=68.ARAClEsk00gYd6jFZ7uBEuVyC4yljTm562lfDixxRrDSkY2OKxdIWUFT1B-14BL5L8tr3Oc_IjipfbSe2sjrw-CnZvr-7TAECsNEhFMTb41jQecbAbv-CG_xn0zA7uJ4KWHY05-bqza-iVywaiuFPF7OxjSv7LwMdSFhRmc8wkQVtUFWkqKD64dxRhKM2-5s4DyIw91o-jcXINH96FxPzOOpRzM8-yHKeCEn43ZpRuuQUiQWK7XB8TPMjN2gbv2mWJV5yV5Ak_moXJIF5gn3crIWRlUB2_QsetvHpE70pq_gs0xBNVMrn_LtAatddfVLSOjlkYF4Rli5aBUmuhsmiJv70A&#038;__tn__=%2ANK-R\" data-ft=\"&#123;&quot;type&quot;:104,&quot;tn&quot;:&quot;*N&quot;&#125;\"><span class=\"_5afx\"><span aria-label=\"hashtag\" class=\"_58cl _5afz\">#FERIADO<\/span><\/span><\/a> | <a class=\"_58cn\" href=\"https:\/\/facebook.com\/hashtag\/finados?source=feed_text&#038;epa=HASHTAG&#038;__xts__%5B0%5D=68.ARAClEsk00gYd6jFZ7uBEuVyC4yljTm562lfDixxRrDSkY2OKxdIWUFT1B-14BL5L8tr3Oc_IjipfbSe2sjrw-CnZvr-7TAECsNEhFMTb41jQecbAbv-CG_xn0zA7uJ4KWHY05-bqza-iVywaiuFPF7OxjSv7LwMdSFhRmc8wkQVtUFWkqKD64dxRhKM2-5s4DyIw91o-jcXINH96FxPzOOpRzM8-yHKeCEn43ZpRuuQUiQWK7XB8TPMjN2gbv2mWJV5yV5Ak_moXJIF5gn3crIWRlUB2_QsetvHpE70pq_gs0xBNVMrn_LtAatddfVLSOjlkYF4Rli5aBUmuhsmiJv70A&#038;__tn__=%2ANK-R\" data-ft=\"&#123;&quot;type&quot;:104,&quot;tn&quot;:&quot;*N&quot;&#125;\"><span class=\"_5afx\"><span aria-label=\"hashtag\" class=\"_58cl _5afz\">#FINADOS<\/span><\/span><\/a> |<br \/> En reuni\u00f3n de trabajo los se\u00f1ores jefes de guardia coordinan de forma estrat\u00e9gica el OPERATIVO POR EL FERIADO DE FINADOS Y POR LA INDEPENDENCIA DE CUENCA, con esta reuni\u00f3n se logr\u00f3 ubicar los puntos de m\u00e1s concurrencia de turistas locales y nacionales como son los diques, paseo tur\u00edstico y parque acu\u00e1tico, designando en los sectores personal especializado en rescate acu\u00e1tico y unidades de respuesta r\u00e1pida para el fortalecimiento a las emergencias que se puedan desarrollar en estos lugares.<\/p>\n<p><a href=\"https:\/\/bomberos.puyo.gob.ec\/2019\/wp-content\/uploads\/REUNION-COORDINACION-FERIADO-FINADOS-En.fna&#038;oh=57023441ed94c6b1ed0c4824076466b9&#038;oe=5EB00E49.jpeg\"><img decoding=\"async\" class=\"wp_automatic_fb_img\" title=\"\" src=\"https:\/\/bomberos.puyo.gob.ec\/2019\/wp-content\/uploads\/REUNION-COORDINACION-FERIADO-FINADOS-En.fna&#038;oh=57023441ed94c6b1ed0c4824076466b9&#038;oe=5EB00E49.jpeg\" \/><\/a><br \/><a href=\"https:\/\/bomberos.puyo.gob.ec\/2019\/wp-content\/uploads\/REUNION-COORDINACION-FERIADO-FINADOS-En.fna&#038;oh=b74c12392da49b850a3636583bb1f1ac&#038;oe=5EB473BD.jpeg\"><img decoding=\"async\" class=\"wp_automatic_fb_img\" title=\"\" src=\"https:\/\/bomberos.puyo.gob.ec\/2019\/wp-content\/uploads\/REUNION-COORDINACION-FERIADO-FINADOS-En.fna&#038;oh=b74c12392da49b850a3636583bb1f1ac&#038;oe=5EB473BD.jpeg\" \/><\/a><br \/>\n<br \/><a href=\"https:\/\/www.facebook.com\/465093860312824\/posts\/1423739251114942\">en facebook&#8230; <\/a>  <\/p>\n","protected":false},"excerpt":{"rendered":"<p>| <a class=\"_58cn\" href=\"https:\/\/facebook.com\/hashtag\/reuni&#xf3;n?source=feed_text&#038;epa=HASHTAG&#038;__xts__%5B0%5D=68.ARAClEsk00gYd6jFZ7uBEuVyC4yljTm562lfDixxRrDSkY2OKxdIWUFT1B-14BL5L8tr3Oc_IjipfbSe2sjrw-CnZvr-7TAECsNEhFMTb41jQecbAbv-CG_xn0zA7uJ4KWHY05-bqza-iVywaiuFPF7OxjSv7LwMdSFhRmc8wkQVtUFWkqKD64dxRhKM2-5s4DyIw91o-jcXINH96FxPzOOpRzM8-yHKeCEn43ZpRuuQUiQWK7XB8TPMjN2gbv2mWJV5yV5Ak_moXJIF5gn3crIWRlUB2_QsetvHpE70pq_gs0xBNVMrn_LtAatddfVLSOjlkYF4Rli5aBUmuhsmiJv70A&#038;__tn__=%2ANK-R\" data-ft=\"&#123;&quot;type&quot;:104,&quot;tn&quot;:&quot;*N&quot;&#125;\"><span class=\"_5afx\"><span aria-label=\"hashtag\" class=\"_58cl _5afz\">#REUNI\u00d3N<\/span><\/span><\/a> | <a class=\"_58cn\" href=\"https:\/\/facebook.com\/hashtag\/coordinacion?source=feed_text&#038;epa=HASHTAG&#038;__xts__%5B0%5D=68.ARAClEsk00gYd6jFZ7uBEuVyC4yljTm562lfDixxRrDSkY2OKxdIWUFT1B-14BL5L8tr3Oc_IjipfbSe2sjrw-CnZvr-7TAECsNEhFMTb41jQecbAbv-CG_xn0zA7uJ4KWHY05-bqza-iVywaiuFPF7OxjSv7LwMdSFhRmc8wkQVtUFWkqKD64dxRhKM2-5s4DyIw91o-jcXINH96FxPzOOpRzM8-yHKeCEn43ZpRuuQUiQWK7XB8TPMjN2gbv2mWJV5yV5Ak_moXJIF5gn3crIWRlUB2_QsetvHpE70pq_gs0xBNVMrn_LtAatddfVLSOjlkYF4Rli5aBUmuhsmiJv70A&#038;__tn__=%2ANK-R\" data-ft=\"&#123;&quot;type&quot;:104,&quot;tn&quot;:&quot;*N&quot;&#125;\"><span class=\"_5afx\"><span aria-label=\"hashtag\" class=\"_58cl _5afz\">#COORDINACION<\/span><\/span><\/a> | <a class=\"_58cn\" href=\"https:\/\/facebook.com\/hashtag\/feriado?source=feed_text&#038;epa=HASHTAG&#038;__xts__%5B0%5D=68.ARAClEsk00gYd6jFZ7uBEuVyC4yljTm562lfDixxRrDSkY2OKxdIWUFT1B-14BL5L8tr3Oc_IjipfbSe2sjrw-CnZvr-7TAECsNEhFMTb41jQecbAbv-CG_xn0zA7uJ4KWHY05-bqza-iVywaiuFPF7OxjSv7LwMdSFhRmc8wkQVtUFWkqKD64dxRhKM2-5s4DyIw91o-jcXINH96FxPzOOpRzM8-yHKeCEn43ZpRuuQUiQWK7XB8TPMjN2gbv2mWJV5yV5Ak_moXJIF5gn3crIWRlUB2_QsetvHpE70pq_gs0xBNVMrn_LtAatddfVLSOjlkYF4Rli5aBUmuhsmiJv70A&#038;__tn__=%2ANK-R\" data-ft=\"&#123;&quot;type&quot;:104,&quot;tn&quot;:&quot;*N&quot;&#125;\"><span class=\"_5afx\"><span aria-label=\"hashtag\" class=\"_58cl _5afz\">#FERIADO<\/span><\/span><\/a> | <a class=\"_58cn\" href=\"https:\/\/facebook.com\/hashtag\/finados?source=feed_text&#038;epa=HASHTAG&#038;__xts__%5B0%5D=68.ARAClEsk00gYd6jFZ7uBEuVyC4yljTm562lfDixxRrDSkY2OKxdIWUFT1B-14BL5L8tr3Oc_IjipfbSe2sjrw-CnZvr-7TAECsNEhFMTb41jQecbAbv-CG_xn0zA7uJ4KWHY05-bqza-iVywaiuFPF7OxjSv7LwMdSFhRmc8wkQVtUFWkqKD64dxRhKM2-5s4DyIw91o-jcXINH96FxPzOOpRzM8-yHKeCEn43ZpRuuQUiQWK7XB8TPMjN2gbv2mWJV5yV5Ak_moXJIF5gn3crIWRlUB2_QsetvHpE70pq_gs0xBNVMrn_LtAatddfVLSOjlkYF4Rli5aBUmuhsmiJv70A&#038;__tn__=%2ANK-R\" data-ft=\"&#123;&quot;type&quot;:104,&quot;tn&quot;:&quot;*N&quot;&#125;\"><span class=\"_5afx\"><span aria-label=\"hashtag\" class=\"_58cl _5afz\">#FINADOS<\/span><\/span><\/a> |<br \/> En reuni\u00f3n de trabajo los se\u00f1ores jefes de guardia coordinan de forma estrat\u00e9gica el OPERATIVO POR EL FERIADO DE FINADOS Y POR LA INDEPENDENCIA DE CUENCA, con esta reuni\u00f3n se logr\u00f3 ubicar los puntos de m\u00e1s concurrencia de turistas locales y nacionales como son los diques, paseo tur\u00edstico y parque acu\u00e1tico, designando en los sectores personal especializado en rescate acu\u00e1tico y unidades de respuesta r\u00e1pida para el fortalecimiento a las emergencias que se puedan desarrollar en estos lugares.<\/p>\n<p><a href=\"https:\/\/scontent.fuio15-1.fna.fbcdn.net\/v\/t1.0-9\/73319943_1423739181114949_8992056299566923776_o.jpg?_nc_cat=110&#038;_nc_ohc=XC4q6VZlxRoAQkYfl2KjZ8SUFF2yiVFUdPcQ9nNmSRdn3oS7ocqf87y0Q&#038;_nc_ht=scontent.fuio15-1.fna&#038;oh=57023441ed94c6b1ed0c4824076466b9&#038;oe=5EB00E49\"><img decoding=\"async\" class=\"wp_automatic_fb_img\" title=\"\" src=\"https:\/\/scontent.fuio15-1.fna.fbcdn.net\/v\/t1.0-9\/73319943_1423739181114949_8992056299566923776_o.jpg?_nc_cat=110&#038;_nc_ohc=XC4q6VZlxRoAQkYfl2KjZ8SUFF2yiVFUdPcQ9nNmSRdn3oS7ocqf87y0Q&#038;_nc_ht=scontent.fuio15-1.fna&#038;oh=57023441ed94c6b1ed0c4824076466b9&#038;oe=5EB00E49\" \/><\/a><br \/><a href=\"https:\/\/scontent.fuio15-1.fna.fbcdn.net\/v\/t1.0-9\/73528745_1423739177781616_7298473050335346688_o.jpg?_nc_cat=104&#038;_nc_ohc=uFjLoauLe6AAQmCAsp9-8jzT912Z7ze4SiY1PrQazgImd0tkyBiZeLoQw&#038;_nc_ht=scontent.fuio15-1.fna&#038;oh=b74c12392da49b850a3636583bb1f1ac&#038;oe=5EB473BD\"><img decoding=\"async\" class=\"wp_automatic_fb_img\" title=\"\" src=\"https:\/\/scontent.fuio15-1.fna.fbcdn.net\/v\/t1.0-9\/73528745_1423739177781616_7298473050335346688_o.jpg?_nc_cat=104&#038;_nc_ohc=uFjLoauLe6AAQmCAsp9-8jzT912Z7ze4SiY1PrQazgImd0tkyBiZeLoQw&#038;_nc_ht=scontent.fuio15-1.fna&#038;oh=b74c12392da49b850a3636583bb1f1ac&#038;oe=5EB473BD\" \/><\/a><\/p>\n","protected":false},"author":1,"featured_media":995,"comment_status":"open","ping_status":"open","sticky":false,"template":"","format":"standard","meta":[],"categories":[1],"tags":[82,131,232,125,99,80],"_links":{"self":[{"href":"https:\/\/bomberos.puyo.gob.ec\/2019\/wp-json\/wp\/v2\/posts\/994"}],"collection":[{"href":"https:\/\/bomberos.puyo.gob.ec\/2019\/wp-json\/wp\/v2\/posts"}],"about":[{"href":"https:\/\/bomberos.puyo.gob.ec\/2019\/wp-json\/wp\/v2\/types\/post"}],"author":[{"embeddable":true,"href":"https:\/\/bomberos.puyo.gob.ec\/2019\/wp-json\/wp\/v2\/users\/1"}],"replies":[{"embeddable":true,"href":"https:\/\/bomberos.puyo.gob.ec\/2019\/wp-json\/wp\/v2\/comments?post=994"}],"version-history":[{"count":1,"href":"https:\/\/bomberos.puyo.gob.ec\/2019\/wp-json\/wp\/v2\/posts\/994\/revisions"}],"predecessor-version":[{"id":996,"href":"https:\/\/bomberos.puyo.gob.ec\/2019\/wp-json\/wp\/v2\/posts\/994\/revisions\/996"}],"wp:featuredmedia":[{"embeddable":true,"href":"https:\/\/bomberos.puyo.gob.ec\/2019\/wp-json\/wp\/v2\/media\/995"}],"wp:attachment":[{"href":"https:\/\/bomberos.puyo.gob.ec\/2019\/wp-json\/wp\/v2\/media?parent=994"}],"wp:term":[{"taxonomy":"category","embeddable":true,"href":"https:\/\/bomberos.puyo.gob.ec\/2019\/wp-json\/wp\/v2\/categories?post=994"},{"taxonomy":"post_tag","embeddable":true,"href":"https:\/\/bomberos.puyo.gob.ec\/2019\/wp-json\/wp\/v2\/tags?post=994"}],"curies":[{"name":"wp","href":"https:\/\/api.w.org\/{rel}","templated":true}]}}