{"id":989,"date":"2019-11-05T17:53:49","date_gmt":"2019-11-05T22:53:49","guid":{"rendered":"https:\/\/bomberos.puyo.gob.ec\/resumen-actividades-feriado-noviembre-viernes-1-se-brinda-seguri\/"},"modified":"2019-12-20T20:59:16","modified_gmt":"2019-12-21T01:59:16","slug":"resumen-actividades-feriado-noviembre-viernes-1-se-brinda-seguri","status":"publish","type":"post","link":"https:\/\/bomberos.puyo.gob.ec\/2019\/resumen-actividades-feriado-noviembre-viernes-1-se-brinda-seguri\/","title":{"rendered":"| #RESUMEN | #ACTIVIDADES | #FERIADO | #NOVIEMBRE |\n Viernes 1\n Se brinda seguri&#8230;"},"content":{"rendered":"<p>| <a class=\"_58cn\" href=\"https:\/\/facebook.com\/hashtag\/resumen?source=feed_text&#038;epa=HASHTAG&#038;__xts__%5B0%5D=68.ARCfp1-UYFi5hJ-IK2llora4EVkLzHq0CwX1GK468HGgl08-VZrObrCOMg4glVGXWU3K5A-ORWzEs9S-lKBBHQHLYXYe5GEG9R0m0H0Fi8L7-XlacgRH6asHwCuMsETaeSVkQ4gI8GmVy6iawP0fr7dDYZQFqak8cLE4LXRXlSbzUfNvbhr56dT-M6y8HFdrLvNvCOeiby4VB4A16f1EyegPxN9pcT0y7jWgkUL3hAIgZpd5fHMb6e1n1kdflWDZ72Ki3-1kd5Ves9MS0CJoW7U7TeA3jtu4_X3XLpzNaqE-_184BLM7Stj8f0ovMz_Nk4f5cLm6fKxvzVarf-xnGG0hUE35AhEE4BbCetydNwhbwP_HAS8SC9rCv3gZEVF2nT5OFgB621GMY8Ra4RzbBBrYuXBOiSew_x_rkGU5Vvpn_nBYdCIBdpVXi-4rQrJlmEC-M1xTYJCpheXIoiwK&#038;__tn__=%2ANK-R\" data-ft=\"&#123;&quot;type&quot;:104,&quot;tn&quot;:&quot;*N&quot;&#125;\"><span class=\"_5afx\"><span aria-label=\"hashtag\" class=\"_58cl _5afz\">#RESUMEN<\/span><\/span><\/a> | <a class=\"_58cn\" href=\"https:\/\/facebook.com\/hashtag\/actividades?source=feed_text&#038;epa=HASHTAG&#038;__xts__%5B0%5D=68.ARCfp1-UYFi5hJ-IK2llora4EVkLzHq0CwX1GK468HGgl08-VZrObrCOMg4glVGXWU3K5A-ORWzEs9S-lKBBHQHLYXYe5GEG9R0m0H0Fi8L7-XlacgRH6asHwCuMsETaeSVkQ4gI8GmVy6iawP0fr7dDYZQFqak8cLE4LXRXlSbzUfNvbhr56dT-M6y8HFdrLvNvCOeiby4VB4A16f1EyegPxN9pcT0y7jWgkUL3hAIgZpd5fHMb6e1n1kdflWDZ72Ki3-1kd5Ves9MS0CJoW7U7TeA3jtu4_X3XLpzNaqE-_184BLM7Stj8f0ovMz_Nk4f5cLm6fKxvzVarf-xnGG0hUE35AhEE4BbCetydNwhbwP_HAS8SC9rCv3gZEVF2nT5OFgB621GMY8Ra4RzbBBrYuXBOiSew_x_rkGU5Vvpn_nBYdCIBdpVXi-4rQrJlmEC-M1xTYJCpheXIoiwK&#038;__tn__=%2ANK-R\" data-ft=\"&#123;&quot;type&quot;:104,&quot;tn&quot;:&quot;*N&quot;&#125;\"><span class=\"_5afx\"><span aria-label=\"hashtag\" class=\"_58cl _5afz\">#ACTIVIDADES<\/span><\/span><\/a> | <a class=\"_58cn\" href=\"https:\/\/facebook.com\/hashtag\/feriado?source=feed_text&#038;epa=HASHTAG&#038;__xts__%5B0%5D=68.ARCfp1-UYFi5hJ-IK2llora4EVkLzHq0CwX1GK468HGgl08-VZrObrCOMg4glVGXWU3K5A-ORWzEs9S-lKBBHQHLYXYe5GEG9R0m0H0Fi8L7-XlacgRH6asHwCuMsETaeSVkQ4gI8GmVy6iawP0fr7dDYZQFqak8cLE4LXRXlSbzUfNvbhr56dT-M6y8HFdrLvNvCOeiby4VB4A16f1EyegPxN9pcT0y7jWgkUL3hAIgZpd5fHMb6e1n1kdflWDZ72Ki3-1kd5Ves9MS0CJoW7U7TeA3jtu4_X3XLpzNaqE-_184BLM7Stj8f0ovMz_Nk4f5cLm6fKxvzVarf-xnGG0hUE35AhEE4BbCetydNwhbwP_HAS8SC9rCv3gZEVF2nT5OFgB621GMY8Ra4RzbBBrYuXBOiSew_x_rkGU5Vvpn_nBYdCIBdpVXi-4rQrJlmEC-M1xTYJCpheXIoiwK&#038;__tn__=%2ANK-R\" data-ft=\"&#123;&quot;type&quot;:104,&quot;tn&quot;:&quot;*N&quot;&#125;\"><span class=\"_5afx\"><span aria-label=\"hashtag\" class=\"_58cl _5afz\">#FERIADO<\/span><\/span><\/a> | <a class=\"_58cn\" href=\"https:\/\/facebook.com\/hashtag\/noviembre?source=feed_text&#038;epa=HASHTAG&#038;__xts__%5B0%5D=68.ARCfp1-UYFi5hJ-IK2llora4EVkLzHq0CwX1GK468HGgl08-VZrObrCOMg4glVGXWU3K5A-ORWzEs9S-lKBBHQHLYXYe5GEG9R0m0H0Fi8L7-XlacgRH6asHwCuMsETaeSVkQ4gI8GmVy6iawP0fr7dDYZQFqak8cLE4LXRXlSbzUfNvbhr56dT-M6y8HFdrLvNvCOeiby4VB4A16f1EyegPxN9pcT0y7jWgkUL3hAIgZpd5fHMb6e1n1kdflWDZ72Ki3-1kd5Ves9MS0CJoW7U7TeA3jtu4_X3XLpzNaqE-_184BLM7Stj8f0ovMz_Nk4f5cLm6fKxvzVarf-xnGG0hUE35AhEE4BbCetydNwhbwP_HAS8SC9rCv3gZEVF2nT5OFgB621GMY8Ra4RzbBBrYuXBOiSew_x_rkGU5Vvpn_nBYdCIBdpVXi-4rQrJlmEC-M1xTYJCpheXIoiwK&#038;__tn__=%2ANK-R\" data-ft=\"&#123;&quot;type&quot;:104,&quot;tn&quot;:&quot;*N&quot;&#125;\"><span class=\"_5afx\"><span aria-label=\"hashtag\" class=\"_58cl _5afz\">#NOVIEMBRE<\/span><\/span><\/a> |<\/p>\n<p> Viernes 1<\/p>\n<p> Se brinda seguridad en el  Parque Acu\u00e1tico Morete Puyo a turistas <span class=\"_5mfr\"><span class=\"_6qdm\" style=\"height: 16px; width: 16px; font-size: 16px; background-image: url(&quot;https:\/\/static.xx.fbcdn.net\/images\/emoji.php\/v9\/t67\/1\/16\/1f692.png&quot;)\">\ud83d\ude92<\/span><\/span><span class=\"_5mfr\"><span class=\"_6qdm\" style=\"height: 16px; width: 16px; font-size: 16px; background-image: url(&quot;https:\/\/static.xx.fbcdn.net\/images\/emoji.php\/v9\/td3\/1\/16\/1f469_200d_1f692.png&quot;)\">\ud83d\udc69\u200d\ud83d\ude92<\/span><\/span><\/p>\n<p> Se brinda seguridad en el dique las Palmas rescate acu\u00e1tico en accidentes en el agua y primeros auxilios b\u00e1sicos.<\/p>\n<p> Se realiza operativos de seguridad a turista en el paseo tur\u00edstico del rio Puyo y en el dique del Pambay.<\/p>\n<p> La unidad R3 realiza recorrido de seguridad en los diferentes balnearios de la ciudad.<\/p>\n<p> En la calle Quito en la ciudadela del chofer se atiende a ni\u00f1o de 6 a\u00f1os quien presenta una herida  cortante en la planta del pie derecho causada por un resto de vidrio en la acera el ni\u00f1o  es atendido en el lugar se le realiza una curaci\u00f3n de la herida y se lo deja a cargo de sus padres.<\/p>\n<p> A pesar del mal clima se brind\u00f3 la seguridad del caso a los turistas en el dique de F\u00e1tima con 3 efectivos  y dos kayaks para rescate acu\u00e1tico y primeros auxilios<\/p>\n<p> S\u00e1bado 2<\/p>\n<p> Personal de Bomberos y seguridad ciudadana presentes en el dique las palmas dando seguridad<\/p>\n<p> Siendo las 14:20 y Por aviso del Bro.(v) Villafuerte Roger y Bro.(v) Grefa Rolando por radio a la central de radio de X1 quienes se encontraban designados en el paseo tur\u00edstico en brindar seguridad a personas  que se encuentran en el lugar, informan de una persona se encontraba herida al otro lado del rio Puyo y otra persona a orillas del mismo, al lugar se dirige la unidad A3, A4, R3 y R2, llegando al sitio de la emergencia se verifica que una persona de 41 a\u00f1os de edad se encuentra sin signos vitales,  por lo que se informa al Ecu-911 para que informe a la DINASED de polic\u00eda Nacional. Adicional en el mismo lugar se encontraba una persona herida, mismo que presenta laceraciones a nivel de labio superior, m\u00e1s laceraciones en parte superior de cr\u00e1neo, y con halitosis a alcohol mismo que fue atendido en el lugar.<br \/> Una vez verificado la novedad se procede a trasladar el cuerpo desde el otro lado del Rio hasta la camioneta de la DINASED de polic\u00eda nacional para los tr\u00e1mites legales de ley quedando a cargo del se\u00f1or Polic\u00eda Sargento Segundo Edison Sosa y unidad retornan a sus lugares designados.<\/p>\n<p> En el Parque Acu\u00e1tico  atienden a una paciente menor de  7 a\u00f1os qui\u00e9n presenta sangrado nasal (epitaxis) es atendida en el lugar. Quedando a cargo de la menor su padre.<\/p>\n<p> Por aviso del se\u00f1or comandante ING. Rolando Ramos a la central de radio de X1, la unidad B1 se dirige con PERSONAL  a verificar un enjambre de avispas en la Plazoleta \u00c1lvaro Valladares, una vez en lugar el personal capacitado en esa \u00e1rea procede a capturar a las avisas y trasladarle a una zona Segura que no causar\u00e1n ning\u00fan da\u00f1o a las personas.<\/p>\n<p> Por aviso a la central de radio de la estaci\u00f3n X1 Por parte del se\u00f1or sargento Naveda Marco donde informa de un accidente de tr\u00e1nsito en las calles 4 de enero y Loja, inmediatamente avanza la unidad B1 a verificar el incidente donde se visualiza que se trata de un cami\u00f3n (cama baja) quien transportaba un tractor mismo que se enreda con los cables el\u00e9ctricos de baja tensi\u00f3n y as\u00ed provocando la ca\u00edda de un poste y dejando la zona sin energ\u00eda el\u00e9ctrica, se procede a acordonar el \u00e1rea y as\u00ed proteger a los transe\u00fantes.  Una vez coordina con las entidades pertinentes y dejando el \u00e1rea segura.<\/p>\n<p> Lunes 3<\/p>\n<p> Continuando con el operativo de seguridad  el personal operativo del Cuerpo de Bomberos coordina con 32 efectivos destinados en los lugares estrat\u00e9gicos con m\u00e1s afluencia de turistas y ba\u00f1istas para prevenir y realizar maniobras de rescate  en accidentes en el agua. PUNTOS:  Diques Palmas, Pambay, F\u00e1tima, Parque Acu\u00e1tico, Paseo tur\u00edstico rio Puyo recorridos por Dique de Veracruz y Murialdo.<\/p>\n<p> Con el objetivo de cubrir al 100% los puntos de trabajo se coordina la entrega del 7-90  e hidrataci\u00f3n al personal operativo voluntario y rentado en el lugar<\/p>\n<p> Cumpliendo con el operativo se atiende a la ni\u00f1a de 13 a\u00f1os quien presenta poli-traumas en miembros inferiores y golpe en la cadera  producto de una ca\u00edda de su propia altura, en las gradas del Dique del Pambay se la deja a cargo de sus padres.<\/p>\n<p> Se realiza las maniobras de rescate acu\u00e1tico en el dique del Pambay cuando la  ni\u00f1a de 7 a\u00f1os de edad  intento cruzar el dique al no avanzar se aferra de su padre el mismo que no resisti\u00f3 el peso de la ni\u00f1a  desesper\u00e1ndose y sumergi\u00e9ndose  perdiendo el control, inmediatamente el personal se activa y realiza las t\u00e9cnicas de rescate acu\u00e1tico extrayendo a la ni\u00f1a y  ayudando a su padre a salir se le atiende a la ni\u00f1a en superficie y se la deja estable con sus familiares.<\/p>\n<p> Se realiza t\u00e9cnicas de rescate acu\u00e1tico en el dique de las Palmas al momento en que varios ni\u00f1os entre los 2 y 4 a\u00f1os, quienes jugaban en su boya y la cual por los juegos de los ni\u00f1os se voltea y caen de su boya sin poder nadar en aguas semi profundas inmediatamente se activa el personal realizando t\u00e9cnicas de rescate poniendo a buen resguardo a los ni\u00f1os entreg\u00e1ndoles a sus padres<\/p>\n<p><a href=\"https:\/\/bomberos.puyo.gob.ec\/2019\/wp-content\/uploads\/RESUMEN-ACTIVIDADES-FERIADO-NOVIEMBRE-Viernes.fna&#038;oh=91fcb9950011c6dfa1360d426ef4e82a&#038;oe=5EA6CC0C.jpeg\"><img decoding=\"async\" class=\"wp_automatic_fb_img\" title=\"\" src=\"https:\/\/bomberos.puyo.gob.ec\/2019\/wp-content\/uploads\/RESUMEN-ACTIVIDADES-FERIADO-NOVIEMBRE-Viernes.fna&#038;oh=91fcb9950011c6dfa1360d426ef4e82a&#038;oe=5EA6CC0C.jpeg\" \/><\/a><br \/><a href=\"https:\/\/bomberos.puyo.gob.ec\/2019\/wp-content\/uploads\/RESUMEN-ACTIVIDADES-FERIADO-NOVIEMBRE-Viernes.fna&#038;oh=d20b0e4ed7183971ab2ab8330b9eea60&#038;oe=5E790876.jpeg\"><img decoding=\"async\" class=\"wp_automatic_fb_img\" title=\"\" src=\"https:\/\/bomberos.puyo.gob.ec\/2019\/wp-content\/uploads\/RESUMEN-ACTIVIDADES-FERIADO-NOVIEMBRE-Viernes.fna&#038;oh=d20b0e4ed7183971ab2ab8330b9eea60&#038;oe=5E790876.jpeg\" \/><\/a><br \/><a href=\"https:\/\/bomberos.puyo.gob.ec\/2019\/wp-content\/uploads\/RESUMEN-ACTIVIDADES-FERIADO-NOVIEMBRE-Viernes.fna&#038;oh=fdeef44cc4cc4f10e3d9091824a656a7&#038;oe=5E7E2CF7.jpeg\"><img decoding=\"async\" class=\"wp_automatic_fb_img\" title=\"\" src=\"https:\/\/bomberos.puyo.gob.ec\/2019\/wp-content\/uploads\/RESUMEN-ACTIVIDADES-FERIADO-NOVIEMBRE-Viernes.fna&#038;oh=fdeef44cc4cc4f10e3d9091824a656a7&#038;oe=5E7E2CF7.jpeg\" \/><\/a><br \/><a href=\"https:\/\/bomberos.puyo.gob.ec\/2019\/wp-content\/uploads\/RESUMEN-ACTIVIDADES-FERIADO-NOVIEMBRE-Viernes.fna&#038;oh=0e6409f9fcb1d746014d874ebe054d24&#038;oe=5E7A7F66.jpeg\"><img decoding=\"async\" class=\"wp_automatic_fb_img\" title=\"\" src=\"https:\/\/bomberos.puyo.gob.ec\/2019\/wp-content\/uploads\/RESUMEN-ACTIVIDADES-FERIADO-NOVIEMBRE-Viernes.fna&#038;oh=0e6409f9fcb1d746014d874ebe054d24&#038;oe=5E7A7F66.jpeg\" \/><\/a><br \/>\n<br \/><a href=\"https:\/\/www.facebook.com\/465093860312824\/posts\/1427941627361371\">en facebook&#8230; <\/a>  <\/p>\n","protected":false},"excerpt":{"rendered":"<p>| <a class=\"_58cn\" href=\"https:\/\/facebook.com\/hashtag\/resumen?source=feed_text&#038;epa=HASHTAG&#038;__xts__%5B0%5D=68.ARCfp1-UYFi5hJ-IK2llora4EVkLzHq0CwX1GK468HGgl08-VZrObrCOMg4glVGXWU3K5A-ORWzEs9S-lKBBHQHLYXYe5GEG9R0m0H0Fi8L7-XlacgRH6asHwCuMsETaeSVkQ4gI8GmVy6iawP0fr7dDYZQFqak8cLE4LXRXlSbzUfNvbhr56dT-M6y8HFdrLvNvCOeiby4VB4A16f1EyegPxN9pcT0y7jWgkUL3hAIgZpd5fHMb6e1n1kdflWDZ72Ki3-1kd5Ves9MS0CJoW7U7TeA3jtu4_X3XLpzNaqE-_184BLM7Stj8f0ovMz_Nk4f5cLm6fKxvzVarf-xnGG0hUE35AhEE4BbCetydNwhbwP_HAS8SC9rCv3gZEVF2nT5OFgB621GMY8Ra4RzbBBrYuXBOiSew_x_rkGU5Vvpn_nBYdCIBdpVXi-4rQrJlmEC-M1xTYJCpheXIoiwK&#038;__tn__=%2ANK-R\" data-ft=\"&#123;&quot;type&quot;:104,&quot;tn&quot;:&quot;*N&quot;&#125;\"><span class=\"_5afx\"><span aria-label=\"hashtag\" class=\"_58cl _5afz\">#RESUMEN<\/span><\/span><\/a> | <a class=\"_58cn\" href=\"https:\/\/facebook.com\/hashtag\/actividades?source=feed_text&#038;epa=HASHTAG&#038;__xts__%5B0%5D=68.ARCfp1-UYFi5hJ-IK2llora4EVkLzHq0CwX1GK468HGgl08-VZrObrCOMg4glVGXWU3K5A-ORWzEs9S-lKBBHQHLYXYe5GEG9R0m0H0Fi8L7-XlacgRH6asHwCuMsETaeSVkQ4gI8GmVy6iawP0fr7dDYZQFqak8cLE4LXRXlSbzUfNvbhr56dT-M6y8HFdrLvNvCOeiby4VB4A16f1EyegPxN9pcT0y7jWgkUL3hAIgZpd5fHMb6e1n1kdflWDZ72Ki3-1kd5Ves9MS0CJoW7U7TeA3jtu4_X3XLpzNaqE-_184BLM7Stj8f0ovMz_Nk4f5cLm6fKxvzVarf-xnGG0hUE35AhEE4BbCetydNwhbwP_HAS8SC9rCv3gZEVF2nT5OFgB621GMY8Ra4RzbBBrYuXBOiSew_x_rkGU5Vvpn_nBYdCIBdpVXi-4rQrJlmEC-M1xTYJCpheXIoiwK&#038;__tn__=%2ANK-R\" data-ft=\"&#123;&quot;type&quot;:104,&quot;tn&quot;:&quot;*N&quot;&#125;\"><span class=\"_5afx\"><span aria-label=\"hashtag\" class=\"_58cl _5afz\">#ACTIVIDADES<\/span><\/span><\/a> | <a class=\"_58cn\" href=\"https:\/\/facebook.com\/hashtag\/feriado?source=feed_text&#038;epa=HASHTAG&#038;__xts__%5B0%5D=68.ARCfp1-UYFi5hJ-IK2llora4EVkLzHq0CwX1GK468HGgl08-VZrObrCOMg4glVGXWU3K5A-ORWzEs9S-lKBBHQHLYXYe5GEG9R0m0H0Fi8L7-XlacgRH6asHwCuMsETaeSVkQ4gI8GmVy6iawP0fr7dDYZQFqak8cLE4LXRXlSbzUfNvbhr56dT-M6y8HFdrLvNvCOeiby4VB4A16f1EyegPxN9pcT0y7jWgkUL3hAIgZpd5fHMb6e1n1kdflWDZ72Ki3-1kd5Ves9MS0CJoW7U7TeA3jtu4_X3XLpzNaqE-_184BLM7Stj8f0ovMz_Nk4f5cLm6fKxvzVarf-xnGG0hUE35AhEE4BbCetydNwhbwP_HAS8SC9rCv3gZEVF2nT5OFgB621GMY8Ra4RzbBBrYuXBOiSew_x_rkGU5Vvpn_nBYdCIBdpVXi-4rQrJlmEC-M1xTYJCpheXIoiwK&#038;__tn__=%2ANK-R\" data-ft=\"&#123;&quot;type&quot;:104,&quot;tn&quot;:&quot;*N&quot;&#125;\"><span class=\"_5afx\"><span aria-label=\"hashtag\" class=\"_58cl _5afz\">#FERIADO<\/span><\/span><\/a> | <a class=\"_58cn\" href=\"https:\/\/facebook.com\/hashtag\/noviembre?source=feed_text&#038;epa=HASHTAG&#038;__xts__%5B0%5D=68.ARCfp1-UYFi5hJ-IK2llora4EVkLzHq0CwX1GK468HGgl08-VZrObrCOMg4glVGXWU3K5A-ORWzEs9S-lKBBHQHLYXYe5GEG9R0m0H0Fi8L7-XlacgRH6asHwCuMsETaeSVkQ4gI8GmVy6iawP0fr7dDYZQFqak8cLE4LXRXlSbzUfNvbhr56dT-M6y8HFdrLvNvCOeiby4VB4A16f1EyegPxN9pcT0y7jWgkUL3hAIgZpd5fHMb6e1n1kdflWDZ72Ki3-1kd5Ves9MS0CJoW7U7TeA3jtu4_X3XLpzNaqE-_184BLM7Stj8f0ovMz_Nk4f5cLm6fKxvzVarf-xnGG0hUE35AhEE4BbCetydNwhbwP_HAS8SC9rCv3gZEVF2nT5OFgB621GMY8Ra4RzbBBrYuXBOiSew_x_rkGU5Vvpn_nBYdCIBdpVXi-4rQrJlmEC-M1xTYJCpheXIoiwK&#038;__tn__=%2ANK-R\" data-ft=\"&#123;&quot;type&quot;:104,&quot;tn&quot;:&quot;*N&quot;&#125;\"><span class=\"_5afx\"><span aria-label=\"hashtag\" class=\"_58cl _5afz\">#NOVIEMBRE<\/span><\/span><\/a> |<\/p>\n<p> Viernes 1<\/p>\n<p> Se brinda seguridad en el  Parque Acu\u00e1tico Morete Puyo a turistas <span class=\"_5mfr\"><span class=\"_6qdm\" style=\"height: 16px; width: 16px; font-size: 16px; background-image: url(&quot;https:\/\/static.xx.fbcdn.net\/images\/emoji.php\/v9\/t67\/1\/16\/1f692.png&quot;)\">\ud83d\ude92<\/span><\/span><span class=\"_5mfr\"><span class=\"_6qdm\" style=\"height: 16px; width: 16px; font-size: 16px; background-image: url(&quot;https:\/\/static.xx.fbcdn.net\/images\/emoji.php\/v9\/td3\/1\/16\/1f469_200d_1f692.png&quot;)\">\ud83d\udc69\u200d\ud83d\ude92<\/span><\/span><\/p>\n<p> Se brinda seguridad en el dique las Palmas rescate acu\u00e1tico en accidentes en el agua y primeros auxilios b\u00e1sicos.<\/p>\n<p> Se realiza operativos de seguridad a turista en el paseo tur\u00edstico del rio Puyo y en el dique del Pambay.<\/p>\n<p> La unidad R3 realiza recorrido de seguridad en los diferentes balnearios de la ciudad.<\/p>\n<p> En la calle Quito en la ciudadela del chofer se atiende a ni\u00f1o de 6 a\u00f1os quien presenta una herida  cortante en la planta del pie derecho causada por un resto de vidrio en la acera el ni\u00f1o  es atendido en el lugar se le realiza una curaci\u00f3n de la herida y se lo deja a cargo de sus padres.<\/p>\n<p> A pesar del mal clima se brind\u00f3 la seguridad del caso a los turistas en el dique de F\u00e1tima con 3 efectivos  y dos kayaks para rescate acu\u00e1tico y primeros auxilios<\/p>\n<p> S\u00e1bado 2<\/p>\n<p> Personal de Bomberos y seguridad ciudadana presentes en el dique las palmas dando seguridad<\/p>\n<p> Siendo las 14:20 y Por aviso del Bro.(v) Villafuerte Roger y Bro.(v) Grefa Rolando por radio a la central de radio de X1 quienes se encontraban designados en el paseo tur\u00edstico en brindar seguridad a personas  que se encuentran en el lugar, informan de una persona se encontraba herida al otro lado del rio Puyo y otra persona a orillas del mismo, al lugar se dirige la unidad A3, A4, R3 y R2, llegando al sitio de la emergencia se verifica que una persona de 41 a\u00f1os de edad se encuentra sin signos vitales,  por lo que se informa al Ecu-911 para que informe a la DINASED de polic\u00eda Nacional. Adicional en el mismo lugar se encontraba una persona herida, mismo que presenta laceraciones a nivel de labio superior, m\u00e1s laceraciones en parte superior de cr\u00e1neo, y con halitosis a alcohol mismo que fue atendido en el lugar.<br \/> Una vez verificado la novedad se procede a trasladar el cuerpo desde el otro lado del Rio hasta la camioneta de la DINASED de polic\u00eda nacional para los tr\u00e1mites legales de ley quedando a cargo del se\u00f1or Polic\u00eda Sargento Segundo Edison Sosa y unidad retornan a sus lugares designados.<\/p>\n<p> En el Parque Acu\u00e1tico  atienden a una paciente menor de  7 a\u00f1os qui\u00e9n presenta sangrado nasal (epitaxis) es atendida en el lugar. Quedando a cargo de la menor su padre.<\/p>\n<p> Por aviso del se\u00f1or comandante ING. Rolando Ramos a la central de radio de X1, la unidad B1 se dirige con PERSONAL  a verificar un enjambre de avispas en la Plazoleta \u00c1lvaro Valladares, una vez en lugar el personal capacitado en esa \u00e1rea procede a capturar a las avisas y trasladarle a una zona Segura que no causar\u00e1n ning\u00fan da\u00f1o a las personas.<\/p>\n<p> Por aviso a la central de radio de la estaci\u00f3n X1 Por parte del se\u00f1or sargento Naveda Marco donde informa de un accidente de tr\u00e1nsito en las calles 4 de enero y Loja, inmediatamente avanza la unidad B1 a verificar el incidente donde se visualiza que se trata de un cami\u00f3n (cama baja) quien transportaba un tractor mismo que se enreda con los cables el\u00e9ctricos de baja tensi\u00f3n y as\u00ed provocando la ca\u00edda de un poste y dejando la zona sin energ\u00eda el\u00e9ctrica, se procede a acordonar el \u00e1rea y as\u00ed proteger a los transe\u00fantes.  Una vez coordina con las entidades pertinentes y dejando el \u00e1rea segura.<\/p>\n<p> Lunes 3<\/p>\n<p> Continuando con el operativo de seguridad  el personal operativo del Cuerpo de Bomberos coordina con 32 efectivos destinados en los lugares estrat\u00e9gicos con m\u00e1s afluencia de turistas y ba\u00f1istas para prevenir y realizar maniobras de rescate  en accidentes en el agua. PUNTOS:  Diques Palmas, Pambay, F\u00e1tima, Parque Acu\u00e1tico, Paseo tur\u00edstico rio Puyo recorridos por Dique de Veracruz y Murialdo.<\/p>\n<p> Con el objetivo de cubrir al 100% los puntos de trabajo se coordina la entrega del 7-90  e hidrataci\u00f3n al personal operativo voluntario y rentado en el lugar<\/p>\n<p> Cumpliendo con el operativo se atiende a la ni\u00f1a de 13 a\u00f1os quien presenta poli-traumas en miembros inferiores y golpe en la cadera  producto de una ca\u00edda de su propia altura, en las gradas del Dique del Pambay se la deja a cargo de sus padres.<\/p>\n<p> Se realiza las maniobras de rescate acu\u00e1tico en el dique del Pambay cuando la  ni\u00f1a de 7 a\u00f1os de edad  intento cruzar el dique al no avanzar se aferra de su padre el mismo que no resisti\u00f3 el peso de la ni\u00f1a  desesper\u00e1ndose y sumergi\u00e9ndose  perdiendo el control, inmediatamente el personal se activa y realiza las t\u00e9cnicas de rescate acu\u00e1tico extrayendo a la ni\u00f1a y  ayudando a su padre a salir se le atiende a la ni\u00f1a en superficie y se la deja estable con sus familiares.<\/p>\n<p> Se realiza t\u00e9cnicas de rescate acu\u00e1tico en el dique de las Palmas al momento en que varios ni\u00f1os entre los 2 y 4 a\u00f1os, quienes jugaban en su boya y la cual por los juegos de los ni\u00f1os se voltea y caen de su boya sin poder nadar en aguas semi profundas inmediatamente se activa el personal realizando t\u00e9cnicas de rescate poniendo a buen resguardo a los ni\u00f1os entreg\u00e1ndoles a sus padres<\/p>\n<p><a href=\"https:\/\/scontent.fuio15-1.fna.fbcdn.net\/v\/t1.0-9\/76732963_1427941824028018_7918172514012889088_o.jpg?_nc_cat=100&#038;_nc_ohc=E1Y2Sy5wuDoAQndDiVjZaIqQqXJMnqpfJdomvC2A64tSpEIqFVSz_xbuA&#038;_nc_ht=scontent.fuio15-1.fna&#038;oh=91fcb9950011c6dfa1360d426ef4e82a&#038;oe=5EA6CC0C\"><img decoding=\"async\" class=\"wp_automatic_fb_img\" title=\"\" src=\"https:\/\/scontent.fuio15-1.fna.fbcdn.net\/v\/t1.0-9\/76732963_1427941824028018_7918172514012889088_o.jpg?_nc_cat=100&#038;_nc_ohc=E1Y2Sy5wuDoAQndDiVjZaIqQqXJMnqpfJdomvC2A64tSpEIqFVSz_xbuA&#038;_nc_ht=scontent.fuio15-1.fna&#038;oh=91fcb9950011c6dfa1360d426ef4e82a&#038;oe=5EA6CC0C\" \/><\/a><br \/><a href=\"https:\/\/scontent.fuio15-1.fna.fbcdn.net\/v\/t1.0-9\/75486006_1427942470694620_5573781301439234048_o.jpg?_nc_cat=109&#038;_nc_ohc=0P-h1U418BMAQlguyfzoce4jG6xzzsCkrwHvjk6b0wXQ3Ol05ZDupzKgg&#038;_nc_ht=scontent.fuio15-1.fna&#038;oh=d20b0e4ed7183971ab2ab8330b9eea60&#038;oe=5E790876\"><img decoding=\"async\" class=\"wp_automatic_fb_img\" title=\"\" src=\"https:\/\/scontent.fuio15-1.fna.fbcdn.net\/v\/t1.0-9\/75486006_1427942470694620_5573781301439234048_o.jpg?_nc_cat=109&#038;_nc_ohc=0P-h1U418BMAQlguyfzoce4jG6xzzsCkrwHvjk6b0wXQ3Ol05ZDupzKgg&#038;_nc_ht=scontent.fuio15-1.fna&#038;oh=d20b0e4ed7183971ab2ab8330b9eea60&#038;oe=5E790876\" \/><\/a><br \/><a href=\"https:\/\/scontent.fuio15-1.fna.fbcdn.net\/v\/t1.0-9\/73388524_1427942537361280_7453614647820681216_o.jpg?_nc_cat=104&#038;_nc_ohc=MszOeLfcNPAAQmudKMJrITpB61dmy7xlzuUA1W9RlWwQl3bAHTbJmW2iA&#038;_nc_ht=scontent.fuio15-1.fna&#038;oh=fdeef44cc4cc4f10e3d9091824a656a7&#038;oe=5E7E2CF7\"><img decoding=\"async\" class=\"wp_automatic_fb_img\" title=\"\" src=\"https:\/\/scontent.fuio15-1.fna.fbcdn.net\/v\/t1.0-9\/73388524_1427942537361280_7453614647820681216_o.jpg?_nc_cat=104&#038;_nc_ohc=MszOeLfcNPAAQmudKMJrITpB61dmy7xlzuUA1W9RlWwQl3bAHTbJmW2iA&#038;_nc_ht=scontent.fuio15-1.fna&#038;oh=fdeef44cc4cc4f10e3d9091824a656a7&#038;oe=5E7E2CF7\" \/><\/a><br \/><a href=\"https:\/\/scontent.fuio15-1.fna.fbcdn.net\/v\/t1.0-9\/74673193_1427942130694654_5787397418370727936_o.jpg?_nc_cat=102&#038;_nc_ohc=gNPR4Y7ZWf0AQnHbJdlrvwDoPf97MIv6D5ZHDfnMw-IR5rJgzm_fClEQA&#038;_nc_ht=scontent.fuio15-1.fna&#038;oh=0e6409f9fcb1d746014d874ebe054d24&#038;oe=5E7A7F66\"><img decoding=\"async\" class=\"wp_automatic_fb_img\" title=\"\" src=\"https:\/\/scontent.fuio15-1.fna.fbcdn.net\/v\/t1.0-9\/74673193_1427942130694654_5787397418370727936_o.jpg?_nc_cat=102&#038;_nc_ohc=gNPR4Y7ZWf0AQnHbJdlrvwDoPf97MIv6D5ZHDfnMw-IR5rJgzm_fClEQA&#038;_nc_ht=scontent.fuio15-1.fna&#038;oh=0e6409f9fcb1d746014d874ebe054d24&#038;oe=5E7A7F66\" \/><\/a><\/p>\n","protected":false},"author":1,"featured_media":990,"comment_status":"open","ping_status":"open","sticky":false,"template":"","format":"standard","meta":[],"categories":[1],"tags":[221,223,131,206,220,224,222],"_links":{"self":[{"href":"https:\/\/bomberos.puyo.gob.ec\/2019\/wp-json\/wp\/v2\/posts\/989"}],"collection":[{"href":"https:\/\/bomberos.puyo.gob.ec\/2019\/wp-json\/wp\/v2\/posts"}],"about":[{"href":"https:\/\/bomberos.puyo.gob.ec\/2019\/wp-json\/wp\/v2\/types\/post"}],"author":[{"embeddable":true,"href":"https:\/\/bomberos.puyo.gob.ec\/2019\/wp-json\/wp\/v2\/users\/1"}],"replies":[{"embeddable":true,"href":"https:\/\/bomberos.puyo.gob.ec\/2019\/wp-json\/wp\/v2\/comments?post=989"}],"version-history":[{"count":1,"href":"https:\/\/bomberos.puyo.gob.ec\/2019\/wp-json\/wp\/v2\/posts\/989\/revisions"}],"predecessor-version":[{"id":991,"href":"https:\/\/bomberos.puyo.gob.ec\/2019\/wp-json\/wp\/v2\/posts\/989\/revisions\/991"}],"wp:featuredmedia":[{"embeddable":true,"href":"https:\/\/bomberos.puyo.gob.ec\/2019\/wp-json\/wp\/v2\/media\/990"}],"wp:attachment":[{"href":"https:\/\/bomberos.puyo.gob.ec\/2019\/wp-json\/wp\/v2\/media?parent=989"}],"wp:term":[{"taxonomy":"category","embeddable":true,"href":"https:\/\/bomberos.puyo.gob.ec\/2019\/wp-json\/wp\/v2\/categories?post=989"},{"taxonomy":"post_tag","embeddable":true,"href":"https:\/\/bomberos.puyo.gob.ec\/2019\/wp-json\/wp\/v2\/tags?post=989"}],"curies":[{"name":"wp","href":"https:\/\/api.w.org\/{rel}","templated":true}]}}