{"id":986,"date":"2019-11-08T18:51:59","date_gmt":"2019-11-08T23:51:59","guid":{"rendered":"https:\/\/bomberos.puyo.gob.ec\/prevencion-seguridad-alzate-fiestasdeprovincializacion-en-la-expl\/"},"modified":"2019-12-20T19:58:11","modified_gmt":"2019-12-21T00:58:11","slug":"prevencion-seguridad-alzate-fiestasdeprovincializacion-en-la-expl","status":"publish","type":"post","link":"https:\/\/bomberos.puyo.gob.ec\/2019\/prevencion-seguridad-alzate-fiestasdeprovincializacion-en-la-expl\/","title":{"rendered":"| #PREVENCI\u00d3N | #SEGURIDAD | #ALZATE | #FIESTASDEPROVINCIALIZACION |\n En la expl&#8230;"},"content":{"rendered":"<p>| <a class=\"_58cn\" href=\"https:\/\/facebook.com\/hashtag\/prevenci&#xf3;n?source=feed_text&#038;epa=HASHTAG&#038;__xts__%5B0%5D=68.ARC3yX68aV65DzUUQ6s2u0cJrTNvW74iyDU66jyoC54R2dxrNQcikqwmrJyE7-_KtgI_Dy1DMGNXe_ImdtLU7_oaEJb3V9yL4y6UCh8eux0b68LQlzoTpMKsqRLUjCbk2r57hZMhExED55biLNrk7Vg98TK0ghhOjt4sOwJNmP5zP8rfYTEq69EtG8laJtTH7e8V-smxmtBfgl-gxjsHIm5rKUwftriQpXivlx80DXNjljvXaL5_s1XYoZtVbUBJ-c0H2cr6v3xOVs1hhV3K8yV_sguLEMOfWpNfDg_LF9ojzhalqbHp5SEtkhEtrmo4PvLf04dlgZGBUq-C5w96rWLMhQ&#038;__tn__=%2ANK-R\" data-ft=\"&#123;&quot;type&quot;:104,&quot;tn&quot;:&quot;*N&quot;&#125;\"><span class=\"_5afx\"><span aria-label=\"hashtag\" class=\"_58cl _5afz\">#PREVENCI\u00d3N<\/span><\/span><\/a> | <a class=\"_58cn\" href=\"https:\/\/facebook.com\/hashtag\/seguridad?source=feed_text&#038;epa=HASHTAG&#038;__xts__%5B0%5D=68.ARC3yX68aV65DzUUQ6s2u0cJrTNvW74iyDU66jyoC54R2dxrNQcikqwmrJyE7-_KtgI_Dy1DMGNXe_ImdtLU7_oaEJb3V9yL4y6UCh8eux0b68LQlzoTpMKsqRLUjCbk2r57hZMhExED55biLNrk7Vg98TK0ghhOjt4sOwJNmP5zP8rfYTEq69EtG8laJtTH7e8V-smxmtBfgl-gxjsHIm5rKUwftriQpXivlx80DXNjljvXaL5_s1XYoZtVbUBJ-c0H2cr6v3xOVs1hhV3K8yV_sguLEMOfWpNfDg_LF9ojzhalqbHp5SEtkhEtrmo4PvLf04dlgZGBUq-C5w96rWLMhQ&#038;__tn__=%2ANK-R\" data-ft=\"&#123;&quot;type&quot;:104,&quot;tn&quot;:&quot;*N&quot;&#125;\"><span class=\"_5afx\"><span aria-label=\"hashtag\" class=\"_58cl _5afz\">#SEGURIDAD<\/span><\/span><\/a> | <a class=\"_58cn\" href=\"https:\/\/facebook.com\/hashtag\/alzate?source=feed_text&#038;epa=HASHTAG&#038;__xts__%5B0%5D=68.ARC3yX68aV65DzUUQ6s2u0cJrTNvW74iyDU66jyoC54R2dxrNQcikqwmrJyE7-_KtgI_Dy1DMGNXe_ImdtLU7_oaEJb3V9yL4y6UCh8eux0b68LQlzoTpMKsqRLUjCbk2r57hZMhExED55biLNrk7Vg98TK0ghhOjt4sOwJNmP5zP8rfYTEq69EtG8laJtTH7e8V-smxmtBfgl-gxjsHIm5rKUwftriQpXivlx80DXNjljvXaL5_s1XYoZtVbUBJ-c0H2cr6v3xOVs1hhV3K8yV_sguLEMOfWpNfDg_LF9ojzhalqbHp5SEtkhEtrmo4PvLf04dlgZGBUq-C5w96rWLMhQ&#038;__tn__=%2ANK-R\" data-ft=\"&#123;&quot;type&quot;:104,&quot;tn&quot;:&quot;*N&quot;&#125;\"><span class=\"_5afx\"><span aria-label=\"hashtag\" class=\"_58cl _5afz\">#ALZATE<\/span><\/span><\/a> | <a class=\"_58cn\" href=\"https:\/\/facebook.com\/hashtag\/fiestasdeprovincializacion?source=feed_text&#038;epa=HASHTAG&#038;__xts__%5B0%5D=68.ARC3yX68aV65DzUUQ6s2u0cJrTNvW74iyDU66jyoC54R2dxrNQcikqwmrJyE7-_KtgI_Dy1DMGNXe_ImdtLU7_oaEJb3V9yL4y6UCh8eux0b68LQlzoTpMKsqRLUjCbk2r57hZMhExED55biLNrk7Vg98TK0ghhOjt4sOwJNmP5zP8rfYTEq69EtG8laJtTH7e8V-smxmtBfgl-gxjsHIm5rKUwftriQpXivlx80DXNjljvXaL5_s1XYoZtVbUBJ-c0H2cr6v3xOVs1hhV3K8yV_sguLEMOfWpNfDg_LF9ojzhalqbHp5SEtkhEtrmo4PvLf04dlgZGBUq-C5w96rWLMhQ&#038;__tn__=%2ANK-R\" data-ft=\"&#123;&quot;type&quot;:104,&quot;tn&quot;:&quot;*N&quot;&#125;\"><span class=\"_5afx\"><span aria-label=\"hashtag\" class=\"_58cl _5afz\">#FIESTASDEPROVINCIALIZACION<\/span><\/span><\/a> |<br \/> En la explanada del Estadio V\u00edctor Hugo Georgis se realiza la inspecci\u00f3n de las instalaciones el\u00e9ctricas, rutas de evacuaci\u00f3n de las personas y de las unidades de emergencia, todo este proceso se realiza con fin de mitigar cualquier tipo de riesgo que pueda ocasionar alguna eventualidad.<br \/> El personal de la guardia # 1 con 13 efectivos cubrir\u00e1 el evento ubicando personal y unidades en puntos estrat\u00e9gicos de mayor riesgo que puedan ocasionar alg\u00fan incidente, los efectivos asistir\u00e1n con equipo de protecci\u00f3n personal respectivo y equipos de atenci\u00f3n prehospitalaria.<\/p>\n<p><a href=\"https:\/\/bomberos.puyo.gob.ec\/2019\/wp-content\/uploads\/PREVENCION-SEGURIDAD-ALZATE-FIESTASDEPROVINCIALIZACION-En.fna&#038;oh=6e4261582f1c204fbe9fec536b3d6de4&#038;oe=5E6D00F1.jpeg\"><img decoding=\"async\" class=\"wp_automatic_fb_img\" title=\"\" src=\"https:\/\/bomberos.puyo.gob.ec\/2019\/wp-content\/uploads\/PREVENCION-SEGURIDAD-ALZATE-FIESTASDEPROVINCIALIZACION-En.fna&#038;oh=6e4261582f1c204fbe9fec536b3d6de4&#038;oe=5E6D00F1.jpeg\" \/><\/a><br \/><a href=\"https:\/\/bomberos.puyo.gob.ec\/2019\/wp-content\/uploads\/PREVENCION-SEGURIDAD-ALZATE-FIESTASDEPROVINCIALIZACION-En.fna&#038;oh=d82c19e5d1f621046e292afe7f8d066c&#038;oe=5EA9F237.jpeg\"><img decoding=\"async\" class=\"wp_automatic_fb_img\" title=\"\" src=\"https:\/\/bomberos.puyo.gob.ec\/2019\/wp-content\/uploads\/PREVENCION-SEGURIDAD-ALZATE-FIESTASDEPROVINCIALIZACION-En.fna&#038;oh=d82c19e5d1f621046e292afe7f8d066c&#038;oe=5EA9F237.jpeg\" \/><\/a><br \/><a href=\"https:\/\/bomberos.puyo.gob.ec\/2019\/wp-content\/uploads\/PREVENCION-SEGURIDAD-ALZATE-FIESTASDEPROVINCIALIZACION-En.fna&#038;oh=911149ab055be3852da53e5a8bcdcfe8&#038;oe=5EA70D73.jpeg\"><img decoding=\"async\" class=\"wp_automatic_fb_img\" title=\"\" src=\"https:\/\/bomberos.puyo.gob.ec\/2019\/wp-content\/uploads\/PREVENCION-SEGURIDAD-ALZATE-FIESTASDEPROVINCIALIZACION-En.fna&#038;oh=911149ab055be3852da53e5a8bcdcfe8&#038;oe=5EA70D73.jpeg\" \/><\/a><br \/><a href=\"https:\/\/bomberos.puyo.gob.ec\/2019\/wp-content\/uploads\/PREVENCION-SEGURIDAD-ALZATE-FIESTASDEPROVINCIALIZACION-En.fna&#038;oh=980793d5da25192838a9512cf73665f2&#038;oe=5E6876DE.jpeg\"><img decoding=\"async\" class=\"wp_automatic_fb_img\" title=\"\" src=\"https:\/\/bomberos.puyo.gob.ec\/2019\/wp-content\/uploads\/PREVENCION-SEGURIDAD-ALZATE-FIESTASDEPROVINCIALIZACION-En.fna&#038;oh=980793d5da25192838a9512cf73665f2&#038;oe=5E6876DE.jpeg\" \/><\/a><br \/>\n<br \/><a href=\"https:\/\/www.facebook.com\/465093860312824\/posts\/1430872303734970\">en facebook&#8230; <\/a>  <\/p>\n","protected":false},"excerpt":{"rendered":"<p>| <a class=\"_58cn\" href=\"https:\/\/facebook.com\/hashtag\/prevenci&#xf3;n?source=feed_text&#038;epa=HASHTAG&#038;__xts__%5B0%5D=68.ARC3yX68aV65DzUUQ6s2u0cJrTNvW74iyDU66jyoC54R2dxrNQcikqwmrJyE7-_KtgI_Dy1DMGNXe_ImdtLU7_oaEJb3V9yL4y6UCh8eux0b68LQlzoTpMKsqRLUjCbk2r57hZMhExED55biLNrk7Vg98TK0ghhOjt4sOwJNmP5zP8rfYTEq69EtG8laJtTH7e8V-smxmtBfgl-gxjsHIm5rKUwftriQpXivlx80DXNjljvXaL5_s1XYoZtVbUBJ-c0H2cr6v3xOVs1hhV3K8yV_sguLEMOfWpNfDg_LF9ojzhalqbHp5SEtkhEtrmo4PvLf04dlgZGBUq-C5w96rWLMhQ&#038;__tn__=%2ANK-R\" data-ft=\"&#123;&quot;type&quot;:104,&quot;tn&quot;:&quot;*N&quot;&#125;\"><span class=\"_5afx\"><span aria-label=\"hashtag\" class=\"_58cl _5afz\">#PREVENCI\u00d3N<\/span><\/span><\/a> | <a class=\"_58cn\" href=\"https:\/\/facebook.com\/hashtag\/seguridad?source=feed_text&#038;epa=HASHTAG&#038;__xts__%5B0%5D=68.ARC3yX68aV65DzUUQ6s2u0cJrTNvW74iyDU66jyoC54R2dxrNQcikqwmrJyE7-_KtgI_Dy1DMGNXe_ImdtLU7_oaEJb3V9yL4y6UCh8eux0b68LQlzoTpMKsqRLUjCbk2r57hZMhExED55biLNrk7Vg98TK0ghhOjt4sOwJNmP5zP8rfYTEq69EtG8laJtTH7e8V-smxmtBfgl-gxjsHIm5rKUwftriQpXivlx80DXNjljvXaL5_s1XYoZtVbUBJ-c0H2cr6v3xOVs1hhV3K8yV_sguLEMOfWpNfDg_LF9ojzhalqbHp5SEtkhEtrmo4PvLf04dlgZGBUq-C5w96rWLMhQ&#038;__tn__=%2ANK-R\" data-ft=\"&#123;&quot;type&quot;:104,&quot;tn&quot;:&quot;*N&quot;&#125;\"><span class=\"_5afx\"><span aria-label=\"hashtag\" class=\"_58cl _5afz\">#SEGURIDAD<\/span><\/span><\/a> | <a class=\"_58cn\" href=\"https:\/\/facebook.com\/hashtag\/alzate?source=feed_text&#038;epa=HASHTAG&#038;__xts__%5B0%5D=68.ARC3yX68aV65DzUUQ6s2u0cJrTNvW74iyDU66jyoC54R2dxrNQcikqwmrJyE7-_KtgI_Dy1DMGNXe_ImdtLU7_oaEJb3V9yL4y6UCh8eux0b68LQlzoTpMKsqRLUjCbk2r57hZMhExED55biLNrk7Vg98TK0ghhOjt4sOwJNmP5zP8rfYTEq69EtG8laJtTH7e8V-smxmtBfgl-gxjsHIm5rKUwftriQpXivlx80DXNjljvXaL5_s1XYoZtVbUBJ-c0H2cr6v3xOVs1hhV3K8yV_sguLEMOfWpNfDg_LF9ojzhalqbHp5SEtkhEtrmo4PvLf04dlgZGBUq-C5w96rWLMhQ&#038;__tn__=%2ANK-R\" data-ft=\"&#123;&quot;type&quot;:104,&quot;tn&quot;:&quot;*N&quot;&#125;\"><span class=\"_5afx\"><span aria-label=\"hashtag\" class=\"_58cl _5afz\">#ALZATE<\/span><\/span><\/a> | <a class=\"_58cn\" href=\"https:\/\/facebook.com\/hashtag\/fiestasdeprovincializacion?source=feed_text&#038;epa=HASHTAG&#038;__xts__%5B0%5D=68.ARC3yX68aV65DzUUQ6s2u0cJrTNvW74iyDU66jyoC54R2dxrNQcikqwmrJyE7-_KtgI_Dy1DMGNXe_ImdtLU7_oaEJb3V9yL4y6UCh8eux0b68LQlzoTpMKsqRLUjCbk2r57hZMhExED55biLNrk7Vg98TK0ghhOjt4sOwJNmP5zP8rfYTEq69EtG8laJtTH7e8V-smxmtBfgl-gxjsHIm5rKUwftriQpXivlx80DXNjljvXaL5_s1XYoZtVbUBJ-c0H2cr6v3xOVs1hhV3K8yV_sguLEMOfWpNfDg_LF9ojzhalqbHp5SEtkhEtrmo4PvLf04dlgZGBUq-C5w96rWLMhQ&#038;__tn__=%2ANK-R\" data-ft=\"&#123;&quot;type&quot;:104,&quot;tn&quot;:&quot;*N&quot;&#125;\"><span class=\"_5afx\"><span aria-label=\"hashtag\" class=\"_58cl _5afz\">#FIESTASDEPROVINCIALIZACION<\/span><\/span><\/a> |<br \/> En la explanada del Estadio V\u00edctor Hugo Georgis se realiza la inspecci\u00f3n de las instalaciones el\u00e9ctricas, rutas de evacuaci\u00f3n de las personas y de las unidades de emergencia, todo este proceso se realiza con fin de mitigar cualquier tipo de riesgo que pueda ocasionar alguna eventualidad.<br \/> El personal de la guardia # 1 con 13 efectivos cubrir\u00e1 el evento ubicando personal y unidades en puntos estrat\u00e9gicos de mayor riesgo que puedan ocasionar alg\u00fan incidente, los efectivos asistir\u00e1n con equipo de protecci\u00f3n personal respectivo y equipos de atenci\u00f3n prehospitalaria.<\/p>\n<p><a href=\"https:\/\/scontent.fuio15-1.fna.fbcdn.net\/v\/t1.0-9\/75456766_1430871747068359_2805766795762335744_o.jpg?_nc_cat=105&#038;_nc_ohc=Vj4G9I9tQJ8AQmmyCE2TfAstU_e2oczSnxwSBhwkMFmwu4qj2zQxHpYZA&#038;_nc_ht=scontent.fuio15-1.fna&#038;oh=6e4261582f1c204fbe9fec536b3d6de4&#038;oe=5E6D00F1\"><img decoding=\"async\" class=\"wp_automatic_fb_img\" title=\"\" src=\"https:\/\/scontent.fuio15-1.fna.fbcdn.net\/v\/t1.0-9\/75456766_1430871747068359_2805766795762335744_o.jpg?_nc_cat=105&#038;_nc_ohc=Vj4G9I9tQJ8AQmmyCE2TfAstU_e2oczSnxwSBhwkMFmwu4qj2zQxHpYZA&#038;_nc_ht=scontent.fuio15-1.fna&#038;oh=6e4261582f1c204fbe9fec536b3d6de4&#038;oe=5E6D00F1\" \/><\/a><br \/><a href=\"https:\/\/scontent.fuio15-1.fna.fbcdn.net\/v\/t1.0-9\/74181616_1430871777068356_2056425578206068736_o.jpg?_nc_cat=107&#038;_nc_ohc=sbOExWSiTVEAQms6GBfNFz6serYhdBczDJADjDVQLnm48sCcFXuc2T3cQ&#038;_nc_ht=scontent.fuio15-1.fna&#038;oh=d82c19e5d1f621046e292afe7f8d066c&#038;oe=5EA9F237\"><img decoding=\"async\" class=\"wp_automatic_fb_img\" title=\"\" src=\"https:\/\/scontent.fuio15-1.fna.fbcdn.net\/v\/t1.0-9\/74181616_1430871777068356_2056425578206068736_o.jpg?_nc_cat=107&#038;_nc_ohc=sbOExWSiTVEAQms6GBfNFz6serYhdBczDJADjDVQLnm48sCcFXuc2T3cQ&#038;_nc_ht=scontent.fuio15-1.fna&#038;oh=d82c19e5d1f621046e292afe7f8d066c&#038;oe=5EA9F237\" \/><\/a><br \/><a href=\"https:\/\/scontent.fuio15-1.fna.fbcdn.net\/v\/t1.0-9\/75446792_1430871760401691_5185612546752643072_o.jpg?_nc_cat=102&#038;_nc_ohc=DvhJXxVawZkAQmoeBATXmV8KXSkUJ3vSzB8UkysEAReTMIHWLSUe-FFqA&#038;_nc_ht=scontent.fuio15-1.fna&#038;oh=911149ab055be3852da53e5a8bcdcfe8&#038;oe=5EA70D73\"><img decoding=\"async\" class=\"wp_automatic_fb_img\" title=\"\" src=\"https:\/\/scontent.fuio15-1.fna.fbcdn.net\/v\/t1.0-9\/75446792_1430871760401691_5185612546752643072_o.jpg?_nc_cat=102&#038;_nc_ohc=DvhJXxVawZkAQmoeBATXmV8KXSkUJ3vSzB8UkysEAReTMIHWLSUe-FFqA&#038;_nc_ht=scontent.fuio15-1.fna&#038;oh=911149ab055be3852da53e5a8bcdcfe8&#038;oe=5EA70D73\" \/><\/a><br \/><a href=\"https:\/\/scontent.fuio15-1.fna.fbcdn.net\/v\/t1.0-9\/75348897_1430871843735016_8686640221665624064_o.jpg?_nc_cat=105&#038;_nc_ohc=2AZTko-QIoMAQnxJO9z99o8YpMelHpxIp8QNncuchV1kqVa2R1Jx63cBA&#038;_nc_ht=scontent.fuio15-1.fna&#038;oh=980793d5da25192838a9512cf73665f2&#038;oe=5E6876DE\"><img decoding=\"async\" class=\"wp_automatic_fb_img\" title=\"\" src=\"https:\/\/scontent.fuio15-1.fna.fbcdn.net\/v\/t1.0-9\/75348897_1430871843735016_8686640221665624064_o.jpg?_nc_cat=105&#038;_nc_ohc=2AZTko-QIoMAQnxJO9z99o8YpMelHpxIp8QNncuchV1kqVa2R1Jx63cBA&#038;_nc_ht=scontent.fuio15-1.fna&#038;oh=980793d5da25192838a9512cf73665f2&#038;oe=5E6876DE\" \/><\/a><\/p>\n","protected":false},"author":1,"featured_media":987,"comment_status":"open","ping_status":"open","sticky":false,"template":"","format":"standard","meta":[],"categories":[1],"tags":[217,219,218,39,38],"_links":{"self":[{"href":"https:\/\/bomberos.puyo.gob.ec\/2019\/wp-json\/wp\/v2\/posts\/986"}],"collection":[{"href":"https:\/\/bomberos.puyo.gob.ec\/2019\/wp-json\/wp\/v2\/posts"}],"about":[{"href":"https:\/\/bomberos.puyo.gob.ec\/2019\/wp-json\/wp\/v2\/types\/post"}],"author":[{"embeddable":true,"href":"https:\/\/bomberos.puyo.gob.ec\/2019\/wp-json\/wp\/v2\/users\/1"}],"replies":[{"embeddable":true,"href":"https:\/\/bomberos.puyo.gob.ec\/2019\/wp-json\/wp\/v2\/comments?post=986"}],"version-history":[{"count":1,"href":"https:\/\/bomberos.puyo.gob.ec\/2019\/wp-json\/wp\/v2\/posts\/986\/revisions"}],"predecessor-version":[{"id":988,"href":"https:\/\/bomberos.puyo.gob.ec\/2019\/wp-json\/wp\/v2\/posts\/986\/revisions\/988"}],"wp:featuredmedia":[{"embeddable":true,"href":"https:\/\/bomberos.puyo.gob.ec\/2019\/wp-json\/wp\/v2\/media\/987"}],"wp:attachment":[{"href":"https:\/\/bomberos.puyo.gob.ec\/2019\/wp-json\/wp\/v2\/media?parent=986"}],"wp:term":[{"taxonomy":"category","embeddable":true,"href":"https:\/\/bomberos.puyo.gob.ec\/2019\/wp-json\/wp\/v2\/categories?post=986"},{"taxonomy":"post_tag","embeddable":true,"href":"https:\/\/bomberos.puyo.gob.ec\/2019\/wp-json\/wp\/v2\/tags?post=986"}],"curies":[{"name":"wp","href":"https:\/\/api.w.org\/{rel}","templated":true}]}}