{"id":983,"date":"2019-11-08T23:25:15","date_gmt":"2019-11-09T04:25:15","guid":{"rendered":"https:\/\/bomberos.puyo.gob.ec\/ecu911-incendio-por-llamado-del-ecu-911-la-unidad-b1-se-dirige-atender\/"},"modified":"2019-12-20T17:47:33","modified_gmt":"2019-12-20T22:47:33","slug":"ecu911-incendio-por-llamado-del-ecu-911-la-unidad-b1-se-dirige-atender","status":"publish","type":"post","link":"https:\/\/bomberos.puyo.gob.ec\/2019\/ecu911-incendio-por-llamado-del-ecu-911-la-unidad-b1-se-dirige-atender\/","title":{"rendered":"| #ECU911 | #INCENDIO |\n Por llamado del Ecu-911 La unidad B1 se dirige atender &#8230;"},"content":{"rendered":"<p>| <a class=\"_58cn\" href=\"https:\/\/facebook.com\/hashtag\/ecu911?source=feed_text&#038;epa=HASHTAG&#038;__xts__%5B0%5D=68.ARBCvfaidNlyr4CUGY3J-KJKDgWCpGNeU03r7WHbRWDBsRPx6Ub5SgcqEPqDhrxsBe9301Nu31iSPG3HwFEH9ar4HmbD_j3OF4lbZZmU-Vfd-MKr0RwuynbK1FyY8FAQbQYFy5OjjRphVb1UvuyMld2W18n2g5dhV0k5gKdbm-00tYRP5VyOQ5SaQ0f3Yfq3J2oFT1um0dJKGCRSHDW0fL2TVyTpKHetCd0VDc9nXGX4nTcmcWWEBsLHbiwaZRRQDdvyw7r91aLcjrbmz7i2JvaPyQObSxp69ySb56ZQeRJnYwMZoTGiY72JGoEaf_LzlmMkpimPdGaerBvq71n4i6o4EQ&#038;__tn__=%2ANK-R\" data-ft=\"&#123;&quot;type&quot;:104,&quot;tn&quot;:&quot;*N&quot;&#125;\"><span class=\"_5afx\"><span aria-label=\"hashtag\" class=\"_58cl _5afz\">#ECU911<\/span><\/span><\/a> | <a class=\"_58cn\" href=\"https:\/\/facebook.com\/hashtag\/incendio?source=feed_text&#038;epa=HASHTAG&#038;__xts__%5B0%5D=68.ARBCvfaidNlyr4CUGY3J-KJKDgWCpGNeU03r7WHbRWDBsRPx6Ub5SgcqEPqDhrxsBe9301Nu31iSPG3HwFEH9ar4HmbD_j3OF4lbZZmU-Vfd-MKr0RwuynbK1FyY8FAQbQYFy5OjjRphVb1UvuyMld2W18n2g5dhV0k5gKdbm-00tYRP5VyOQ5SaQ0f3Yfq3J2oFT1um0dJKGCRSHDW0fL2TVyTpKHetCd0VDc9nXGX4nTcmcWWEBsLHbiwaZRRQDdvyw7r91aLcjrbmz7i2JvaPyQObSxp69ySb56ZQeRJnYwMZoTGiY72JGoEaf_LzlmMkpimPdGaerBvq71n4i6o4EQ&#038;__tn__=%2ANK-R\" data-ft=\"&#123;&quot;type&quot;:104,&quot;tn&quot;:&quot;*N&quot;&#125;\"><span class=\"_5afx\"><span aria-label=\"hashtag\" class=\"_58cl _5afz\">#INCENDIO<\/span><\/span><\/a> |<br \/> Por llamado del Ecu-911 La unidad B1 se dirige atender un incendio tras el cementerio Municipal del Cant\u00f3n Pastaza, llegando se verifica que se a quemado un colch\u00f3n en el domicilio por lo que se ventila el \u00e1rea, se da recomendaciones al propietario y se deja el \u00e1rea segura y la unidad retorna a la estaci\u00f3n sin otra novedad.<\/p>\n<p><a href=\"https:\/\/bomberos.puyo.gob.ec\/2019\/wp-content\/uploads\/ECU911-INCENDIO-Por-llamado-del-Ecu-911-La.fna&#038;oh=80ee895ed90645ad72b79cf26acf28cb&#038;oe=5E78915C.jpeg\"><img decoding=\"async\" class=\"wp_automatic_fb_img\" title=\"\" src=\"https:\/\/bomberos.puyo.gob.ec\/2019\/wp-content\/uploads\/ECU911-INCENDIO-Por-llamado-del-Ecu-911-La.fna&#038;oh=80ee895ed90645ad72b79cf26acf28cb&#038;oe=5E78915C.jpeg\" \/><\/a><br \/>\n<br \/><a href=\"https:\/\/www.facebook.com\/465093860312824\/posts\/1431047257050808\">en facebook&#8230; <\/a>  <\/p>\n","protected":false},"excerpt":{"rendered":"<p>| <a class=\"_58cn\" href=\"https:\/\/facebook.com\/hashtag\/ecu911?source=feed_text&#038;epa=HASHTAG&#038;__xts__%5B0%5D=68.ARBCvfaidNlyr4CUGY3J-KJKDgWCpGNeU03r7WHbRWDBsRPx6Ub5SgcqEPqDhrxsBe9301Nu31iSPG3HwFEH9ar4HmbD_j3OF4lbZZmU-Vfd-MKr0RwuynbK1FyY8FAQbQYFy5OjjRphVb1UvuyMld2W18n2g5dhV0k5gKdbm-00tYRP5VyOQ5SaQ0f3Yfq3J2oFT1um0dJKGCRSHDW0fL2TVyTpKHetCd0VDc9nXGX4nTcmcWWEBsLHbiwaZRRQDdvyw7r91aLcjrbmz7i2JvaPyQObSxp69ySb56ZQeRJnYwMZoTGiY72JGoEaf_LzlmMkpimPdGaerBvq71n4i6o4EQ&#038;__tn__=%2ANK-R\" data-ft=\"&#123;&quot;type&quot;:104,&quot;tn&quot;:&quot;*N&quot;&#125;\"><span class=\"_5afx\"><span aria-label=\"hashtag\" class=\"_58cl _5afz\">#ECU911<\/span><\/span><\/a> | <a class=\"_58cn\" href=\"https:\/\/facebook.com\/hashtag\/incendio?source=feed_text&#038;epa=HASHTAG&#038;__xts__%5B0%5D=68.ARBCvfaidNlyr4CUGY3J-KJKDgWCpGNeU03r7WHbRWDBsRPx6Ub5SgcqEPqDhrxsBe9301Nu31iSPG3HwFEH9ar4HmbD_j3OF4lbZZmU-Vfd-MKr0RwuynbK1FyY8FAQbQYFy5OjjRphVb1UvuyMld2W18n2g5dhV0k5gKdbm-00tYRP5VyOQ5SaQ0f3Yfq3J2oFT1um0dJKGCRSHDW0fL2TVyTpKHetCd0VDc9nXGX4nTcmcWWEBsLHbiwaZRRQDdvyw7r91aLcjrbmz7i2JvaPyQObSxp69ySb56ZQeRJnYwMZoTGiY72JGoEaf_LzlmMkpimPdGaerBvq71n4i6o4EQ&#038;__tn__=%2ANK-R\" data-ft=\"&#123;&quot;type&quot;:104,&quot;tn&quot;:&quot;*N&quot;&#125;\"><span class=\"_5afx\"><span aria-label=\"hashtag\" class=\"_58cl _5afz\">#INCENDIO<\/span><\/span><\/a> |<br \/> Por llamado del Ecu-911 La unidad B1 se dirige atender un incendio tras el cementerio Municipal del Cant\u00f3n Pastaza, llegando se verifica que se a quemado un colch\u00f3n en el domicilio por lo que se ventila el \u00e1rea, se da recomendaciones al propietario y se deja el \u00e1rea segura y la unidad retorna a la estaci\u00f3n sin otra novedad.<\/p>\n<p><a href=\"https:\/\/scontent.fuio15-1.fna.fbcdn.net\/v\/t1.0-9\/76638444_1431047203717480_1956103556012441600_o.jpg?_nc_cat=107&#038;_nc_ohc=Rpq82q0gvjIAQmoKlMna6J5jDyFzjQscquzoD9tC5nq5NMcbQ9wM3ONFw&#038;_nc_ht=scontent.fuio15-1.fna&#038;oh=80ee895ed90645ad72b79cf26acf28cb&#038;oe=5E78915C\"><img decoding=\"async\" class=\"wp_automatic_fb_img\" title=\"\" src=\"https:\/\/scontent.fuio15-1.fna.fbcdn.net\/v\/t1.0-9\/76638444_1431047203717480_1956103556012441600_o.jpg?_nc_cat=107&#038;_nc_ohc=Rpq82q0gvjIAQmoKlMna6J5jDyFzjQscquzoD9tC5nq5NMcbQ9wM3ONFw&#038;_nc_ht=scontent.fuio15-1.fna&#038;oh=80ee895ed90645ad72b79cf26acf28cb&#038;oe=5E78915C\" \/><\/a><\/p>\n","protected":false},"author":1,"featured_media":984,"comment_status":"open","ping_status":"open","sticky":false,"template":"","format":"standard","meta":[],"categories":[1],"tags":[216,32,86,69,46,31,30,41],"_links":{"self":[{"href":"https:\/\/bomberos.puyo.gob.ec\/2019\/wp-json\/wp\/v2\/posts\/983"}],"collection":[{"href":"https:\/\/bomberos.puyo.gob.ec\/2019\/wp-json\/wp\/v2\/posts"}],"about":[{"href":"https:\/\/bomberos.puyo.gob.ec\/2019\/wp-json\/wp\/v2\/types\/post"}],"author":[{"embeddable":true,"href":"https:\/\/bomberos.puyo.gob.ec\/2019\/wp-json\/wp\/v2\/users\/1"}],"replies":[{"embeddable":true,"href":"https:\/\/bomberos.puyo.gob.ec\/2019\/wp-json\/wp\/v2\/comments?post=983"}],"version-history":[{"count":1,"href":"https:\/\/bomberos.puyo.gob.ec\/2019\/wp-json\/wp\/v2\/posts\/983\/revisions"}],"predecessor-version":[{"id":985,"href":"https:\/\/bomberos.puyo.gob.ec\/2019\/wp-json\/wp\/v2\/posts\/983\/revisions\/985"}],"wp:featuredmedia":[{"embeddable":true,"href":"https:\/\/bomberos.puyo.gob.ec\/2019\/wp-json\/wp\/v2\/media\/984"}],"wp:attachment":[{"href":"https:\/\/bomberos.puyo.gob.ec\/2019\/wp-json\/wp\/v2\/media?parent=983"}],"wp:term":[{"taxonomy":"category","embeddable":true,"href":"https:\/\/bomberos.puyo.gob.ec\/2019\/wp-json\/wp\/v2\/categories?post=983"},{"taxonomy":"post_tag","embeddable":true,"href":"https:\/\/bomberos.puyo.gob.ec\/2019\/wp-json\/wp\/v2\/tags?post=983"}],"curies":[{"name":"wp","href":"https:\/\/api.w.org\/{rel}","templated":true}]}}