{"id":980,"date":"2019-11-08T23:27:37","date_gmt":"2019-11-09T04:27:37","guid":{"rendered":"https:\/\/bomberos.puyo.gob.ec\/ecu911-emergenciamedica-por-llamado-del-ecu-911-la-unidad-a3-atienden-u\/"},"modified":"2019-12-20T16:42:51","modified_gmt":"2019-12-20T21:42:51","slug":"ecu911-emergenciamedica-por-llamado-del-ecu-911-la-unidad-a3-atienden-u","status":"publish","type":"post","link":"https:\/\/bomberos.puyo.gob.ec\/2019\/ecu911-emergenciamedica-por-llamado-del-ecu-911-la-unidad-a3-atienden-u\/","title":{"rendered":"| #ECU911 | #EMERGENCIAMEDICA |\n Por llamado del ECU-911 la unidad A3 atienden u&#8230;"},"content":{"rendered":"<p>| <a class=\"_58cn\" href=\"https:\/\/facebook.com\/hashtag\/ecu911?source=feed_text&#038;epa=HASHTAG&#038;__xts__%5B0%5D=68.ARDZNuL2j8nqOWwEl-rb6Ae4APzHR-fhlNqNj30ZTyOk3HwPzMgafYPyUvxZWkhENhldyN1_aZh5LXLBqE8YCRl0FyaVSzY1chiXX6Kd_-FW6-bDzMu7t6ciYKHtptH8dwN4T6McrrJeLOE6vRMmpxNcwm6eZ4zWMYs52gJ45ey8TJ8ujXRbsyPY48g2tPiuKnoFBnd_UFEBi1tF4jzsUQH7YI_vmeob_VGmrRO8br4Zra1oXsNdtrp_t2N_F0uqtjz83D-ZehUA_SlyHMiD5_0mgNZqq2xlNcVLN9Cb_lWpmp631gSX6HjrVG2czCpjgMi4dstvqm-BqvNjsqesjT465Q&#038;__tn__=%2ANK-R\" data-ft=\"&#123;&quot;type&quot;:104,&quot;tn&quot;:&quot;*N&quot;&#125;\"><span class=\"_5afx\"><span aria-label=\"hashtag\" class=\"_58cl _5afz\">#ECU911<\/span><\/span><\/a> | <a class=\"_58cn\" href=\"https:\/\/facebook.com\/hashtag\/emergenciamedica?source=feed_text&#038;epa=HASHTAG&#038;__xts__%5B0%5D=68.ARDZNuL2j8nqOWwEl-rb6Ae4APzHR-fhlNqNj30ZTyOk3HwPzMgafYPyUvxZWkhENhldyN1_aZh5LXLBqE8YCRl0FyaVSzY1chiXX6Kd_-FW6-bDzMu7t6ciYKHtptH8dwN4T6McrrJeLOE6vRMmpxNcwm6eZ4zWMYs52gJ45ey8TJ8ujXRbsyPY48g2tPiuKnoFBnd_UFEBi1tF4jzsUQH7YI_vmeob_VGmrRO8br4Zra1oXsNdtrp_t2N_F0uqtjz83D-ZehUA_SlyHMiD5_0mgNZqq2xlNcVLN9Cb_lWpmp631gSX6HjrVG2czCpjgMi4dstvqm-BqvNjsqesjT465Q&#038;__tn__=%2ANK-R\" data-ft=\"&#123;&quot;type&quot;:104,&quot;tn&quot;:&quot;*N&quot;&#125;\"><span class=\"_5afx\"><span aria-label=\"hashtag\" class=\"_58cl _5afz\">#EMERGENCIAMEDICA<\/span><\/span><\/a> |<br \/> Por llamado del ECU-911 la unidad A3 atienden una emergencia m\u00e9dica en el concierto del estadio V\u00edctor Hugo Georgis a la paciente de  25 a\u00f1os de edad quien presenta dos heridas punzantes a nivel del om\u00f3plato del lado izquierdo producto de un ataque con un palillo de pincho, por lo que fue atendida en el lugar debido a que se negaba a ser trasladada hasta una casa asistencial de salud.<\/p>\n<p><a href=\"https:\/\/bomberos.puyo.gob.ec\/2019\/wp-content\/uploads\/ECU911-EMERGENCIAMEDICA-Por-llamado-del-ECU-911-la.fna&#038;oh=b308a47ed190bb8697e9d56bba6d0f0d&#038;oe=5EA8C91C.jpeg\"><img decoding=\"async\" class=\"wp_automatic_fb_img\" title=\"\" src=\"https:\/\/bomberos.puyo.gob.ec\/2019\/wp-content\/uploads\/ECU911-EMERGENCIAMEDICA-Por-llamado-del-ECU-911-la.fna&#038;oh=b308a47ed190bb8697e9d56bba6d0f0d&#038;oe=5EA8C91C.jpeg\" \/><\/a><br \/>\n<br \/><a href=\"https:\/\/www.facebook.com\/465093860312824\/posts\/1431048663717334\">en facebook&#8230; <\/a>  <\/p>\n","protected":false},"excerpt":{"rendered":"<p>| <a class=\"_58cn\" href=\"https:\/\/facebook.com\/hashtag\/ecu911?source=feed_text&#038;epa=HASHTAG&#038;__xts__%5B0%5D=68.ARDZNuL2j8nqOWwEl-rb6Ae4APzHR-fhlNqNj30ZTyOk3HwPzMgafYPyUvxZWkhENhldyN1_aZh5LXLBqE8YCRl0FyaVSzY1chiXX6Kd_-FW6-bDzMu7t6ciYKHtptH8dwN4T6McrrJeLOE6vRMmpxNcwm6eZ4zWMYs52gJ45ey8TJ8ujXRbsyPY48g2tPiuKnoFBnd_UFEBi1tF4jzsUQH7YI_vmeob_VGmrRO8br4Zra1oXsNdtrp_t2N_F0uqtjz83D-ZehUA_SlyHMiD5_0mgNZqq2xlNcVLN9Cb_lWpmp631gSX6HjrVG2czCpjgMi4dstvqm-BqvNjsqesjT465Q&#038;__tn__=%2ANK-R\" data-ft=\"&#123;&quot;type&quot;:104,&quot;tn&quot;:&quot;*N&quot;&#125;\"><span class=\"_5afx\"><span aria-label=\"hashtag\" class=\"_58cl _5afz\">#ECU911<\/span><\/span><\/a> | <a class=\"_58cn\" href=\"https:\/\/facebook.com\/hashtag\/emergenciamedica?source=feed_text&#038;epa=HASHTAG&#038;__xts__%5B0%5D=68.ARDZNuL2j8nqOWwEl-rb6Ae4APzHR-fhlNqNj30ZTyOk3HwPzMgafYPyUvxZWkhENhldyN1_aZh5LXLBqE8YCRl0FyaVSzY1chiXX6Kd_-FW6-bDzMu7t6ciYKHtptH8dwN4T6McrrJeLOE6vRMmpxNcwm6eZ4zWMYs52gJ45ey8TJ8ujXRbsyPY48g2tPiuKnoFBnd_UFEBi1tF4jzsUQH7YI_vmeob_VGmrRO8br4Zra1oXsNdtrp_t2N_F0uqtjz83D-ZehUA_SlyHMiD5_0mgNZqq2xlNcVLN9Cb_lWpmp631gSX6HjrVG2czCpjgMi4dstvqm-BqvNjsqesjT465Q&#038;__tn__=%2ANK-R\" data-ft=\"&#123;&quot;type&quot;:104,&quot;tn&quot;:&quot;*N&quot;&#125;\"><span class=\"_5afx\"><span aria-label=\"hashtag\" class=\"_58cl _5afz\">#EMERGENCIAMEDICA<\/span><\/span><\/a> |<br \/> Por llamado del ECU-911 la unidad A3 atienden una emergencia m\u00e9dica en el concierto del estadio V\u00edctor Hugo Georgis a la paciente de  25 a\u00f1os de edad quien presenta dos heridas punzantes a nivel del om\u00f3plato del lado izquierdo producto de un ataque con un palillo de pincho, por lo que fue atendida en el lugar debido a que se negaba a ser trasladada hasta una casa asistencial de salud.<\/p>\n<p><a href=\"https:\/\/scontent.fuio15-1.fna.fbcdn.net\/v\/t1.0-9\/74887160_1431048423717358_2252585908664532992_o.jpg?_nc_cat=100&#038;_nc_ohc=eEeYcS0d3r0AQlI71sR1cScGj9kdFMd3BZrCmFQrLdW4bPNIvHp3x_C8g&#038;_nc_ht=scontent.fuio15-1.fna&#038;oh=b308a47ed190bb8697e9d56bba6d0f0d&#038;oe=5EA8C91C\"><img decoding=\"async\" class=\"wp_automatic_fb_img\" title=\"\" src=\"https:\/\/scontent.fuio15-1.fna.fbcdn.net\/v\/t1.0-9\/74887160_1431048423717358_2252585908664532992_o.jpg?_nc_cat=100&#038;_nc_ohc=eEeYcS0d3r0AQlI71sR1cScGj9kdFMd3BZrCmFQrLdW4bPNIvHp3x_C8g&#038;_nc_ht=scontent.fuio15-1.fna&#038;oh=b308a47ed190bb8697e9d56bba6d0f0d&#038;oe=5EA8C91C\" \/><\/a><\/p>\n","protected":false},"author":1,"featured_media":981,"comment_status":"open","ping_status":"open","sticky":false,"template":"","format":"standard","meta":[],"categories":[1],"tags":[215,32,69,29,31,30,41],"_links":{"self":[{"href":"https:\/\/bomberos.puyo.gob.ec\/2019\/wp-json\/wp\/v2\/posts\/980"}],"collection":[{"href":"https:\/\/bomberos.puyo.gob.ec\/2019\/wp-json\/wp\/v2\/posts"}],"about":[{"href":"https:\/\/bomberos.puyo.gob.ec\/2019\/wp-json\/wp\/v2\/types\/post"}],"author":[{"embeddable":true,"href":"https:\/\/bomberos.puyo.gob.ec\/2019\/wp-json\/wp\/v2\/users\/1"}],"replies":[{"embeddable":true,"href":"https:\/\/bomberos.puyo.gob.ec\/2019\/wp-json\/wp\/v2\/comments?post=980"}],"version-history":[{"count":1,"href":"https:\/\/bomberos.puyo.gob.ec\/2019\/wp-json\/wp\/v2\/posts\/980\/revisions"}],"predecessor-version":[{"id":982,"href":"https:\/\/bomberos.puyo.gob.ec\/2019\/wp-json\/wp\/v2\/posts\/980\/revisions\/982"}],"wp:featuredmedia":[{"embeddable":true,"href":"https:\/\/bomberos.puyo.gob.ec\/2019\/wp-json\/wp\/v2\/media\/981"}],"wp:attachment":[{"href":"https:\/\/bomberos.puyo.gob.ec\/2019\/wp-json\/wp\/v2\/media?parent=980"}],"wp:term":[{"taxonomy":"category","embeddable":true,"href":"https:\/\/bomberos.puyo.gob.ec\/2019\/wp-json\/wp\/v2\/categories?post=980"},{"taxonomy":"post_tag","embeddable":true,"href":"https:\/\/bomberos.puyo.gob.ec\/2019\/wp-json\/wp\/v2\/tags?post=980"}],"curies":[{"name":"wp","href":"https:\/\/api.w.org\/{rel}","templated":true}]}}