{"id":974,"date":"2019-11-09T01:29:19","date_gmt":"2019-11-09T06:29:19","guid":{"rendered":"https:\/\/bomberos.puyo.gob.ec\/ecu911-emergenciamedica-por-llamado-del-servicio-integrado-de-seguridad\/"},"modified":"2019-12-20T14:23:51","modified_gmt":"2019-12-20T19:23:51","slug":"ecu911-emergenciamedica-por-llamado-del-servicio-integrado-de-seguridad","status":"publish","type":"post","link":"https:\/\/bomberos.puyo.gob.ec\/2019\/ecu911-emergenciamedica-por-llamado-del-servicio-integrado-de-seguridad\/","title":{"rendered":"| #ECU911 | #EMERGENCIAMEDICA |\n Por llamado del Servicio Integrado de Seguridad&#8230;"},"content":{"rendered":"<p>| <a class=\"_58cn\" href=\"https:\/\/facebook.com\/hashtag\/ecu911?source=feed_text&#038;epa=HASHTAG&#038;__xts__%5B0%5D=68.ARDjh_GSLzmFRBdPzQ-v7I6lTF_Q01enm0UjDSaBSnqVGCwzC4em6MW5g9V5ieZ4Mnlvsh3Tm12Dk-Tgnhac3qE2miHWTEEnleAE9boFFtg72clM5eIpO4n8CClyX65b42X9VLLOe8_VR6vg1-nbEd0Q6uWGYQlSiTD4l7B4il9YsSI1o7Z5-3P0ZNfW8dgYUCdEkrkZpTNijL60LhWEhPjAsoD44KDqnWtjhta9qNglnR4g49emWEIAFA7HkLoYOPsJEF9TvJk0JiwC77MY44HueqW9xBkgCC_ON_eKLbI9BTGGVlBZIql3jFyJBSHN-wYWAVeeyCxSs_TfrcAebthjsw&#038;__tn__=%2ANK-R\" data-ft=\"&#123;&quot;type&quot;:104,&quot;tn&quot;:&quot;*N&quot;&#125;\"><span class=\"_5afx\"><span aria-label=\"hashtag\" class=\"_58cl _5afz\">#ECU911<\/span><\/span><\/a> | <a class=\"_58cn\" href=\"https:\/\/facebook.com\/hashtag\/emergenciamedica?source=feed_text&#038;epa=HASHTAG&#038;__xts__%5B0%5D=68.ARDjh_GSLzmFRBdPzQ-v7I6lTF_Q01enm0UjDSaBSnqVGCwzC4em6MW5g9V5ieZ4Mnlvsh3Tm12Dk-Tgnhac3qE2miHWTEEnleAE9boFFtg72clM5eIpO4n8CClyX65b42X9VLLOe8_VR6vg1-nbEd0Q6uWGYQlSiTD4l7B4il9YsSI1o7Z5-3P0ZNfW8dgYUCdEkrkZpTNijL60LhWEhPjAsoD44KDqnWtjhta9qNglnR4g49emWEIAFA7HkLoYOPsJEF9TvJk0JiwC77MY44HueqW9xBkgCC_ON_eKLbI9BTGGVlBZIql3jFyJBSHN-wYWAVeeyCxSs_TfrcAebthjsw&#038;__tn__=%2ANK-R\" data-ft=\"&#123;&quot;type&quot;:104,&quot;tn&quot;:&quot;*N&quot;&#125;\"><span class=\"_5afx\"><span aria-label=\"hashtag\" class=\"_58cl _5afz\">#EMERGENCIAMEDICA<\/span><\/span><\/a> |<br \/> Por llamado del <a class=\"profileLink\" href=\"https:\/\/www.facebook.com\/ECU911\/?__tn__=K-R&#038;eid=ARA3Xn6XiuUDR6fXASktV646Auzcny0jgR1wB0AjXCOI3ogIKNOxtMmtapCjnOLppHTE3Q1aF3kor_7u&#038;fref=mentions&#038;__xts__%5B0%5D=68.ARDjh_GSLzmFRBdPzQ-v7I6lTF_Q01enm0UjDSaBSnqVGCwzC4em6MW5g9V5ieZ4Mnlvsh3Tm12Dk-Tgnhac3qE2miHWTEEnleAE9boFFtg72clM5eIpO4n8CClyX65b42X9VLLOe8_VR6vg1-nbEd0Q6uWGYQlSiTD4l7B4il9YsSI1o7Z5-3P0ZNfW8dgYUCdEkrkZpTNijL60LhWEhPjAsoD44KDqnWtjhta9qNglnR4g49emWEIAFA7HkLoYOPsJEF9TvJk0JiwC77MY44HueqW9xBkgCC_ON_eKLbI9BTGGVlBZIql3jFyJBSHN-wYWAVeeyCxSs_TfrcAebthjsw\" data-hovercard=\"\/ajax\/hovercard\/page.php?id=220791158025240&#038;extragetparams=%7B%22__tn__%22%3A%22%2CdK-R-R%22%2C%22eid%22%3A%22ARA3Xn6XiuUDR6fXASktV646Auzcny0jgR1wB0AjXCOI3ogIKNOxtMmtapCjnOLppHTE3Q1aF3kor_7u%22%2C%22fref%22%3A%22mentions%22%7D\" data-hovercard-prefer-more-content-show=\"1\">Servicio Integrado de Seguridad ECU 911<\/a> La unidad A4 se dirige a una emergencia m\u00e9dica en las calles Francisco de Orellana y Sangay diagonal al mercado de los pl\u00e1tanos, en el sitio se atiende al paciente de 32 a\u00f1os de edad quien presenta una herida cortante superficial en el musculo rombodes mayor.<\/p>\n<p><a href=\"https:\/\/bomberos.puyo.gob.ec\/2019\/wp-content\/uploads\/ECU911-EMERGENCIAMEDICA-Por-llamado-del-Servicio-Integrado.fna&#038;oh=a5e5f272177ea824c78f9e1691b84fbe&#038;oe=5E7BBC18.jpeg\"><img decoding=\"async\" class=\"wp_automatic_fb_img\" title=\"\" src=\"https:\/\/bomberos.puyo.gob.ec\/2019\/wp-content\/uploads\/ECU911-EMERGENCIAMEDICA-Por-llamado-del-Servicio-Integrado.fna&#038;oh=a5e5f272177ea824c78f9e1691b84fbe&#038;oe=5E7BBC18.jpeg\" \/><\/a><br \/>\n<br \/><a href=\"https:\/\/www.facebook.com\/465093860312824\/posts\/1431128173709383\">en facebook&#8230; <\/a>  <\/p>\n","protected":false},"excerpt":{"rendered":"<p>| <a class=\"_58cn\" href=\"https:\/\/facebook.com\/hashtag\/ecu911?source=feed_text&#038;epa=HASHTAG&#038;__xts__%5B0%5D=68.ARDjh_GSLzmFRBdPzQ-v7I6lTF_Q01enm0UjDSaBSnqVGCwzC4em6MW5g9V5ieZ4Mnlvsh3Tm12Dk-Tgnhac3qE2miHWTEEnleAE9boFFtg72clM5eIpO4n8CClyX65b42X9VLLOe8_VR6vg1-nbEd0Q6uWGYQlSiTD4l7B4il9YsSI1o7Z5-3P0ZNfW8dgYUCdEkrkZpTNijL60LhWEhPjAsoD44KDqnWtjhta9qNglnR4g49emWEIAFA7HkLoYOPsJEF9TvJk0JiwC77MY44HueqW9xBkgCC_ON_eKLbI9BTGGVlBZIql3jFyJBSHN-wYWAVeeyCxSs_TfrcAebthjsw&#038;__tn__=%2ANK-R\" data-ft=\"&#123;&quot;type&quot;:104,&quot;tn&quot;:&quot;*N&quot;&#125;\"><span class=\"_5afx\"><span aria-label=\"hashtag\" class=\"_58cl _5afz\">#ECU911<\/span><\/span><\/a> | <a class=\"_58cn\" href=\"https:\/\/facebook.com\/hashtag\/emergenciamedica?source=feed_text&#038;epa=HASHTAG&#038;__xts__%5B0%5D=68.ARDjh_GSLzmFRBdPzQ-v7I6lTF_Q01enm0UjDSaBSnqVGCwzC4em6MW5g9V5ieZ4Mnlvsh3Tm12Dk-Tgnhac3qE2miHWTEEnleAE9boFFtg72clM5eIpO4n8CClyX65b42X9VLLOe8_VR6vg1-nbEd0Q6uWGYQlSiTD4l7B4il9YsSI1o7Z5-3P0ZNfW8dgYUCdEkrkZpTNijL60LhWEhPjAsoD44KDqnWtjhta9qNglnR4g49emWEIAFA7HkLoYOPsJEF9TvJk0JiwC77MY44HueqW9xBkgCC_ON_eKLbI9BTGGVlBZIql3jFyJBSHN-wYWAVeeyCxSs_TfrcAebthjsw&#038;__tn__=%2ANK-R\" data-ft=\"&#123;&quot;type&quot;:104,&quot;tn&quot;:&quot;*N&quot;&#125;\"><span class=\"_5afx\"><span aria-label=\"hashtag\" class=\"_58cl _5afz\">#EMERGENCIAMEDICA<\/span><\/span><\/a> |<br \/> Por llamado del <a class=\"profileLink\" href=\"https:\/\/www.facebook.com\/ECU911\/?__tn__=K-R&#038;eid=ARA3Xn6XiuUDR6fXASktV646Auzcny0jgR1wB0AjXCOI3ogIKNOxtMmtapCjnOLppHTE3Q1aF3kor_7u&#038;fref=mentions&#038;__xts__%5B0%5D=68.ARDjh_GSLzmFRBdPzQ-v7I6lTF_Q01enm0UjDSaBSnqVGCwzC4em6MW5g9V5ieZ4Mnlvsh3Tm12Dk-Tgnhac3qE2miHWTEEnleAE9boFFtg72clM5eIpO4n8CClyX65b42X9VLLOe8_VR6vg1-nbEd0Q6uWGYQlSiTD4l7B4il9YsSI1o7Z5-3P0ZNfW8dgYUCdEkrkZpTNijL60LhWEhPjAsoD44KDqnWtjhta9qNglnR4g49emWEIAFA7HkLoYOPsJEF9TvJk0JiwC77MY44HueqW9xBkgCC_ON_eKLbI9BTGGVlBZIql3jFyJBSHN-wYWAVeeyCxSs_TfrcAebthjsw\" data-hovercard=\"\/ajax\/hovercard\/page.php?id=220791158025240&#038;extragetparams=%7B%22__tn__%22%3A%22%2CdK-R-R%22%2C%22eid%22%3A%22ARA3Xn6XiuUDR6fXASktV646Auzcny0jgR1wB0AjXCOI3ogIKNOxtMmtapCjnOLppHTE3Q1aF3kor_7u%22%2C%22fref%22%3A%22mentions%22%7D\" data-hovercard-prefer-more-content-show=\"1\">Servicio Integrado de Seguridad ECU 911<\/a> La unidad A4 se dirige a una emergencia m\u00e9dica en las calles Francisco de Orellana y Sangay diagonal al mercado de los pl\u00e1tanos, en el sitio se atiende al paciente de 32 a\u00f1os de edad quien presenta una herida cortante superficial en el musculo rombodes mayor.<\/p>\n<p><a href=\"https:\/\/scontent.fuio15-1.fna.fbcdn.net\/v\/t1.0-9\/76655391_1431128133709387_6525174947583623168_o.jpg?_nc_cat=108&#038;_nc_ohc=3ZYA9y1okioAQmfvh7ntzuxTtU-8_nFBg89uCd8zj6jyr2hMkqtP__89w&#038;_nc_ht=scontent.fuio15-1.fna&#038;oh=a5e5f272177ea824c78f9e1691b84fbe&#038;oe=5E7BBC18\"><img decoding=\"async\" class=\"wp_automatic_fb_img\" title=\"\" src=\"https:\/\/scontent.fuio15-1.fna.fbcdn.net\/v\/t1.0-9\/76655391_1431128133709387_6525174947583623168_o.jpg?_nc_cat=108&#038;_nc_ohc=3ZYA9y1okioAQmfvh7ntzuxTtU-8_nFBg89uCd8zj6jyr2hMkqtP__89w&#038;_nc_ht=scontent.fuio15-1.fna&#038;oh=a5e5f272177ea824c78f9e1691b84fbe&#038;oe=5E7BBC18\" \/><\/a><\/p>\n","protected":false},"author":1,"featured_media":975,"comment_status":"open","ping_status":"open","sticky":false,"template":"","format":"standard","meta":[],"categories":[1],"tags":[32,69,29,172,31,30,38,164],"_links":{"self":[{"href":"https:\/\/bomberos.puyo.gob.ec\/2019\/wp-json\/wp\/v2\/posts\/974"}],"collection":[{"href":"https:\/\/bomberos.puyo.gob.ec\/2019\/wp-json\/wp\/v2\/posts"}],"about":[{"href":"https:\/\/bomberos.puyo.gob.ec\/2019\/wp-json\/wp\/v2\/types\/post"}],"author":[{"embeddable":true,"href":"https:\/\/bomberos.puyo.gob.ec\/2019\/wp-json\/wp\/v2\/users\/1"}],"replies":[{"embeddable":true,"href":"https:\/\/bomberos.puyo.gob.ec\/2019\/wp-json\/wp\/v2\/comments?post=974"}],"version-history":[{"count":1,"href":"https:\/\/bomberos.puyo.gob.ec\/2019\/wp-json\/wp\/v2\/posts\/974\/revisions"}],"predecessor-version":[{"id":976,"href":"https:\/\/bomberos.puyo.gob.ec\/2019\/wp-json\/wp\/v2\/posts\/974\/revisions\/976"}],"wp:featuredmedia":[{"embeddable":true,"href":"https:\/\/bomberos.puyo.gob.ec\/2019\/wp-json\/wp\/v2\/media\/975"}],"wp:attachment":[{"href":"https:\/\/bomberos.puyo.gob.ec\/2019\/wp-json\/wp\/v2\/media?parent=974"}],"wp:term":[{"taxonomy":"category","embeddable":true,"href":"https:\/\/bomberos.puyo.gob.ec\/2019\/wp-json\/wp\/v2\/categories?post=974"},{"taxonomy":"post_tag","embeddable":true,"href":"https:\/\/bomberos.puyo.gob.ec\/2019\/wp-json\/wp\/v2\/tags?post=974"}],"curies":[{"name":"wp","href":"https:\/\/api.w.org\/{rel}","templated":true}]}}