{"id":971,"date":"2019-11-09T10:22:09","date_gmt":"2019-11-09T15:22:09","guid":{"rendered":"https:\/\/bomberos.puyo.gob.ec\/prevencion-seguridad-ayer-8-de-noviembre-del-presente-ano-se-dio-cumpl\/"},"modified":"2019-12-20T12:10:11","modified_gmt":"2019-12-20T17:10:11","slug":"prevencion-seguridad-ayer-8-de-noviembre-del-presente-ano-se-dio-cumpl","status":"publish","type":"post","link":"https:\/\/bomberos.puyo.gob.ec\/2019\/prevencion-seguridad-ayer-8-de-noviembre-del-presente-ano-se-dio-cumpl\/","title":{"rendered":"| #PREVENCI\u00d3N | #SEGURIDAD |\n Ayer 8 de noviembre del presente a\u00f1o, se dio cumpl&#8230;"},"content":{"rendered":"<p>| <a class=\"_58cn\" href=\"https:\/\/facebook.com\/hashtag\/prevenci&#xf3;n?source=feed_text&#038;epa=HASHTAG&#038;__xts__%5B0%5D=68.ARAmXzv0i3droyIlL0g433g5C9WZvKF1i2BSmhmsCXiCcllHu3Zw16qlx_A9NbvrnvhJGnw_CnohA_g7cEDBrGhY6ojouFUpR6BsHVdjdQqKq6cqz0_ehTteVjLATh2U0IO45-iE8M56Xg-5JDWqEdLLEM8Iw_L6CTm59w-BfF-653GqQbxYABjBaDe1QrfBVZ9g1J6tYoZQffCdeueTUwHCipfemvbs0XzpUQvld3X8kNKu4u-nZWgN25G_dYBL_61rUAAVgfEx5hk-5257e-LNCYvP6T3e-RJu0RN50XuUjdChL3-wEYsJrfsddEsDizouFBy_LbW2itUApdgjeh5tOg&#038;__tn__=%2ANK-R\" data-ft=\"&#123;&quot;type&quot;:104,&quot;tn&quot;:&quot;*N&quot;&#125;\"><span class=\"_5afx\"><span aria-label=\"hashtag\" class=\"_58cl _5afz\">#PREVENCI\u00d3N<\/span><\/span><\/a> | <a class=\"_58cn\" href=\"https:\/\/facebook.com\/hashtag\/seguridad?source=feed_text&#038;epa=HASHTAG&#038;__xts__%5B0%5D=68.ARAmXzv0i3droyIlL0g433g5C9WZvKF1i2BSmhmsCXiCcllHu3Zw16qlx_A9NbvrnvhJGnw_CnohA_g7cEDBrGhY6ojouFUpR6BsHVdjdQqKq6cqz0_ehTteVjLATh2U0IO45-iE8M56Xg-5JDWqEdLLEM8Iw_L6CTm59w-BfF-653GqQbxYABjBaDe1QrfBVZ9g1J6tYoZQffCdeueTUwHCipfemvbs0XzpUQvld3X8kNKu4u-nZWgN25G_dYBL_61rUAAVgfEx5hk-5257e-LNCYvP6T3e-RJu0RN50XuUjdChL3-wEYsJrfsddEsDizouFBy_LbW2itUApdgjeh5tOg&#038;__tn__=%2ANK-R\" data-ft=\"&#123;&quot;type&quot;:104,&quot;tn&quot;:&quot;*N&quot;&#125;\"><span class=\"_5afx\"><span aria-label=\"hashtag\" class=\"_58cl _5afz\">#SEGURIDAD<\/span><\/span><\/a> |<br \/> Ayer 8 de noviembre del presente a\u00f1o, se dio cumplimiento en el evento Kickboxing en el Coliseo Municipal y en el Festival de m\u00fasica urbana en la explanada del estadio V\u00edctor Hugo Georgis organizado por la <a class=\"profileLink\" href=\"https:\/\/www.facebook.com\/Gadpastaza\/?__tn__=K-R&#038;eid=ARAhb542KpJA8vl_cslaNxEvb_VIJ8iKPkQIMNGTnEqyclrKpmRw7jMFNCSCQ5pUBGRdeYVyaEc3NLkY&#038;fref=mentions&#038;__xts__%5B0%5D=68.ARAmXzv0i3droyIlL0g433g5C9WZvKF1i2BSmhmsCXiCcllHu3Zw16qlx_A9NbvrnvhJGnw_CnohA_g7cEDBrGhY6ojouFUpR6BsHVdjdQqKq6cqz0_ehTteVjLATh2U0IO45-iE8M56Xg-5JDWqEdLLEM8Iw_L6CTm59w-BfF-653GqQbxYABjBaDe1QrfBVZ9g1J6tYoZQffCdeueTUwHCipfemvbs0XzpUQvld3X8kNKu4u-nZWgN25G_dYBL_61rUAAVgfEx5hk-5257e-LNCYvP6T3e-RJu0RN50XuUjdChL3-wEYsJrfsddEsDizouFBy_LbW2itUApdgjeh5tOg\" data-hovercard=\"\/ajax\/hovercard\/page.php?id=297755214460976&#038;extragetparams=%7B%22__tn__%22%3A%22%2CdK-R-R%22%2C%22eid%22%3A%22ARAhb542KpJA8vl_cslaNxEvb_VIJ8iKPkQIMNGTnEqyclrKpmRw7jMFNCSCQ5pUBGRdeYVyaEc3NLkY%22%2C%22fref%22%3A%22mentions%22%7D\" data-hovercard-prefer-more-content-show=\"1\">Prefectura de Pastaza<\/a> esto al conmemorarse sus 60 a\u00f1os de provincializaci\u00f3n. Sin ninguna novedad de relevancia las unidades a las 02:00 retorna a la estaci\u00f3n sin novedad.<\/p>\n<p><a href=\"https:\/\/bomberos.puyo.gob.ec\/2019\/wp-content\/uploads\/PREVENCION-SEGURIDAD-Ayer-8-de-noviembre-del.fna&#038;oh=17d25f2a6f50c708edb78b6213583e94&#038;oe=5E7625E9.jpeg\"><img decoding=\"async\" class=\"wp_automatic_fb_img\" title=\"\" src=\"https:\/\/bomberos.puyo.gob.ec\/2019\/wp-content\/uploads\/PREVENCION-SEGURIDAD-Ayer-8-de-noviembre-del.fna&#038;oh=17d25f2a6f50c708edb78b6213583e94&#038;oe=5E7625E9.jpeg\" \/><\/a><br \/><a href=\"https:\/\/bomberos.puyo.gob.ec\/2019\/wp-content\/uploads\/PREVENCION-SEGURIDAD-Ayer-8-de-noviembre-del.fna&#038;oh=451896dbac2b27d3284115eb6d55323f&#038;oe=5EB0A8FA.jpeg\"><img decoding=\"async\" class=\"wp_automatic_fb_img\" title=\"\" src=\"https:\/\/bomberos.puyo.gob.ec\/2019\/wp-content\/uploads\/PREVENCION-SEGURIDAD-Ayer-8-de-noviembre-del.fna&#038;oh=451896dbac2b27d3284115eb6d55323f&#038;oe=5EB0A8FA.jpeg\" \/><\/a><br \/>\n<br \/><a href=\"https:\/\/www.facebook.com\/465093860312824\/posts\/1431492250339642\">en facebook&#8230; <\/a>  <\/p>\n","protected":false},"excerpt":{"rendered":"<p>| <a class=\"_58cn\" href=\"https:\/\/facebook.com\/hashtag\/prevenci&#xf3;n?source=feed_text&#038;epa=HASHTAG&#038;__xts__%5B0%5D=68.ARAmXzv0i3droyIlL0g433g5C9WZvKF1i2BSmhmsCXiCcllHu3Zw16qlx_A9NbvrnvhJGnw_CnohA_g7cEDBrGhY6ojouFUpR6BsHVdjdQqKq6cqz0_ehTteVjLATh2U0IO45-iE8M56Xg-5JDWqEdLLEM8Iw_L6CTm59w-BfF-653GqQbxYABjBaDe1QrfBVZ9g1J6tYoZQffCdeueTUwHCipfemvbs0XzpUQvld3X8kNKu4u-nZWgN25G_dYBL_61rUAAVgfEx5hk-5257e-LNCYvP6T3e-RJu0RN50XuUjdChL3-wEYsJrfsddEsDizouFBy_LbW2itUApdgjeh5tOg&#038;__tn__=%2ANK-R\" data-ft=\"&#123;&quot;type&quot;:104,&quot;tn&quot;:&quot;*N&quot;&#125;\"><span class=\"_5afx\"><span aria-label=\"hashtag\" class=\"_58cl _5afz\">#PREVENCI\u00d3N<\/span><\/span><\/a> | <a class=\"_58cn\" href=\"https:\/\/facebook.com\/hashtag\/seguridad?source=feed_text&#038;epa=HASHTAG&#038;__xts__%5B0%5D=68.ARAmXzv0i3droyIlL0g433g5C9WZvKF1i2BSmhmsCXiCcllHu3Zw16qlx_A9NbvrnvhJGnw_CnohA_g7cEDBrGhY6ojouFUpR6BsHVdjdQqKq6cqz0_ehTteVjLATh2U0IO45-iE8M56Xg-5JDWqEdLLEM8Iw_L6CTm59w-BfF-653GqQbxYABjBaDe1QrfBVZ9g1J6tYoZQffCdeueTUwHCipfemvbs0XzpUQvld3X8kNKu4u-nZWgN25G_dYBL_61rUAAVgfEx5hk-5257e-LNCYvP6T3e-RJu0RN50XuUjdChL3-wEYsJrfsddEsDizouFBy_LbW2itUApdgjeh5tOg&#038;__tn__=%2ANK-R\" data-ft=\"&#123;&quot;type&quot;:104,&quot;tn&quot;:&quot;*N&quot;&#125;\"><span class=\"_5afx\"><span aria-label=\"hashtag\" class=\"_58cl _5afz\">#SEGURIDAD<\/span><\/span><\/a> |<br \/> Ayer 8 de noviembre del presente a\u00f1o, se dio cumplimiento en el evento Kickboxing en el Coliseo Municipal y en el Festival de m\u00fasica urbana en la explanada del estadio V\u00edctor Hugo Georgis organizado por la <a class=\"profileLink\" href=\"https:\/\/www.facebook.com\/Gadpastaza\/?__tn__=K-R&#038;eid=ARAhb542KpJA8vl_cslaNxEvb_VIJ8iKPkQIMNGTnEqyclrKpmRw7jMFNCSCQ5pUBGRdeYVyaEc3NLkY&#038;fref=mentions&#038;__xts__%5B0%5D=68.ARAmXzv0i3droyIlL0g433g5C9WZvKF1i2BSmhmsCXiCcllHu3Zw16qlx_A9NbvrnvhJGnw_CnohA_g7cEDBrGhY6ojouFUpR6BsHVdjdQqKq6cqz0_ehTteVjLATh2U0IO45-iE8M56Xg-5JDWqEdLLEM8Iw_L6CTm59w-BfF-653GqQbxYABjBaDe1QrfBVZ9g1J6tYoZQffCdeueTUwHCipfemvbs0XzpUQvld3X8kNKu4u-nZWgN25G_dYBL_61rUAAVgfEx5hk-5257e-LNCYvP6T3e-RJu0RN50XuUjdChL3-wEYsJrfsddEsDizouFBy_LbW2itUApdgjeh5tOg\" data-hovercard=\"\/ajax\/hovercard\/page.php?id=297755214460976&#038;extragetparams=%7B%22__tn__%22%3A%22%2CdK-R-R%22%2C%22eid%22%3A%22ARAhb542KpJA8vl_cslaNxEvb_VIJ8iKPkQIMNGTnEqyclrKpmRw7jMFNCSCQ5pUBGRdeYVyaEc3NLkY%22%2C%22fref%22%3A%22mentions%22%7D\" data-hovercard-prefer-more-content-show=\"1\">Prefectura de Pastaza<\/a> esto al conmemorarse sus 60 a\u00f1os de provincializaci\u00f3n. Sin ninguna novedad de relevancia las unidades a las 02:00 retorna a la estaci\u00f3n sin novedad.<\/p>\n<p><a href=\"https:\/\/scontent.fuio15-1.fna.fbcdn.net\/v\/t1.0-9\/75492421_1431492150339652_2651247912700346368_o.jpg?_nc_cat=104&#038;_nc_ohc=IDRC0NiV1XAAQmEepcEFwMYmueIDQXqCVK-pOquRDJEym0Ydrxuq9CsFA&#038;_nc_ht=scontent.fuio15-1.fna&#038;oh=17d25f2a6f50c708edb78b6213583e94&#038;oe=5E7625E9\"><img decoding=\"async\" class=\"wp_automatic_fb_img\" title=\"\" src=\"https:\/\/scontent.fuio15-1.fna.fbcdn.net\/v\/t1.0-9\/75492421_1431492150339652_2651247912700346368_o.jpg?_nc_cat=104&#038;_nc_ohc=IDRC0NiV1XAAQmEepcEFwMYmueIDQXqCVK-pOquRDJEym0Ydrxuq9CsFA&#038;_nc_ht=scontent.fuio15-1.fna&#038;oh=17d25f2a6f50c708edb78b6213583e94&#038;oe=5E7625E9\" \/><\/a><br \/><a href=\"https:\/\/scontent.fuio15-1.fna.fbcdn.net\/v\/t1.0-9\/75220792_1431492160339651_2010124499315326976_o.jpg?_nc_cat=102&#038;_nc_ohc=HBhCImZCxR0AQkHcGSbU3Xwm0NHbJiAqXR4gqpcaqfewaBpYdeaPY1-Ag&#038;_nc_ht=scontent.fuio15-1.fna&#038;oh=451896dbac2b27d3284115eb6d55323f&#038;oe=5EB0A8FA\"><img decoding=\"async\" class=\"wp_automatic_fb_img\" title=\"\" src=\"https:\/\/scontent.fuio15-1.fna.fbcdn.net\/v\/t1.0-9\/75220792_1431492160339651_2010124499315326976_o.jpg?_nc_cat=102&#038;_nc_ohc=HBhCImZCxR0AQkHcGSbU3Xwm0NHbJiAqXR4gqpcaqfewaBpYdeaPY1-Ag&#038;_nc_ht=scontent.fuio15-1.fna&#038;oh=451896dbac2b27d3284115eb6d55323f&#038;oe=5EB0A8FA\" \/><\/a><\/p>\n","protected":false},"author":1,"featured_media":972,"comment_status":"open","ping_status":"open","sticky":false,"template":"","format":"standard","meta":[],"categories":[1],"tags":[208,205,210,32,209,206,207,39,38],"_links":{"self":[{"href":"https:\/\/bomberos.puyo.gob.ec\/2019\/wp-json\/wp\/v2\/posts\/971"}],"collection":[{"href":"https:\/\/bomberos.puyo.gob.ec\/2019\/wp-json\/wp\/v2\/posts"}],"about":[{"href":"https:\/\/bomberos.puyo.gob.ec\/2019\/wp-json\/wp\/v2\/types\/post"}],"author":[{"embeddable":true,"href":"https:\/\/bomberos.puyo.gob.ec\/2019\/wp-json\/wp\/v2\/users\/1"}],"replies":[{"embeddable":true,"href":"https:\/\/bomberos.puyo.gob.ec\/2019\/wp-json\/wp\/v2\/comments?post=971"}],"version-history":[{"count":1,"href":"https:\/\/bomberos.puyo.gob.ec\/2019\/wp-json\/wp\/v2\/posts\/971\/revisions"}],"predecessor-version":[{"id":973,"href":"https:\/\/bomberos.puyo.gob.ec\/2019\/wp-json\/wp\/v2\/posts\/971\/revisions\/973"}],"wp:featuredmedia":[{"embeddable":true,"href":"https:\/\/bomberos.puyo.gob.ec\/2019\/wp-json\/wp\/v2\/media\/972"}],"wp:attachment":[{"href":"https:\/\/bomberos.puyo.gob.ec\/2019\/wp-json\/wp\/v2\/media?parent=971"}],"wp:term":[{"taxonomy":"category","embeddable":true,"href":"https:\/\/bomberos.puyo.gob.ec\/2019\/wp-json\/wp\/v2\/categories?post=971"},{"taxonomy":"post_tag","embeddable":true,"href":"https:\/\/bomberos.puyo.gob.ec\/2019\/wp-json\/wp\/v2\/tags?post=971"}],"curies":[{"name":"wp","href":"https:\/\/api.w.org\/{rel}","templated":true}]}}