{"id":965,"date":"2019-11-13T19:19:46","date_gmt":"2019-11-14T00:19:46","guid":{"rendered":"https:\/\/bomberos.puyo.gob.ec\/convenio-apoyointerinstitucional-coordinacionacademica-el-dia-hoy-mi\/"},"modified":"2019-12-20T10:01:42","modified_gmt":"2019-12-20T15:01:42","slug":"convenio-apoyointerinstitucional-coordinacionacademica-el-dia-hoy-mi","status":"publish","type":"post","link":"https:\/\/bomberos.puyo.gob.ec\/2019\/convenio-apoyointerinstitucional-coordinacionacademica-el-dia-hoy-mi\/","title":{"rendered":"| #CONVENIO | #APOYOINTERINSTITUCIONAL | #COORDINACI\u00d3NACAD\u00c9MICA |\n El d\u00eda hoy mi&#8230;"},"content":{"rendered":"<p>| <a class=\"_58cn\" href=\"https:\/\/facebook.com\/hashtag\/convenio?source=feed_text&#038;epa=HASHTAG&#038;__xts__%5B0%5D=68.ARBxEg5icfYwjQTaOV6HXj3Zgd1ZMWk_y0Rj0rCk4wyy56XzxbDVFeBxA2auUEJE9cEWev9p90XyEurl7-A1NVbMsI9z8VAsdU2JgtxwguZGGRB622eK7NREHFjlTN7Ewd_WSGU9iBrG8nX-FXxxYPDa_XosETFHnrRN_cRdLVcGWpn6PMCDzyzyn1CItIevzIBhppcIY5f1nbwTIUl4XLQ4OBpqrG3rPn6dfqiVqszTYJbw3SJ2hLNDFKrz0YYWGed_pR8zjrO2suEtciR9Ogg1232HUN-7VwlHb08neJt0trS9ZviNIBSOtOz1xVV8SmW0T3qeG4cYOErGnofWE7VR9A&#038;__tn__=%2ANK-R\" data-ft=\"&#123;&quot;type&quot;:104,&quot;tn&quot;:&quot;*N&quot;&#125;\"><span class=\"_5afx\"><span aria-label=\"hashtag\" class=\"_58cl _5afz\">#CONVENIO<\/span><\/span><\/a> | <a class=\"_58cn\" href=\"https:\/\/facebook.com\/hashtag\/apoyointerinstitucional?source=feed_text&#038;epa=HASHTAG&#038;__xts__%5B0%5D=68.ARBxEg5icfYwjQTaOV6HXj3Zgd1ZMWk_y0Rj0rCk4wyy56XzxbDVFeBxA2auUEJE9cEWev9p90XyEurl7-A1NVbMsI9z8VAsdU2JgtxwguZGGRB622eK7NREHFjlTN7Ewd_WSGU9iBrG8nX-FXxxYPDa_XosETFHnrRN_cRdLVcGWpn6PMCDzyzyn1CItIevzIBhppcIY5f1nbwTIUl4XLQ4OBpqrG3rPn6dfqiVqszTYJbw3SJ2hLNDFKrz0YYWGed_pR8zjrO2suEtciR9Ogg1232HUN-7VwlHb08neJt0trS9ZviNIBSOtOz1xVV8SmW0T3qeG4cYOErGnofWE7VR9A&#038;__tn__=%2ANK-R\" data-ft=\"&#123;&quot;type&quot;:104,&quot;tn&quot;:&quot;*N&quot;&#125;\"><span class=\"_5afx\"><span aria-label=\"hashtag\" class=\"_58cl _5afz\">#APOYOINTERINSTITUCIONAL<\/span><\/span><\/a> | <a class=\"_58cn\" href=\"https:\/\/facebook.com\/hashtag\/coordinaci&#xf3;nacad&#xe9;mica?source=feed_text&#038;epa=HASHTAG&#038;__xts__%5B0%5D=68.ARBxEg5icfYwjQTaOV6HXj3Zgd1ZMWk_y0Rj0rCk4wyy56XzxbDVFeBxA2auUEJE9cEWev9p90XyEurl7-A1NVbMsI9z8VAsdU2JgtxwguZGGRB622eK7NREHFjlTN7Ewd_WSGU9iBrG8nX-FXxxYPDa_XosETFHnrRN_cRdLVcGWpn6PMCDzyzyn1CItIevzIBhppcIY5f1nbwTIUl4XLQ4OBpqrG3rPn6dfqiVqszTYJbw3SJ2hLNDFKrz0YYWGed_pR8zjrO2suEtciR9Ogg1232HUN-7VwlHb08neJt0trS9ZviNIBSOtOz1xVV8SmW0T3qeG4cYOErGnofWE7VR9A&#038;__tn__=%2ANK-R\" data-ft=\"&#123;&quot;type&quot;:104,&quot;tn&quot;:&quot;*N&quot;&#125;\"><span class=\"_5afx\"><span aria-label=\"hashtag\" class=\"_58cl _5afz\">#COORDINACI\u00d3NACAD\u00c9MICA<\/span><\/span><\/a> |<\/p>\n<p> El d\u00eda hoy mi\u00e9rcoles 13 de noviembre de 2019 se firma el convenio espec\u00edfico de apoyo interinstitucional entre el Cuerpo de Bomberos Municipal del Cant\u00f3n Pastaza y Cuerpo de Bomberos del Cant\u00f3n Francisco de Orellana con el  OBJETO general de capacitar a bomberos operativos, voluntarios y aspirantes de las dos instituciones con los siguientes objetivos espec\u00edficos:<br \/> Capacitar al personal operativo de nuestra instituci\u00f3n en temas referentes a: Atenci\u00f3n pre hospitalaria en selva, navegaci\u00f3n terrestre, GPS, cartograf\u00eda y sobre vivencia en medios selv\u00e1ticos.<br \/> CONTRAPARTE:<br \/> Nuestra instituci\u00f3n capacitar\u00e1 al personal operativo del Cuerpo de Bomberos del Cant\u00f3n Francisco de Orellana en temas referentes a: Rescate acu\u00e1tico, salvataje y Buceo b\u00e1sico.<br \/> NOTA POSITIVA <br \/> \u201c Nadie iguala la fuerza del coraz\u00f3n de un bombero cuando su \u00fanica vocaci\u00f3n es servir sin esperar nada a cambio \u201c <br \/> BOMBEROS PASTAZA ECUADOR<\/p>\n<p><a href=\"https:\/\/bomberos.puyo.gob.ec\/2019\/wp-content\/uploads\/CONVENIO-APOYOINTERINSTITUCIONAL-COORDINACIONACADEMICA-El-dia-hoy.fna&#038;oh=af34a37e6fc299b397b64794aae550eb&#038;oe=5EAA6FF6.jpeg\"><img decoding=\"async\" class=\"wp_automatic_fb_img\" title=\"\" src=\"https:\/\/bomberos.puyo.gob.ec\/2019\/wp-content\/uploads\/CONVENIO-APOYOINTERINSTITUCIONAL-COORDINACIONACADEMICA-El-dia-hoy.fna&#038;oh=af34a37e6fc299b397b64794aae550eb&#038;oe=5EAA6FF6.jpeg\" \/><\/a><br \/><a href=\"https:\/\/bomberos.puyo.gob.ec\/2019\/wp-content\/uploads\/CONVENIO-APOYOINTERINSTITUCIONAL-COORDINACIONACADEMICA-El-dia-hoy.fna&#038;oh=c21e5a59b0d2eda5b5c6ab4957922e75&#038;oe=5EB1BA09.jpeg\"><img decoding=\"async\" class=\"wp_automatic_fb_img\" title=\"\" src=\"https:\/\/bomberos.puyo.gob.ec\/2019\/wp-content\/uploads\/CONVENIO-APOYOINTERINSTITUCIONAL-COORDINACIONACADEMICA-El-dia-hoy.fna&#038;oh=c21e5a59b0d2eda5b5c6ab4957922e75&#038;oe=5EB1BA09.jpeg\" \/><\/a><br \/><a href=\"https:\/\/bomberos.puyo.gob.ec\/2019\/wp-content\/uploads\/CONVENIO-APOYOINTERINSTITUCIONAL-COORDINACIONACADEMICA-El-dia-hoy.fna&#038;oh=6bc2f4c3f9ea5b218e11e9aed6467ac2&#038;oe=5EAED8BD.jpeg\"><img decoding=\"async\" class=\"wp_automatic_fb_img\" title=\"\" src=\"https:\/\/bomberos.puyo.gob.ec\/2019\/wp-content\/uploads\/CONVENIO-APOYOINTERINSTITUCIONAL-COORDINACIONACADEMICA-El-dia-hoy.fna&#038;oh=6bc2f4c3f9ea5b218e11e9aed6467ac2&#038;oe=5EAED8BD.jpeg\" \/><\/a><br \/><a href=\"https:\/\/bomberos.puyo.gob.ec\/2019\/wp-content\/uploads\/CONVENIO-APOYOINTERINSTITUCIONAL-COORDINACIONACADEMICA-El-dia-hoy.fna&#038;oh=de3ac2819f60e7c6abfe6534316979d0&#038;oe=5EAB8B5D.jpeg\"><img decoding=\"async\" class=\"wp_automatic_fb_img\" title=\"\" src=\"https:\/\/bomberos.puyo.gob.ec\/2019\/wp-content\/uploads\/CONVENIO-APOYOINTERINSTITUCIONAL-COORDINACIONACADEMICA-El-dia-hoy.fna&#038;oh=de3ac2819f60e7c6abfe6534316979d0&#038;oe=5EAB8B5D.jpeg\" \/><\/a><br \/><a href=\"https:\/\/bomberos.puyo.gob.ec\/2019\/wp-content\/uploads\/CONVENIO-APOYOINTERINSTITUCIONAL-COORDINACIONACADEMICA-El-dia-hoy.fna&#038;oh=948741967ee8f5f4a694056e2ed5c0ef&#038;oe=5E726E18.jpeg\"><img decoding=\"async\" class=\"wp_automatic_fb_img\" title=\"\" src=\"https:\/\/bomberos.puyo.gob.ec\/2019\/wp-content\/uploads\/CONVENIO-APOYOINTERINSTITUCIONAL-COORDINACIONACADEMICA-El-dia-hoy.fna&#038;oh=948741967ee8f5f4a694056e2ed5c0ef&#038;oe=5E726E18.jpeg\" \/><\/a><br \/><a href=\"https:\/\/bomberos.puyo.gob.ec\/2019\/wp-content\/uploads\/CONVENIO-APOYOINTERINSTITUCIONAL-COORDINACIONACADEMICA-El-dia-hoy.fna&#038;oh=e4f569cb0bbe43444742adcd2315312a&#038;oe=5EB01DD2.jpeg\"><img decoding=\"async\" class=\"wp_automatic_fb_img\" title=\"\" src=\"https:\/\/bomberos.puyo.gob.ec\/2019\/wp-content\/uploads\/CONVENIO-APOYOINTERINSTITUCIONAL-COORDINACIONACADEMICA-El-dia-hoy.fna&#038;oh=e4f569cb0bbe43444742adcd2315312a&#038;oe=5EB01DD2.jpeg\" \/><\/a><br \/>\n<br \/><a href=\"https:\/\/www.facebook.com\/465093860312824\/posts\/1435700339918833\">en facebook&#8230; <\/a>  <\/p>\n","protected":false},"excerpt":{"rendered":"<p>| <a class=\"_58cn\" href=\"https:\/\/facebook.com\/hashtag\/convenio?source=feed_text&#038;epa=HASHTAG&#038;__xts__%5B0%5D=68.ARBxEg5icfYwjQTaOV6HXj3Zgd1ZMWk_y0Rj0rCk4wyy56XzxbDVFeBxA2auUEJE9cEWev9p90XyEurl7-A1NVbMsI9z8VAsdU2JgtxwguZGGRB622eK7NREHFjlTN7Ewd_WSGU9iBrG8nX-FXxxYPDa_XosETFHnrRN_cRdLVcGWpn6PMCDzyzyn1CItIevzIBhppcIY5f1nbwTIUl4XLQ4OBpqrG3rPn6dfqiVqszTYJbw3SJ2hLNDFKrz0YYWGed_pR8zjrO2suEtciR9Ogg1232HUN-7VwlHb08neJt0trS9ZviNIBSOtOz1xVV8SmW0T3qeG4cYOErGnofWE7VR9A&#038;__tn__=%2ANK-R\" data-ft=\"&#123;&quot;type&quot;:104,&quot;tn&quot;:&quot;*N&quot;&#125;\"><span class=\"_5afx\"><span aria-label=\"hashtag\" class=\"_58cl _5afz\">#CONVENIO<\/span><\/span><\/a> | <a class=\"_58cn\" href=\"https:\/\/facebook.com\/hashtag\/apoyointerinstitucional?source=feed_text&#038;epa=HASHTAG&#038;__xts__%5B0%5D=68.ARBxEg5icfYwjQTaOV6HXj3Zgd1ZMWk_y0Rj0rCk4wyy56XzxbDVFeBxA2auUEJE9cEWev9p90XyEurl7-A1NVbMsI9z8VAsdU2JgtxwguZGGRB622eK7NREHFjlTN7Ewd_WSGU9iBrG8nX-FXxxYPDa_XosETFHnrRN_cRdLVcGWpn6PMCDzyzyn1CItIevzIBhppcIY5f1nbwTIUl4XLQ4OBpqrG3rPn6dfqiVqszTYJbw3SJ2hLNDFKrz0YYWGed_pR8zjrO2suEtciR9Ogg1232HUN-7VwlHb08neJt0trS9ZviNIBSOtOz1xVV8SmW0T3qeG4cYOErGnofWE7VR9A&#038;__tn__=%2ANK-R\" data-ft=\"&#123;&quot;type&quot;:104,&quot;tn&quot;:&quot;*N&quot;&#125;\"><span class=\"_5afx\"><span aria-label=\"hashtag\" class=\"_58cl _5afz\">#APOYOINTERINSTITUCIONAL<\/span><\/span><\/a> | <a class=\"_58cn\" href=\"https:\/\/facebook.com\/hashtag\/coordinaci&#xf3;nacad&#xe9;mica?source=feed_text&#038;epa=HASHTAG&#038;__xts__%5B0%5D=68.ARBxEg5icfYwjQTaOV6HXj3Zgd1ZMWk_y0Rj0rCk4wyy56XzxbDVFeBxA2auUEJE9cEWev9p90XyEurl7-A1NVbMsI9z8VAsdU2JgtxwguZGGRB622eK7NREHFjlTN7Ewd_WSGU9iBrG8nX-FXxxYPDa_XosETFHnrRN_cRdLVcGWpn6PMCDzyzyn1CItIevzIBhppcIY5f1nbwTIUl4XLQ4OBpqrG3rPn6dfqiVqszTYJbw3SJ2hLNDFKrz0YYWGed_pR8zjrO2suEtciR9Ogg1232HUN-7VwlHb08neJt0trS9ZviNIBSOtOz1xVV8SmW0T3qeG4cYOErGnofWE7VR9A&#038;__tn__=%2ANK-R\" data-ft=\"&#123;&quot;type&quot;:104,&quot;tn&quot;:&quot;*N&quot;&#125;\"><span class=\"_5afx\"><span aria-label=\"hashtag\" class=\"_58cl _5afz\">#COORDINACI\u00d3NACAD\u00c9MICA<\/span><\/span><\/a> |<\/p>\n<p> El d\u00eda hoy mi\u00e9rcoles 13 de noviembre de 2019 se firma el convenio espec\u00edfico de apoyo interinstitucional entre el Cuerpo de Bomberos Municipal del Cant\u00f3n Pastaza y Cuerpo de Bomberos del Cant\u00f3n Francisco de Orellana con el  OBJETO general de capacitar a bomberos operativos, voluntarios y aspirantes de las dos instituciones con los siguientes objetivos espec\u00edficos:<br \/> Capacitar al personal operativo de nuestra instituci\u00f3n en temas referentes a: Atenci\u00f3n pre hospitalaria en selva, navegaci\u00f3n terrestre, GPS, cartograf\u00eda y sobre vivencia en medios selv\u00e1ticos.<br \/> CONTRAPARTE:<br \/> Nuestra instituci\u00f3n capacitar\u00e1 al personal operativo del Cuerpo de Bomberos del Cant\u00f3n Francisco de Orellana en temas referentes a: Rescate acu\u00e1tico, salvataje y Buceo b\u00e1sico.<br \/> NOTA POSITIVA <br \/> \u201c Nadie iguala la fuerza del coraz\u00f3n de un bombero cuando su \u00fanica vocaci\u00f3n es servir sin esperar nada a cambio \u201c <br \/> BOMBEROS PASTAZA ECUADOR<\/p>\n<p><a href=\"https:\/\/scontent.fuio15-1.fna.fbcdn.net\/v\/t1.0-9\/77337576_1435700013252199_2992415461582307328_n.jpg?_nc_cat=111&#038;_nc_ohc=ORLEuqW_2F8AQkYoaA5FqblXPThYJjK5lS3bVkVSZdCU8v452gcBUjHYQ&#038;_nc_ht=scontent.fuio15-1.fna&#038;oh=af34a37e6fc299b397b64794aae550eb&#038;oe=5EAA6FF6\"><img decoding=\"async\" class=\"wp_automatic_fb_img\" title=\"\" src=\"https:\/\/scontent.fuio15-1.fna.fbcdn.net\/v\/t1.0-9\/77337576_1435700013252199_2992415461582307328_n.jpg?_nc_cat=111&#038;_nc_ohc=ORLEuqW_2F8AQkYoaA5FqblXPThYJjK5lS3bVkVSZdCU8v452gcBUjHYQ&#038;_nc_ht=scontent.fuio15-1.fna&#038;oh=af34a37e6fc299b397b64794aae550eb&#038;oe=5EAA6FF6\" \/><\/a><br \/><a href=\"https:\/\/scontent.fuio15-1.fna.fbcdn.net\/v\/t1.0-9\/75478515_1435700079918859_2662464490376790016_n.jpg?_nc_cat=101&#038;_nc_ohc=1XbazQX0J8cAQno482SUixSvQAxv-t9a5O9sq0yhyJAxZd8OctRD7nlag&#038;_nc_ht=scontent.fuio15-1.fna&#038;oh=c21e5a59b0d2eda5b5c6ab4957922e75&#038;oe=5EB1BA09\"><img decoding=\"async\" class=\"wp_automatic_fb_img\" title=\"\" src=\"https:\/\/scontent.fuio15-1.fna.fbcdn.net\/v\/t1.0-9\/75478515_1435700079918859_2662464490376790016_n.jpg?_nc_cat=101&#038;_nc_ohc=1XbazQX0J8cAQno482SUixSvQAxv-t9a5O9sq0yhyJAxZd8OctRD7nlag&#038;_nc_ht=scontent.fuio15-1.fna&#038;oh=c21e5a59b0d2eda5b5c6ab4957922e75&#038;oe=5EB1BA09\" \/><\/a><br \/><a href=\"https:\/\/scontent.fuio15-1.fna.fbcdn.net\/v\/t1.0-9\/74855950_1435700139918853_83250407660322816_n.jpg?_nc_cat=105&#038;_nc_ohc=URQI114XzO8AQmEkS9E74Vazux_9i6i5DOxyLE4rxsbJlGcUkazArKScg&#038;_nc_ht=scontent.fuio15-1.fna&#038;oh=6bc2f4c3f9ea5b218e11e9aed6467ac2&#038;oe=5EAED8BD\"><img decoding=\"async\" class=\"wp_automatic_fb_img\" title=\"\" src=\"https:\/\/scontent.fuio15-1.fna.fbcdn.net\/v\/t1.0-9\/74855950_1435700139918853_83250407660322816_n.jpg?_nc_cat=105&#038;_nc_ohc=URQI114XzO8AQmEkS9E74Vazux_9i6i5DOxyLE4rxsbJlGcUkazArKScg&#038;_nc_ht=scontent.fuio15-1.fna&#038;oh=6bc2f4c3f9ea5b218e11e9aed6467ac2&#038;oe=5EAED8BD\" \/><\/a><br \/><a href=\"https:\/\/scontent.fuio15-1.fna.fbcdn.net\/v\/t1.0-9\/74530518_1435700206585513_9012125281581793280_n.jpg?_nc_cat=107&#038;_nc_ohc=LSBGI8Fs5McAQk3Ymz6SzeAPW6tut1kUtUwJ3DgEIHyL1JlI8XRhv8AIg&#038;_nc_ht=scontent.fuio15-1.fna&#038;oh=de3ac2819f60e7c6abfe6534316979d0&#038;oe=5EAB8B5D\"><img decoding=\"async\" class=\"wp_automatic_fb_img\" title=\"\" src=\"https:\/\/scontent.fuio15-1.fna.fbcdn.net\/v\/t1.0-9\/74530518_1435700206585513_9012125281581793280_n.jpg?_nc_cat=107&#038;_nc_ohc=LSBGI8Fs5McAQk3Ymz6SzeAPW6tut1kUtUwJ3DgEIHyL1JlI8XRhv8AIg&#038;_nc_ht=scontent.fuio15-1.fna&#038;oh=de3ac2819f60e7c6abfe6534316979d0&#038;oe=5EAB8B5D\" \/><\/a><br \/><a href=\"https:\/\/scontent.fuio15-1.fna.fbcdn.net\/v\/t1.0-9\/75429314_1435700256585508_5500544945036984320_n.jpg?_nc_cat=110&#038;_nc_ohc=pbJiGuknjroAQm3hJfUbR_A0s9iAVktS4fWQs_gQ883Leq77Bls-YO51w&#038;_nc_ht=scontent.fuio15-1.fna&#038;oh=948741967ee8f5f4a694056e2ed5c0ef&#038;oe=5E726E18\"><img decoding=\"async\" class=\"wp_automatic_fb_img\" title=\"\" src=\"https:\/\/scontent.fuio15-1.fna.fbcdn.net\/v\/t1.0-9\/75429314_1435700256585508_5500544945036984320_n.jpg?_nc_cat=110&#038;_nc_ohc=pbJiGuknjroAQm3hJfUbR_A0s9iAVktS4fWQs_gQ883Leq77Bls-YO51w&#038;_nc_ht=scontent.fuio15-1.fna&#038;oh=948741967ee8f5f4a694056e2ed5c0ef&#038;oe=5E726E18\" \/><\/a><br \/><a href=\"https:\/\/scontent.fuio15-1.fna.fbcdn.net\/v\/t1.0-9\/74428349_1435700319918835_5171328537793134592_n.jpg?_nc_cat=107&#038;_nc_ohc=FA0D1ysmMBMAQlnAZSi_7ChItl_n8tiWZfEyw19KLbywfsfnGjOEmS7Gw&#038;_nc_ht=scontent.fuio15-1.fna&#038;oh=e4f569cb0bbe43444742adcd2315312a&#038;oe=5EB01DD2\"><img decoding=\"async\" class=\"wp_automatic_fb_img\" title=\"\" src=\"https:\/\/scontent.fuio15-1.fna.fbcdn.net\/v\/t1.0-9\/74428349_1435700319918835_5171328537793134592_n.jpg?_nc_cat=107&#038;_nc_ohc=FA0D1ysmMBMAQlnAZSi_7ChItl_n8tiWZfEyw19KLbywfsfnGjOEmS7Gw&#038;_nc_ht=scontent.fuio15-1.fna&#038;oh=e4f569cb0bbe43444742adcd2315312a&#038;oe=5EB01DD2\" \/><\/a><\/p>\n","protected":false},"author":1,"featured_media":966,"comment_status":"open","ping_status":"open","sticky":false,"template":"","format":"standard","meta":[],"categories":[1],"tags":[201,200,166,24,202],"_links":{"self":[{"href":"https:\/\/bomberos.puyo.gob.ec\/2019\/wp-json\/wp\/v2\/posts\/965"}],"collection":[{"href":"https:\/\/bomberos.puyo.gob.ec\/2019\/wp-json\/wp\/v2\/posts"}],"about":[{"href":"https:\/\/bomberos.puyo.gob.ec\/2019\/wp-json\/wp\/v2\/types\/post"}],"author":[{"embeddable":true,"href":"https:\/\/bomberos.puyo.gob.ec\/2019\/wp-json\/wp\/v2\/users\/1"}],"replies":[{"embeddable":true,"href":"https:\/\/bomberos.puyo.gob.ec\/2019\/wp-json\/wp\/v2\/comments?post=965"}],"version-history":[{"count":1,"href":"https:\/\/bomberos.puyo.gob.ec\/2019\/wp-json\/wp\/v2\/posts\/965\/revisions"}],"predecessor-version":[{"id":967,"href":"https:\/\/bomberos.puyo.gob.ec\/2019\/wp-json\/wp\/v2\/posts\/965\/revisions\/967"}],"wp:featuredmedia":[{"embeddable":true,"href":"https:\/\/bomberos.puyo.gob.ec\/2019\/wp-json\/wp\/v2\/media\/966"}],"wp:attachment":[{"href":"https:\/\/bomberos.puyo.gob.ec\/2019\/wp-json\/wp\/v2\/media?parent=965"}],"wp:term":[{"taxonomy":"category","embeddable":true,"href":"https:\/\/bomberos.puyo.gob.ec\/2019\/wp-json\/wp\/v2\/categories?post=965"},{"taxonomy":"post_tag","embeddable":true,"href":"https:\/\/bomberos.puyo.gob.ec\/2019\/wp-json\/wp\/v2\/tags?post=965"}],"curies":[{"name":"wp","href":"https:\/\/api.w.org\/{rel}","templated":true}]}}