{"id":950,"date":"2019-11-16T12:03:44","date_gmt":"2019-11-16T17:03:44","guid":{"rendered":"https:\/\/bomberos.puyo.gob.ec\/serviciosocial-ayudahumanitaria-en-coordinacion-con-el-servicio-nacional\/"},"modified":"2019-12-20T03:32:26","modified_gmt":"2019-12-20T08:32:26","slug":"serviciosocial-ayudahumanitaria-en-coordinacion-con-el-servicio-nacional","status":"publish","type":"post","link":"https:\/\/bomberos.puyo.gob.ec\/2019\/serviciosocial-ayudahumanitaria-en-coordinacion-con-el-servicio-nacional\/","title":{"rendered":"#ServicioSocial#\n #AYUDAHUMANITARIA#\n En coordinaci\u00f3n con el  Servicio Nacional &#8230;"},"content":{"rendered":"<p><a class=\"_58cn\" href=\"https:\/\/facebook.com\/hashtag\/serviciosocial?source=feed_text&#038;epa=HASHTAG&#038;__xts__%5B0%5D=68.ARAU_U6xndPKuV5CZR8rOY3BfaVo38R8t3F0k_jxuUyx9cjxLjAqMQw5P4UmWHa14LUlwSKwDn2nxTwRQI-pWyQMmkpLMAYx15Jk1zq5R7vlClI9j7L_YKpLuYiCT3pPULsOVz8XYEhrt4tXDcG9FAPeOm0FkMjQckRUWvLE-F1-dt5q6hYa22VRwuFS2XJd90cgEqhf2qxiia0VLvQ3_xcOtyF19HBkesSk-f1LJAQuvjCVS58MyA_yuhvLvlWDD63D-C4txQ6NdjY-Z65E0XybWU-qRnPGXEFMw5npgrWc1HyD322P0OvzWyhWSdEgtjFDKUB-DBM635thR5W31NJLjQ&#038;__tn__=%2ANK-R\" data-ft=\"&#123;&quot;type&quot;:104,&quot;tn&quot;:&quot;*N&quot;&#125;\"><span class=\"_5afx\"><span aria-label=\"hashtag\" class=\"_58cl _5afz\">#ServicioSocial<\/span><\/span><\/a>#<\/p>\n<p> <a class=\"_58cn\" href=\"https:\/\/facebook.com\/hashtag\/ayudahumanitaria?source=feed_text&#038;epa=HASHTAG&#038;__xts__%5B0%5D=68.ARAU_U6xndPKuV5CZR8rOY3BfaVo38R8t3F0k_jxuUyx9cjxLjAqMQw5P4UmWHa14LUlwSKwDn2nxTwRQI-pWyQMmkpLMAYx15Jk1zq5R7vlClI9j7L_YKpLuYiCT3pPULsOVz8XYEhrt4tXDcG9FAPeOm0FkMjQckRUWvLE-F1-dt5q6hYa22VRwuFS2XJd90cgEqhf2qxiia0VLvQ3_xcOtyF19HBkesSk-f1LJAQuvjCVS58MyA_yuhvLvlWDD63D-C4txQ6NdjY-Z65E0XybWU-qRnPGXEFMw5npgrWc1HyD322P0OvzWyhWSdEgtjFDKUB-DBM635thR5W31NJLjQ&#038;__tn__=%2ANK-R\" data-ft=\"&#123;&quot;type&quot;:104,&quot;tn&quot;:&quot;*N&quot;&#125;\"><span class=\"_5afx\"><span aria-label=\"hashtag\" class=\"_58cl _5afz\">#AYUDAHUMANITARIA<\/span><\/span><\/a>#<\/p>\n<p> En coordinaci\u00f3n con el  Servicio Nacional de Gesti\u00f3n de Riesgos y Emergencias, el Cuerpo de Bomberos Municipal de Pastaza brinda el apoyo log\u00edstico para la entrega de asistencia  humanitaria a los moradores del  Barrio Cumanda \u00e9 Intipungo,  afectados por las fuertes lluvias suscitadas en la ciudad de Puyo.<\/p>\n<p><a href=\"https:\/\/bomberos.puyo.gob.ec\/2019\/wp-content\/uploads\/ServicioSocial-AYUDAHUMANITARIA-En-coordinacion-con-el-Servicio-Nacional.fna&#038;oh=99161873cc2818d417749ec1c70b6779&#038;oe=5E70BC44.jpeg\"><img decoding=\"async\" class=\"wp_automatic_fb_img\" title=\"\" src=\"https:\/\/bomberos.puyo.gob.ec\/2019\/wp-content\/uploads\/ServicioSocial-AYUDAHUMANITARIA-En-coordinacion-con-el-Servicio-Nacional.fna&#038;oh=99161873cc2818d417749ec1c70b6779&#038;oe=5E70BC44.jpeg\" \/><\/a><br \/><a href=\"https:\/\/bomberos.puyo.gob.ec\/2019\/wp-content\/uploads\/ServicioSocial-AYUDAHUMANITARIA-En-coordinacion-con-el-Servicio-Nacional.fna&#038;oh=73c0cbe3702b8d60ff7e36f5e2b2ba4d&#038;oe=5EAB96B6.jpeg\"><img decoding=\"async\" class=\"wp_automatic_fb_img\" title=\"\" src=\"https:\/\/bomberos.puyo.gob.ec\/2019\/wp-content\/uploads\/ServicioSocial-AYUDAHUMANITARIA-En-coordinacion-con-el-Servicio-Nacional.fna&#038;oh=73c0cbe3702b8d60ff7e36f5e2b2ba4d&#038;oe=5EAB96B6.jpeg\" \/><\/a><br \/><a href=\"https:\/\/bomberos.puyo.gob.ec\/2019\/wp-content\/uploads\/ServicioSocial-AYUDAHUMANITARIA-En-coordinacion-con-el-Servicio-Nacional.fna&#038;oh=e76993eee3aa947c20b861af99515781&#038;oe=5E7B104E.jpeg\"><img decoding=\"async\" class=\"wp_automatic_fb_img\" title=\"\" src=\"https:\/\/bomberos.puyo.gob.ec\/2019\/wp-content\/uploads\/ServicioSocial-AYUDAHUMANITARIA-En-coordinacion-con-el-Servicio-Nacional.fna&#038;oh=e76993eee3aa947c20b861af99515781&#038;oe=5E7B104E.jpeg\" \/><\/a><br \/>\n<br \/><a href=\"https:\/\/www.facebook.com\/465093860312824\/posts\/1438392769649590\">en facebook&#8230; <\/a>  <\/p>\n","protected":false},"excerpt":{"rendered":"<p><a class=\"_58cn\" href=\"https:\/\/facebook.com\/hashtag\/serviciosocial?source=feed_text&#038;epa=HASHTAG&#038;__xts__%5B0%5D=68.ARAU_U6xndPKuV5CZR8rOY3BfaVo38R8t3F0k_jxuUyx9cjxLjAqMQw5P4UmWHa14LUlwSKwDn2nxTwRQI-pWyQMmkpLMAYx15Jk1zq5R7vlClI9j7L_YKpLuYiCT3pPULsOVz8XYEhrt4tXDcG9FAPeOm0FkMjQckRUWvLE-F1-dt5q6hYa22VRwuFS2XJd90cgEqhf2qxiia0VLvQ3_xcOtyF19HBkesSk-f1LJAQuvjCVS58MyA_yuhvLvlWDD63D-C4txQ6NdjY-Z65E0XybWU-qRnPGXEFMw5npgrWc1HyD322P0OvzWyhWSdEgtjFDKUB-DBM635thR5W31NJLjQ&#038;__tn__=%2ANK-R\" data-ft=\"&#123;&quot;type&quot;:104,&quot;tn&quot;:&quot;*N&quot;&#125;\"><span class=\"_5afx\"><span aria-label=\"hashtag\" class=\"_58cl _5afz\">#ServicioSocial<\/span><\/span><\/a>#<\/p>\n<p> <a class=\"_58cn\" href=\"https:\/\/facebook.com\/hashtag\/ayudahumanitaria?source=feed_text&#038;epa=HASHTAG&#038;__xts__%5B0%5D=68.ARAU_U6xndPKuV5CZR8rOY3BfaVo38R8t3F0k_jxuUyx9cjxLjAqMQw5P4UmWHa14LUlwSKwDn2nxTwRQI-pWyQMmkpLMAYx15Jk1zq5R7vlClI9j7L_YKpLuYiCT3pPULsOVz8XYEhrt4tXDcG9FAPeOm0FkMjQckRUWvLE-F1-dt5q6hYa22VRwuFS2XJd90cgEqhf2qxiia0VLvQ3_xcOtyF19HBkesSk-f1LJAQuvjCVS58MyA_yuhvLvlWDD63D-C4txQ6NdjY-Z65E0XybWU-qRnPGXEFMw5npgrWc1HyD322P0OvzWyhWSdEgtjFDKUB-DBM635thR5W31NJLjQ&#038;__tn__=%2ANK-R\" data-ft=\"&#123;&quot;type&quot;:104,&quot;tn&quot;:&quot;*N&quot;&#125;\"><span class=\"_5afx\"><span aria-label=\"hashtag\" class=\"_58cl _5afz\">#AYUDAHUMANITARIA<\/span><\/span><\/a>#<\/p>\n<p> En coordinaci\u00f3n con el  Servicio Nacional de Gesti\u00f3n de Riesgos y Emergencias, el Cuerpo de Bomberos Municipal de Pastaza brinda el apoyo log\u00edstico para la entrega de asistencia  humanitaria a los moradores del  Barrio Cumanda \u00e9 Intipungo,  afectados por las fuertes lluvias suscitadas en la ciudad de Puyo.<\/p>\n<p><a href=\"https:\/\/scontent.fuio15-1.fna.fbcdn.net\/v\/t1.0-9\/73513564_1438392662982934_308881515213750272_n.jpg?_nc_cat=108&#038;_nc_ohc=5aao7BsDTU4AQmIwxRyiTctLWV2zaNkLdQE-2eaPWlSflxjDXPmMCMH8w&#038;_nc_ht=scontent.fuio15-1.fna&#038;oh=99161873cc2818d417749ec1c70b6779&#038;oe=5E70BC44\"><img decoding=\"async\" class=\"wp_automatic_fb_img\" title=\"\" src=\"https:\/\/scontent.fuio15-1.fna.fbcdn.net\/v\/t1.0-9\/73513564_1438392662982934_308881515213750272_n.jpg?_nc_cat=108&#038;_nc_ohc=5aao7BsDTU4AQmIwxRyiTctLWV2zaNkLdQE-2eaPWlSflxjDXPmMCMH8w&#038;_nc_ht=scontent.fuio15-1.fna&#038;oh=99161873cc2818d417749ec1c70b6779&#038;oe=5E70BC44\" \/><\/a><br \/><a href=\"https:\/\/scontent.fuio15-1.fna.fbcdn.net\/v\/t1.0-9\/75412163_1438392689649598_6057378293798141952_n.jpg?_nc_cat=102&#038;_nc_ohc=q5Gdgc8lu2IAQkE7_Wfz53QnffDvZCx5FGVWFZiAkXfzVlY7Y6d6PfdPQ&#038;_nc_ht=scontent.fuio15-1.fna&#038;oh=73c0cbe3702b8d60ff7e36f5e2b2ba4d&#038;oe=5EAB96B6\"><img decoding=\"async\" class=\"wp_automatic_fb_img\" title=\"\" src=\"https:\/\/scontent.fuio15-1.fna.fbcdn.net\/v\/t1.0-9\/75412163_1438392689649598_6057378293798141952_n.jpg?_nc_cat=102&#038;_nc_ohc=q5Gdgc8lu2IAQkE7_Wfz53QnffDvZCx5FGVWFZiAkXfzVlY7Y6d6PfdPQ&#038;_nc_ht=scontent.fuio15-1.fna&#038;oh=73c0cbe3702b8d60ff7e36f5e2b2ba4d&#038;oe=5EAB96B6\" \/><\/a><br \/><a href=\"https:\/\/scontent.fuio15-1.fna.fbcdn.net\/v\/t1.0-9\/76771534_1438392732982927_1103921657245859840_n.jpg?_nc_cat=100&#038;_nc_ohc=v0QcY7z6uZIAQlHmfwiZmj6ZeEsS4rMsobKVrwDeOUTkByk4AZLkiUzFA&#038;_nc_ht=scontent.fuio15-1.fna&#038;oh=e76993eee3aa947c20b861af99515781&#038;oe=5E7B104E\"><img decoding=\"async\" class=\"wp_automatic_fb_img\" title=\"\" src=\"https:\/\/scontent.fuio15-1.fna.fbcdn.net\/v\/t1.0-9\/76771534_1438392732982927_1103921657245859840_n.jpg?_nc_cat=100&#038;_nc_ohc=v0QcY7z6uZIAQlHmfwiZmj6ZeEsS4rMsobKVrwDeOUTkByk4AZLkiUzFA&#038;_nc_ht=scontent.fuio15-1.fna&#038;oh=e76993eee3aa947c20b861af99515781&#038;oe=5E7B104E\" \/><\/a><\/p>\n","protected":false},"author":1,"featured_media":951,"comment_status":"open","ping_status":"open","sticky":false,"template":"","format":"standard","meta":[],"categories":[1],"tags":[185,42,82,186,164,184],"_links":{"self":[{"href":"https:\/\/bomberos.puyo.gob.ec\/2019\/wp-json\/wp\/v2\/posts\/950"}],"collection":[{"href":"https:\/\/bomberos.puyo.gob.ec\/2019\/wp-json\/wp\/v2\/posts"}],"about":[{"href":"https:\/\/bomberos.puyo.gob.ec\/2019\/wp-json\/wp\/v2\/types\/post"}],"author":[{"embeddable":true,"href":"https:\/\/bomberos.puyo.gob.ec\/2019\/wp-json\/wp\/v2\/users\/1"}],"replies":[{"embeddable":true,"href":"https:\/\/bomberos.puyo.gob.ec\/2019\/wp-json\/wp\/v2\/comments?post=950"}],"version-history":[{"count":1,"href":"https:\/\/bomberos.puyo.gob.ec\/2019\/wp-json\/wp\/v2\/posts\/950\/revisions"}],"predecessor-version":[{"id":952,"href":"https:\/\/bomberos.puyo.gob.ec\/2019\/wp-json\/wp\/v2\/posts\/950\/revisions\/952"}],"wp:featuredmedia":[{"embeddable":true,"href":"https:\/\/bomberos.puyo.gob.ec\/2019\/wp-json\/wp\/v2\/media\/951"}],"wp:attachment":[{"href":"https:\/\/bomberos.puyo.gob.ec\/2019\/wp-json\/wp\/v2\/media?parent=950"}],"wp:term":[{"taxonomy":"category","embeddable":true,"href":"https:\/\/bomberos.puyo.gob.ec\/2019\/wp-json\/wp\/v2\/categories?post=950"},{"taxonomy":"post_tag","embeddable":true,"href":"https:\/\/bomberos.puyo.gob.ec\/2019\/wp-json\/wp\/v2\/tags?post=950"}],"curies":[{"name":"wp","href":"https:\/\/api.w.org\/{rel}","templated":true}]}}