{"id":941,"date":"2019-11-19T08:01:46","date_gmt":"2019-11-19T13:01:46","guid":{"rendered":"https:\/\/bomberos.puyo.gob.ec\/ecu911-emergenciamedica-por-llamado-del-servicio-integrado-de-segurida\/"},"modified":"2019-12-19T23:21:50","modified_gmt":"2019-12-20T04:21:50","slug":"ecu911-emergenciamedica-por-llamado-del-servicio-integrado-de-segurida","status":"publish","type":"post","link":"https:\/\/bomberos.puyo.gob.ec\/2019\/ecu911-emergenciamedica-por-llamado-del-servicio-integrado-de-segurida\/","title":{"rendered":"| #ECU911 | #EMERGENCIAMEDICA |\n Por llamado del  Servicio Integrado de Segurida&#8230;"},"content":{"rendered":"<p>| <a class=\"_58cn\" href=\"https:\/\/facebook.com\/hashtag\/ecu911?source=feed_text&#038;epa=HASHTAG&#038;__xts__%5B0%5D=68.ARC90P-kr2C95qAs1MZ6HQQDigOpk85tjhHe9mTFW7z465456_jzqAfExU-SHgvZx1OzRu920a00ftyN6nmuPrdGLFaGEqr09syUPuck9X9J2FRLhE_cUfzGy2azY_cSnLts3tJeYLAuLQZyA7ce5KDaO_CAB75Ujl6cg_M6weV6QOMu2e83CL3Ec_vqTLn5QGvnGA_9sYFronOK9Z_LWe7UfED9cy5x3PPEekuTsbOjtcdBQpVRlqFMcp2xllpjXB93AMCQ-kstX63iQjxPSQc-guaCFFw_yrcid38TLoDIDHXQL3LNgczaPCqoSrK1ta_V2U0RYxI8RLEJgehvAU7RSA&#038;__tn__=%2ANK-R\" data-ft=\"&#123;&quot;type&quot;:104,&quot;tn&quot;:&quot;*N&quot;&#125;\"><span class=\"_5afx\"><span aria-label=\"hashtag\" class=\"_58cl _5afz\">#ECU911<\/span><\/span><\/a> | <a class=\"_58cn\" href=\"https:\/\/facebook.com\/hashtag\/emergenciamedica?source=feed_text&#038;epa=HASHTAG&#038;__xts__%5B0%5D=68.ARC90P-kr2C95qAs1MZ6HQQDigOpk85tjhHe9mTFW7z465456_jzqAfExU-SHgvZx1OzRu920a00ftyN6nmuPrdGLFaGEqr09syUPuck9X9J2FRLhE_cUfzGy2azY_cSnLts3tJeYLAuLQZyA7ce5KDaO_CAB75Ujl6cg_M6weV6QOMu2e83CL3Ec_vqTLn5QGvnGA_9sYFronOK9Z_LWe7UfED9cy5x3PPEekuTsbOjtcdBQpVRlqFMcp2xllpjXB93AMCQ-kstX63iQjxPSQc-guaCFFw_yrcid38TLoDIDHXQL3LNgczaPCqoSrK1ta_V2U0RYxI8RLEJgehvAU7RSA&#038;__tn__=%2ANK-R\" data-ft=\"&#123;&quot;type&quot;:104,&quot;tn&quot;:&quot;*N&quot;&#125;\"><span class=\"_5afx\"><span aria-label=\"hashtag\" class=\"_58cl _5afz\">#EMERGENCIAMEDICA<\/span><\/span><\/a> |<br \/> Por llamado del  <a class=\"profileLink\" href=\"https:\/\/www.facebook.com\/ECU911\/?__tn__=K-R&#038;eid=ARBtFmrZtbzB51lYKOlF8hnuLlhXpQvLMIoc2mTGxc7fYh5qtyM5YC1SpxBL5qWqdpIgziQpnE5Bh6WM&#038;fref=mentions&#038;__xts__%5B0%5D=68.ARC90P-kr2C95qAs1MZ6HQQDigOpk85tjhHe9mTFW7z465456_jzqAfExU-SHgvZx1OzRu920a00ftyN6nmuPrdGLFaGEqr09syUPuck9X9J2FRLhE_cUfzGy2azY_cSnLts3tJeYLAuLQZyA7ce5KDaO_CAB75Ujl6cg_M6weV6QOMu2e83CL3Ec_vqTLn5QGvnGA_9sYFronOK9Z_LWe7UfED9cy5x3PPEekuTsbOjtcdBQpVRlqFMcp2xllpjXB93AMCQ-kstX63iQjxPSQc-guaCFFw_yrcid38TLoDIDHXQL3LNgczaPCqoSrK1ta_V2U0RYxI8RLEJgehvAU7RSA\" data-hovercard=\"\/ajax\/hovercard\/page.php?id=220791158025240&#038;extragetparams=%7B%22__tn__%22%3A%22%2CdK-R-R%22%2C%22eid%22%3A%22ARBtFmrZtbzB51lYKOlF8hnuLlhXpQvLMIoc2mTGxc7fYh5qtyM5YC1SpxBL5qWqdpIgziQpnE5Bh6WM%22%2C%22fref%22%3A%22mentions%22%7D\" data-hovercard-prefer-more-content-show=\"1\">Servicio Integrado de Seguridad ECU 911<\/a> a las 03H52 am <a class=\"profileLink\" href=\"https:\/\/www.facebook.com\/BomberosPuyoEc\/?__tn__=K-R&#038;eid=ARA0psZCJfXmU5cdWedybgHfBlRS6xXKdMG5-wsqGPnW_x9w2iRIS1JUPYn5va-a3cWSWv1qlQnHJkd_&#038;fref=mentions&#038;__xts__%5B0%5D=68.ARC90P-kr2C95qAs1MZ6HQQDigOpk85tjhHe9mTFW7z465456_jzqAfExU-SHgvZx1OzRu920a00ftyN6nmuPrdGLFaGEqr09syUPuck9X9J2FRLhE_cUfzGy2azY_cSnLts3tJeYLAuLQZyA7ce5KDaO_CAB75Ujl6cg_M6weV6QOMu2e83CL3Ec_vqTLn5QGvnGA_9sYFronOK9Z_LWe7UfED9cy5x3PPEekuTsbOjtcdBQpVRlqFMcp2xllpjXB93AMCQ-kstX63iQjxPSQc-guaCFFw_yrcid38TLoDIDHXQL3LNgczaPCqoSrK1ta_V2U0RYxI8RLEJgehvAU7RSA\" data-hovercard=\"\/ajax\/hovercard\/page.php?id=465093860312824&#038;extragetparams=%7B%22__tn__%22%3A%22%2CdK-R-R%22%2C%22eid%22%3A%22ARA0psZCJfXmU5cdWedybgHfBlRS6xXKdMG5-wsqGPnW_x9w2iRIS1JUPYn5va-a3cWSWv1qlQnHJkd_%22%2C%22fref%22%3A%22mentions%22%7D\" data-hovercard-prefer-more-content-show=\"1\">Bomberos Pastaza<\/a> se dirige a una emergencia m\u00e9dica en las calles 20 de Julio y Bol\u00edvar, donde se atiende a paciente de 12 a\u00f1os de edad quien presenta un hematoma en la extremidad inferior izquierda a nivel de la parte posterior del muslo.<br \/> Se lo atiende y estabiliza, dejando a cargo de los se\u00f1ores polic\u00edas de la Dinapen.<\/p>\n<p><a href=\"https:\/\/bomberos.puyo.gob.ec\/2019\/wp-content\/uploads\/ECU911-EMERGENCIAMEDICA-Por-llamado-del-Servicio-Integrado.fna&#038;oh=296c62cd87b36ea190fdf6ba73422b14&#038;oe=5E7D5C86.jpeg\"><img decoding=\"async\" class=\"wp_automatic_fb_img\" title=\"\" src=\"https:\/\/bomberos.puyo.gob.ec\/2019\/wp-content\/uploads\/ECU911-EMERGENCIAMEDICA-Por-llamado-del-Servicio-Integrado.fna&#038;oh=296c62cd87b36ea190fdf6ba73422b14&#038;oe=5E7D5C86.jpeg\" \/><\/a><br \/>\n<br \/><a href=\"https:\/\/www.facebook.com\/465093860312824\/posts\/1441234852698715\">en facebook&#8230; <\/a>  <\/p>\n","protected":false},"excerpt":{"rendered":"<p>| <a class=\"_58cn\" href=\"https:\/\/facebook.com\/hashtag\/ecu911?source=feed_text&#038;epa=HASHTAG&#038;__xts__%5B0%5D=68.ARC90P-kr2C95qAs1MZ6HQQDigOpk85tjhHe9mTFW7z465456_jzqAfExU-SHgvZx1OzRu920a00ftyN6nmuPrdGLFaGEqr09syUPuck9X9J2FRLhE_cUfzGy2azY_cSnLts3tJeYLAuLQZyA7ce5KDaO_CAB75Ujl6cg_M6weV6QOMu2e83CL3Ec_vqTLn5QGvnGA_9sYFronOK9Z_LWe7UfED9cy5x3PPEekuTsbOjtcdBQpVRlqFMcp2xllpjXB93AMCQ-kstX63iQjxPSQc-guaCFFw_yrcid38TLoDIDHXQL3LNgczaPCqoSrK1ta_V2U0RYxI8RLEJgehvAU7RSA&#038;__tn__=%2ANK-R\" data-ft=\"&#123;&quot;type&quot;:104,&quot;tn&quot;:&quot;*N&quot;&#125;\"><span class=\"_5afx\"><span aria-label=\"hashtag\" class=\"_58cl _5afz\">#ECU911<\/span><\/span><\/a> | <a class=\"_58cn\" href=\"https:\/\/facebook.com\/hashtag\/emergenciamedica?source=feed_text&#038;epa=HASHTAG&#038;__xts__%5B0%5D=68.ARC90P-kr2C95qAs1MZ6HQQDigOpk85tjhHe9mTFW7z465456_jzqAfExU-SHgvZx1OzRu920a00ftyN6nmuPrdGLFaGEqr09syUPuck9X9J2FRLhE_cUfzGy2azY_cSnLts3tJeYLAuLQZyA7ce5KDaO_CAB75Ujl6cg_M6weV6QOMu2e83CL3Ec_vqTLn5QGvnGA_9sYFronOK9Z_LWe7UfED9cy5x3PPEekuTsbOjtcdBQpVRlqFMcp2xllpjXB93AMCQ-kstX63iQjxPSQc-guaCFFw_yrcid38TLoDIDHXQL3LNgczaPCqoSrK1ta_V2U0RYxI8RLEJgehvAU7RSA&#038;__tn__=%2ANK-R\" data-ft=\"&#123;&quot;type&quot;:104,&quot;tn&quot;:&quot;*N&quot;&#125;\"><span class=\"_5afx\"><span aria-label=\"hashtag\" class=\"_58cl _5afz\">#EMERGENCIAMEDICA<\/span><\/span><\/a> |<br \/> Por llamado del  <a class=\"profileLink\" href=\"https:\/\/www.facebook.com\/ECU911\/?__tn__=K-R&#038;eid=ARBtFmrZtbzB51lYKOlF8hnuLlhXpQvLMIoc2mTGxc7fYh5qtyM5YC1SpxBL5qWqdpIgziQpnE5Bh6WM&#038;fref=mentions&#038;__xts__%5B0%5D=68.ARC90P-kr2C95qAs1MZ6HQQDigOpk85tjhHe9mTFW7z465456_jzqAfExU-SHgvZx1OzRu920a00ftyN6nmuPrdGLFaGEqr09syUPuck9X9J2FRLhE_cUfzGy2azY_cSnLts3tJeYLAuLQZyA7ce5KDaO_CAB75Ujl6cg_M6weV6QOMu2e83CL3Ec_vqTLn5QGvnGA_9sYFronOK9Z_LWe7UfED9cy5x3PPEekuTsbOjtcdBQpVRlqFMcp2xllpjXB93AMCQ-kstX63iQjxPSQc-guaCFFw_yrcid38TLoDIDHXQL3LNgczaPCqoSrK1ta_V2U0RYxI8RLEJgehvAU7RSA\" data-hovercard=\"\/ajax\/hovercard\/page.php?id=220791158025240&#038;extragetparams=%7B%22__tn__%22%3A%22%2CdK-R-R%22%2C%22eid%22%3A%22ARBtFmrZtbzB51lYKOlF8hnuLlhXpQvLMIoc2mTGxc7fYh5qtyM5YC1SpxBL5qWqdpIgziQpnE5Bh6WM%22%2C%22fref%22%3A%22mentions%22%7D\" data-hovercard-prefer-more-content-show=\"1\">Servicio Integrado de Seguridad ECU 911<\/a> a las 03H52 am <a class=\"profileLink\" href=\"https:\/\/www.facebook.com\/BomberosPuyoEc\/?__tn__=K-R&#038;eid=ARA0psZCJfXmU5cdWedybgHfBlRS6xXKdMG5-wsqGPnW_x9w2iRIS1JUPYn5va-a3cWSWv1qlQnHJkd_&#038;fref=mentions&#038;__xts__%5B0%5D=68.ARC90P-kr2C95qAs1MZ6HQQDigOpk85tjhHe9mTFW7z465456_jzqAfExU-SHgvZx1OzRu920a00ftyN6nmuPrdGLFaGEqr09syUPuck9X9J2FRLhE_cUfzGy2azY_cSnLts3tJeYLAuLQZyA7ce5KDaO_CAB75Ujl6cg_M6weV6QOMu2e83CL3Ec_vqTLn5QGvnGA_9sYFronOK9Z_LWe7UfED9cy5x3PPEekuTsbOjtcdBQpVRlqFMcp2xllpjXB93AMCQ-kstX63iQjxPSQc-guaCFFw_yrcid38TLoDIDHXQL3LNgczaPCqoSrK1ta_V2U0RYxI8RLEJgehvAU7RSA\" data-hovercard=\"\/ajax\/hovercard\/page.php?id=465093860312824&#038;extragetparams=%7B%22__tn__%22%3A%22%2CdK-R-R%22%2C%22eid%22%3A%22ARA0psZCJfXmU5cdWedybgHfBlRS6xXKdMG5-wsqGPnW_x9w2iRIS1JUPYn5va-a3cWSWv1qlQnHJkd_%22%2C%22fref%22%3A%22mentions%22%7D\" data-hovercard-prefer-more-content-show=\"1\">Bomberos Pastaza<\/a> se dirige a una emergencia m\u00e9dica en las calles 20 de Julio y Bol\u00edvar, donde se atiende a paciente de 12 a\u00f1os de edad quien presenta un hematoma en la extremidad inferior izquierda a nivel de la parte posterior del muslo.<br \/> Se lo atiende y estabiliza, dejando a cargo de los se\u00f1ores polic\u00edas de la Dinapen.<\/p>\n<p><a href=\"https:\/\/scontent.fuio15-1.fna.fbcdn.net\/v\/t1.0-9\/78691091_1441234429365424_8666087037922705408_n.jpg?_nc_cat=103&#038;_nc_ohc=5qs7RdGzjWcAQmChPDoTeSRJcIAkaJlTKX17I5OmNmO-3XwQnbAmvVrPA&#038;_nc_ht=scontent.fuio15-1.fna&#038;oh=296c62cd87b36ea190fdf6ba73422b14&#038;oe=5E7D5C86\"><img decoding=\"async\" class=\"wp_automatic_fb_img\" title=\"\" src=\"https:\/\/scontent.fuio15-1.fna.fbcdn.net\/v\/t1.0-9\/78691091_1441234429365424_8666087037922705408_n.jpg?_nc_cat=103&#038;_nc_ohc=5qs7RdGzjWcAQmChPDoTeSRJcIAkaJlTKX17I5OmNmO-3XwQnbAmvVrPA&#038;_nc_ht=scontent.fuio15-1.fna&#038;oh=296c62cd87b36ea190fdf6ba73422b14&#038;oe=5E7D5C86\" \/><\/a><\/p>\n","protected":false},"author":1,"featured_media":942,"comment_status":"open","ping_status":"open","sticky":false,"template":"","format":"standard","meta":[],"categories":[1],"tags":[32,69,29,172,31,30,179,164],"_links":{"self":[{"href":"https:\/\/bomberos.puyo.gob.ec\/2019\/wp-json\/wp\/v2\/posts\/941"}],"collection":[{"href":"https:\/\/bomberos.puyo.gob.ec\/2019\/wp-json\/wp\/v2\/posts"}],"about":[{"href":"https:\/\/bomberos.puyo.gob.ec\/2019\/wp-json\/wp\/v2\/types\/post"}],"author":[{"embeddable":true,"href":"https:\/\/bomberos.puyo.gob.ec\/2019\/wp-json\/wp\/v2\/users\/1"}],"replies":[{"embeddable":true,"href":"https:\/\/bomberos.puyo.gob.ec\/2019\/wp-json\/wp\/v2\/comments?post=941"}],"version-history":[{"count":1,"href":"https:\/\/bomberos.puyo.gob.ec\/2019\/wp-json\/wp\/v2\/posts\/941\/revisions"}],"predecessor-version":[{"id":943,"href":"https:\/\/bomberos.puyo.gob.ec\/2019\/wp-json\/wp\/v2\/posts\/941\/revisions\/943"}],"wp:featuredmedia":[{"embeddable":true,"href":"https:\/\/bomberos.puyo.gob.ec\/2019\/wp-json\/wp\/v2\/media\/942"}],"wp:attachment":[{"href":"https:\/\/bomberos.puyo.gob.ec\/2019\/wp-json\/wp\/v2\/media?parent=941"}],"wp:term":[{"taxonomy":"category","embeddable":true,"href":"https:\/\/bomberos.puyo.gob.ec\/2019\/wp-json\/wp\/v2\/categories?post=941"},{"taxonomy":"post_tag","embeddable":true,"href":"https:\/\/bomberos.puyo.gob.ec\/2019\/wp-json\/wp\/v2\/tags?post=941"}],"curies":[{"name":"wp","href":"https:\/\/api.w.org\/{rel}","templated":true}]}}