{"id":932,"date":"2019-11-20T08:41:50","date_gmt":"2019-11-20T13:41:50","guid":{"rendered":"https:\/\/bomberos.puyo.gob.ec\/capacitacion-primerosauxilios-evacuacion-el-cuerpo-de-bomberos-munici\/"},"modified":"2019-12-19T20:12:55","modified_gmt":"2019-12-20T01:12:55","slug":"capacitacion-primerosauxilios-evacuacion-el-cuerpo-de-bomberos-munici","status":"publish","type":"post","link":"https:\/\/bomberos.puyo.gob.ec\/2019\/capacitacion-primerosauxilios-evacuacion-el-cuerpo-de-bomberos-munici\/","title":{"rendered":"| #CAPACITACI\u00d3N | #PRIMEROSAUXILIOS| #EVACUACI\u00d3N |\n El Cuerpo de Bomberos Munici&#8230;"},"content":{"rendered":"<p>| <a class=\"_58cn\" href=\"https:\/\/facebook.com\/hashtag\/capacitaci&#xf3;n?source=feed_text&#038;epa=HASHTAG&#038;__xts__%5B0%5D=68.ARAX0U3XFx1cqyE1825BLeSGayKLhatBtQa6MuyWrulVSK_dTLQY0HgK8n7usBkcdlHjo-JanmA-TM-tFyPF9P3LIKC4Z5S6qLa9dkq5Ce3uYFdKlA6GLl5KS48Ybo5FRO8crnKvi-4Nma52lmXoDgkHZGhUptDX6N0iKL_qAJlvnCBamrUTXU-SkSoRJiYhJ48HI4moiY2QLoLlFTkW2Jj5HNhG_JS4OV0_m-vyawxs7kSNuDTKC9oFPpKYSkaj1RDRzt6mvNKyxtvM-WkaAeWE7Xp490K98rwV5G4CK-FtIN4j9rdGbm4Wuq44BIpIzTNp2DU2Dp_oU2PpQf5jbRHWpQ&#038;__tn__=%2ANK-R\" data-ft=\"&#123;&quot;type&quot;:104,&quot;tn&quot;:&quot;*N&quot;&#125;\"><span class=\"_5afx\"><span aria-label=\"hashtag\" class=\"_58cl _5afz\">#CAPACITACI\u00d3N<\/span><\/span><\/a> | <a class=\"_58cn\" href=\"https:\/\/facebook.com\/hashtag\/primerosauxilios?source=feed_text&#038;epa=HASHTAG&#038;__xts__%5B0%5D=68.ARAX0U3XFx1cqyE1825BLeSGayKLhatBtQa6MuyWrulVSK_dTLQY0HgK8n7usBkcdlHjo-JanmA-TM-tFyPF9P3LIKC4Z5S6qLa9dkq5Ce3uYFdKlA6GLl5KS48Ybo5FRO8crnKvi-4Nma52lmXoDgkHZGhUptDX6N0iKL_qAJlvnCBamrUTXU-SkSoRJiYhJ48HI4moiY2QLoLlFTkW2Jj5HNhG_JS4OV0_m-vyawxs7kSNuDTKC9oFPpKYSkaj1RDRzt6mvNKyxtvM-WkaAeWE7Xp490K98rwV5G4CK-FtIN4j9rdGbm4Wuq44BIpIzTNp2DU2Dp_oU2PpQf5jbRHWpQ&#038;__tn__=%2ANK-R\" data-ft=\"&#123;&quot;type&quot;:104,&quot;tn&quot;:&quot;*N&quot;&#125;\"><span class=\"_5afx\"><span aria-label=\"hashtag\" class=\"_58cl _5afz\">#PRIMEROSAUXILIOS<\/span><\/span><\/a>| <a class=\"_58cn\" href=\"https:\/\/facebook.com\/hashtag\/evacuaci&#xf3;n?source=feed_text&#038;epa=HASHTAG&#038;__xts__%5B0%5D=68.ARAX0U3XFx1cqyE1825BLeSGayKLhatBtQa6MuyWrulVSK_dTLQY0HgK8n7usBkcdlHjo-JanmA-TM-tFyPF9P3LIKC4Z5S6qLa9dkq5Ce3uYFdKlA6GLl5KS48Ybo5FRO8crnKvi-4Nma52lmXoDgkHZGhUptDX6N0iKL_qAJlvnCBamrUTXU-SkSoRJiYhJ48HI4moiY2QLoLlFTkW2Jj5HNhG_JS4OV0_m-vyawxs7kSNuDTKC9oFPpKYSkaj1RDRzt6mvNKyxtvM-WkaAeWE7Xp490K98rwV5G4CK-FtIN4j9rdGbm4Wuq44BIpIzTNp2DU2Dp_oU2PpQf5jbRHWpQ&#038;__tn__=%2ANK-R\" data-ft=\"&#123;&quot;type&quot;:104,&quot;tn&quot;:&quot;*N&quot;&#125;\"><span class=\"_5afx\"><span aria-label=\"hashtag\" class=\"_58cl _5afz\">#EVACUACI\u00d3N<\/span><\/span><\/a> |<br \/> El Cuerpo de Bomberos Municipal del Cant\u00f3n Pastaza brinda capacitaci\u00f3n en primeros auxilios y de evacuaci\u00f3n en la Escuela P\u00edo Jaramillo Alvarado, sector de las Am\u00e9ricas v\u00eda al Tena, con el fin de adoptar las rutinas de acci\u00f3n m\u00e1s convenientes para afrontar una situaci\u00f3n de emergencia.<\/p>\n<p><a href=\"https:\/\/bomberos.puyo.gob.ec\/2019\/wp-content\/uploads\/CAPACITACION-PRIMEROSAUXILIOS-EVACUACION-El-Cuerpo-de-Bomberos.fna&#038;oh=75904d6c2437ff61af778e5ad07e1e3e&#038;oe=5EAE50EE.jpeg\"><img decoding=\"async\" class=\"wp_automatic_fb_img\" title=\"\" src=\"https:\/\/bomberos.puyo.gob.ec\/2019\/wp-content\/uploads\/CAPACITACION-PRIMEROSAUXILIOS-EVACUACION-El-Cuerpo-de-Bomberos.fna&#038;oh=75904d6c2437ff61af778e5ad07e1e3e&#038;oe=5EAE50EE.jpeg\" \/><\/a><br \/>\n<br \/><a href=\"https:\/\/www.facebook.com\/465093860312824\/posts\/1442332682588932\">en facebook&#8230; <\/a>  <\/p>\n","protected":false},"excerpt":{"rendered":"<p>| <a class=\"_58cn\" href=\"https:\/\/facebook.com\/hashtag\/capacitaci&#xf3;n?source=feed_text&#038;epa=HASHTAG&#038;__xts__%5B0%5D=68.ARAX0U3XFx1cqyE1825BLeSGayKLhatBtQa6MuyWrulVSK_dTLQY0HgK8n7usBkcdlHjo-JanmA-TM-tFyPF9P3LIKC4Z5S6qLa9dkq5Ce3uYFdKlA6GLl5KS48Ybo5FRO8crnKvi-4Nma52lmXoDgkHZGhUptDX6N0iKL_qAJlvnCBamrUTXU-SkSoRJiYhJ48HI4moiY2QLoLlFTkW2Jj5HNhG_JS4OV0_m-vyawxs7kSNuDTKC9oFPpKYSkaj1RDRzt6mvNKyxtvM-WkaAeWE7Xp490K98rwV5G4CK-FtIN4j9rdGbm4Wuq44BIpIzTNp2DU2Dp_oU2PpQf5jbRHWpQ&#038;__tn__=%2ANK-R\" data-ft=\"&#123;&quot;type&quot;:104,&quot;tn&quot;:&quot;*N&quot;&#125;\"><span class=\"_5afx\"><span aria-label=\"hashtag\" class=\"_58cl _5afz\">#CAPACITACI\u00d3N<\/span><\/span><\/a> | <a class=\"_58cn\" href=\"https:\/\/facebook.com\/hashtag\/primerosauxilios?source=feed_text&#038;epa=HASHTAG&#038;__xts__%5B0%5D=68.ARAX0U3XFx1cqyE1825BLeSGayKLhatBtQa6MuyWrulVSK_dTLQY0HgK8n7usBkcdlHjo-JanmA-TM-tFyPF9P3LIKC4Z5S6qLa9dkq5Ce3uYFdKlA6GLl5KS48Ybo5FRO8crnKvi-4Nma52lmXoDgkHZGhUptDX6N0iKL_qAJlvnCBamrUTXU-SkSoRJiYhJ48HI4moiY2QLoLlFTkW2Jj5HNhG_JS4OV0_m-vyawxs7kSNuDTKC9oFPpKYSkaj1RDRzt6mvNKyxtvM-WkaAeWE7Xp490K98rwV5G4CK-FtIN4j9rdGbm4Wuq44BIpIzTNp2DU2Dp_oU2PpQf5jbRHWpQ&#038;__tn__=%2ANK-R\" data-ft=\"&#123;&quot;type&quot;:104,&quot;tn&quot;:&quot;*N&quot;&#125;\"><span class=\"_5afx\"><span aria-label=\"hashtag\" class=\"_58cl _5afz\">#PRIMEROSAUXILIOS<\/span><\/span><\/a>| <a class=\"_58cn\" href=\"https:\/\/facebook.com\/hashtag\/evacuaci&#xf3;n?source=feed_text&#038;epa=HASHTAG&#038;__xts__%5B0%5D=68.ARAX0U3XFx1cqyE1825BLeSGayKLhatBtQa6MuyWrulVSK_dTLQY0HgK8n7usBkcdlHjo-JanmA-TM-tFyPF9P3LIKC4Z5S6qLa9dkq5Ce3uYFdKlA6GLl5KS48Ybo5FRO8crnKvi-4Nma52lmXoDgkHZGhUptDX6N0iKL_qAJlvnCBamrUTXU-SkSoRJiYhJ48HI4moiY2QLoLlFTkW2Jj5HNhG_JS4OV0_m-vyawxs7kSNuDTKC9oFPpKYSkaj1RDRzt6mvNKyxtvM-WkaAeWE7Xp490K98rwV5G4CK-FtIN4j9rdGbm4Wuq44BIpIzTNp2DU2Dp_oU2PpQf5jbRHWpQ&#038;__tn__=%2ANK-R\" data-ft=\"&#123;&quot;type&quot;:104,&quot;tn&quot;:&quot;*N&quot;&#125;\"><span class=\"_5afx\"><span aria-label=\"hashtag\" class=\"_58cl _5afz\">#EVACUACI\u00d3N<\/span><\/span><\/a> |<br \/> El Cuerpo de Bomberos Municipal del Cant\u00f3n Pastaza brinda capacitaci\u00f3n en primeros auxilios y de evacuaci\u00f3n en la Escuela P\u00edo Jaramillo Alvarado, sector de las Am\u00e9ricas v\u00eda al Tena, con el fin de adoptar las rutinas de acci\u00f3n m\u00e1s convenientes para afrontar una situaci\u00f3n de emergencia.<\/p>\n<p><a href=\"https:\/\/scontent.fuio15-1.fna.fbcdn.net\/v\/t1.0-9\/75220790_1442331015922432_1174731065068093440_o.jpg?_nc_cat=102&#038;_nc_ohc=mBURzbaRAc0AQnOOMNxJbNF-owDkkSXMitEjlR2FIRAu-jQFNUUi61s4A&#038;_nc_ht=scontent.fuio15-1.fna&#038;oh=75904d6c2437ff61af778e5ad07e1e3e&#038;oe=5EAE50EE\"><img decoding=\"async\" class=\"wp_automatic_fb_img\" title=\"\" src=\"https:\/\/scontent.fuio15-1.fna.fbcdn.net\/v\/t1.0-9\/75220790_1442331015922432_1174731065068093440_o.jpg?_nc_cat=102&#038;_nc_ohc=mBURzbaRAc0AQnOOMNxJbNF-owDkkSXMitEjlR2FIRAu-jQFNUUi61s4A&#038;_nc_ht=scontent.fuio15-1.fna&#038;oh=75904d6c2437ff61af778e5ad07e1e3e&#038;oe=5EAE50EE\" \/><\/a><\/p>\n","protected":false},"author":1,"featured_media":933,"comment_status":"open","ping_status":"open","sticky":false,"template":"","format":"standard","meta":[],"categories":[1],"tags":[73,65,64,137,109,63],"_links":{"self":[{"href":"https:\/\/bomberos.puyo.gob.ec\/2019\/wp-json\/wp\/v2\/posts\/932"}],"collection":[{"href":"https:\/\/bomberos.puyo.gob.ec\/2019\/wp-json\/wp\/v2\/posts"}],"about":[{"href":"https:\/\/bomberos.puyo.gob.ec\/2019\/wp-json\/wp\/v2\/types\/post"}],"author":[{"embeddable":true,"href":"https:\/\/bomberos.puyo.gob.ec\/2019\/wp-json\/wp\/v2\/users\/1"}],"replies":[{"embeddable":true,"href":"https:\/\/bomberos.puyo.gob.ec\/2019\/wp-json\/wp\/v2\/comments?post=932"}],"version-history":[{"count":1,"href":"https:\/\/bomberos.puyo.gob.ec\/2019\/wp-json\/wp\/v2\/posts\/932\/revisions"}],"predecessor-version":[{"id":934,"href":"https:\/\/bomberos.puyo.gob.ec\/2019\/wp-json\/wp\/v2\/posts\/932\/revisions\/934"}],"wp:featuredmedia":[{"embeddable":true,"href":"https:\/\/bomberos.puyo.gob.ec\/2019\/wp-json\/wp\/v2\/media\/933"}],"wp:attachment":[{"href":"https:\/\/bomberos.puyo.gob.ec\/2019\/wp-json\/wp\/v2\/media?parent=932"}],"wp:term":[{"taxonomy":"category","embeddable":true,"href":"https:\/\/bomberos.puyo.gob.ec\/2019\/wp-json\/wp\/v2\/categories?post=932"},{"taxonomy":"post_tag","embeddable":true,"href":"https:\/\/bomberos.puyo.gob.ec\/2019\/wp-json\/wp\/v2\/tags?post=932"}],"curies":[{"name":"wp","href":"https:\/\/api.w.org\/{rel}","templated":true}]}}