{"id":631,"date":"2019-11-27T17:01:55","date_gmt":"2019-11-27T22:01:55","guid":{"rendered":"https:\/\/bomberos.puyo.gob.ec\/luego-de-una-jornada-de-3-dias-de-capacitacion-teorica-y-practica-finaliza-el-t\/"},"modified":"2019-12-19T08:44:06","modified_gmt":"2019-12-19T13:44:06","slug":"luego-de-una-jornada-de-3-dias-de-capacitacion-teorica-y-practica-finaliza-el-t","status":"publish","type":"post","link":"https:\/\/bomberos.puyo.gob.ec\/2019\/luego-de-una-jornada-de-3-dias-de-capacitacion-teorica-y-practica-finaliza-el-t\/","title":{"rendered":"Luego de una jornada de 3 d\u00edas de capacitaci\u00f3n te\u00f3rica y pr\u00e1ctica, finaliza el t&#8230;"},"content":{"rendered":"<p>Luego de una jornada de 3 d\u00edas de capacitaci\u00f3n te\u00f3rica y pr\u00e1ctica, finaliza el taller de \u201cEvaluaci\u00f3n Inicial de Necesidades (EVIN)\u201d, en donde participaron bomberos operativos de los cantones Pastaza, Mera, Arajuno, Santa Clara, al igual que las Unidades Gesti\u00f3n de Riesgos de los cantones y provincia de Pastaza.<\/p>\n<p> Con la aplicaci\u00f3n de esta herramienta acortaremos los tiempos de atenci\u00f3n a las familias afectadas por eventos peligrosos.<\/p>\n<p><a href=\"https:\/\/bomberos.puyo.gob.ec\/2019\/wp-content\/uploads\/Luego-de-una-jornada-de-3-dias-de-capacitacion-teorica.fna&#038;oh=0668efa3b1cfa66d70c4ec0377032cec&#038;oe=5E65F445.jpeg\"><img decoding=\"async\" class=\"wp_automatic_fb_img\" title=\"\" src=\"https:\/\/bomberos.puyo.gob.ec\/2019\/wp-content\/uploads\/Luego-de-una-jornada-de-3-dias-de-capacitacion-teorica.fna&#038;oh=0668efa3b1cfa66d70c4ec0377032cec&#038;oe=5E65F445.jpeg\" \/><\/a><br \/><a href=\"https:\/\/bomberos.puyo.gob.ec\/2019\/wp-content\/uploads\/Luego-de-una-jornada-de-3-dias-de-capacitacion-teorica.fna&#038;oh=a13f231dcffcfec8dad6d0e832c1581b&#038;oe=5EAF2E3F.jpeg\"><img decoding=\"async\" class=\"wp_automatic_fb_img\" title=\"\" src=\"https:\/\/bomberos.puyo.gob.ec\/2019\/wp-content\/uploads\/Luego-de-una-jornada-de-3-dias-de-capacitacion-teorica.fna&#038;oh=a13f231dcffcfec8dad6d0e832c1581b&#038;oe=5EAF2E3F.jpeg\" \/><\/a><br \/><a href=\"https:\/\/bomberos.puyo.gob.ec\/2019\/wp-content\/uploads\/Luego-de-una-jornada-de-3-dias-de-capacitacion-teorica.fna&#038;oh=5a02c2abdf2bdc2f190646c6ae70a8b3&#038;oe=5E67C18B.jpeg\"><img decoding=\"async\" class=\"wp_automatic_fb_img\" title=\"\" src=\"https:\/\/bomberos.puyo.gob.ec\/2019\/wp-content\/uploads\/Luego-de-una-jornada-de-3-dias-de-capacitacion-teorica.fna&#038;oh=5a02c2abdf2bdc2f190646c6ae70a8b3&#038;oe=5E67C18B.jpeg\" \/><\/a><br \/><a href=\"https:\/\/bomberos.puyo.gob.ec\/2019\/wp-content\/uploads\/Luego-de-una-jornada-de-3-dias-de-capacitacion-teorica.fna&#038;oh=1a6f3bb0e53315cdd6b01828f4e3cb47&#038;oe=5E7B8AF7.jpeg\"><img decoding=\"async\" class=\"wp_automatic_fb_img\" title=\"\" src=\"https:\/\/bomberos.puyo.gob.ec\/2019\/wp-content\/uploads\/Luego-de-una-jornada-de-3-dias-de-capacitacion-teorica.fna&#038;oh=1a6f3bb0e53315cdd6b01828f4e3cb47&#038;oe=5E7B8AF7.jpeg\" \/><\/a><br \/><a href=\"https:\/\/bomberos.puyo.gob.ec\/2019\/wp-content\/uploads\/Luego-de-una-jornada-de-3-dias-de-capacitacion-teorica.fna&#038;oh=4bb964005b153e2e9e13b35d921c00eb&#038;oe=5E6EE60F.jpeg\"><img decoding=\"async\" class=\"wp_automatic_fb_img\" title=\"\" src=\"https:\/\/bomberos.puyo.gob.ec\/2019\/wp-content\/uploads\/Luego-de-una-jornada-de-3-dias-de-capacitacion-teorica.fna&#038;oh=4bb964005b153e2e9e13b35d921c00eb&#038;oe=5E6EE60F.jpeg\" \/><\/a><br \/>\n<br \/><a href=\"https:\/\/www.facebook.com\/465093860312824\/posts\/1449718081850392\">en facebook&#8230; <\/a>  <\/p>\n","protected":false},"excerpt":{"rendered":"<p>Luego de una jornada de 3 d\u00edas de capacitaci\u00f3n te\u00f3rica y pr\u00e1ctica, finaliza el taller de \u201cEvaluaci\u00f3n Inicial de Necesidades (EVIN)\u201d, en donde participaron bomberos operativos de los cantones Pastaza, Mera, Arajuno, Santa Clara, al igual que las Unidades Gesti\u00f3n de Riesgos de los cantones y provincia de Pastaza.<\/p>\n<p> Con la aplicaci\u00f3n de esta herramienta acortaremos los tiempos de atenci\u00f3n a las familias afectadas por eventos peligrosos.<\/p>\n<p><a href=\"https:\/\/scontent.fuio15-1.fna.fbcdn.net\/v\/t1.0-9\/77400128_1449717785183755_3671971749865455616_n.jpg?_nc_cat=111&#038;_nc_ohc=A2u8VPlnus4AQnnWW_K9e1PlK5vXQaTN8Ax-1zUtHzo4udPTHjVY-fhIA&#038;_nc_ht=scontent.fuio15-1.fna&#038;oh=0668efa3b1cfa66d70c4ec0377032cec&#038;oe=5E65F445\"><img decoding=\"async\" class=\"wp_automatic_fb_img\" title=\"\" src=\"https:\/\/scontent.fuio15-1.fna.fbcdn.net\/v\/t1.0-9\/77400128_1449717785183755_3671971749865455616_n.jpg?_nc_cat=111&#038;_nc_ohc=A2u8VPlnus4AQnnWW_K9e1PlK5vXQaTN8Ax-1zUtHzo4udPTHjVY-fhIA&#038;_nc_ht=scontent.fuio15-1.fna&#038;oh=0668efa3b1cfa66d70c4ec0377032cec&#038;oe=5E65F445\" \/><\/a><br \/><a href=\"https:\/\/scontent.fuio15-1.fna.fbcdn.net\/v\/t1.0-9\/78180263_1449717851850415_8321186522510393344_n.jpg?_nc_cat=101&#038;_nc_ohc=fKlqx4uYOxMAQmKKkay7atJqG7KL7Ss9qaxmldQ8375ikosbK2XRpvnDA&#038;_nc_ht=scontent.fuio15-1.fna&#038;oh=a13f231dcffcfec8dad6d0e832c1581b&#038;oe=5EAF2E3F\"><img decoding=\"async\" class=\"wp_automatic_fb_img\" title=\"\" src=\"https:\/\/scontent.fuio15-1.fna.fbcdn.net\/v\/t1.0-9\/78180263_1449717851850415_8321186522510393344_n.jpg?_nc_cat=101&#038;_nc_ohc=fKlqx4uYOxMAQmKKkay7atJqG7KL7Ss9qaxmldQ8375ikosbK2XRpvnDA&#038;_nc_ht=scontent.fuio15-1.fna&#038;oh=a13f231dcffcfec8dad6d0e832c1581b&#038;oe=5EAF2E3F\" \/><\/a><br \/><a href=\"https:\/\/scontent.fuio15-1.fna.fbcdn.net\/v\/t1.0-9\/78563536_1449717955183738_4090855370463903744_n.jpg?_nc_cat=109&#038;_nc_ohc=GzHjwg1kFlUAQnVCaxFVMHoSAX3UbtsNuwvcnqNfnywlmSooF9hf0W-dA&#038;_nc_ht=scontent.fuio15-1.fna&#038;oh=5a02c2abdf2bdc2f190646c6ae70a8b3&#038;oe=5E67C18B\"><img decoding=\"async\" class=\"wp_automatic_fb_img\" title=\"\" src=\"https:\/\/scontent.fuio15-1.fna.fbcdn.net\/v\/t1.0-9\/78563536_1449717955183738_4090855370463903744_n.jpg?_nc_cat=109&#038;_nc_ohc=GzHjwg1kFlUAQnVCaxFVMHoSAX3UbtsNuwvcnqNfnywlmSooF9hf0W-dA&#038;_nc_ht=scontent.fuio15-1.fna&#038;oh=5a02c2abdf2bdc2f190646c6ae70a8b3&#038;oe=5E67C18B\" \/><\/a><br \/><a href=\"https:\/\/scontent.fuio15-1.fna.fbcdn.net\/v\/t1.0-9\/74680762_1449718011850399_8188413127587528704_n.jpg?_nc_cat=105&#038;_nc_ohc=CesRn9iXJmcAQl_AWKhaOy1vAXJiD4kZldADFZLnnG5xCHoTjR0OR0Q1A&#038;_nc_ht=scontent.fuio15-1.fna&#038;oh=1a6f3bb0e53315cdd6b01828f4e3cb47&#038;oe=5E7B8AF7\"><img decoding=\"async\" class=\"wp_automatic_fb_img\" title=\"\" src=\"https:\/\/scontent.fuio15-1.fna.fbcdn.net\/v\/t1.0-9\/74680762_1449718011850399_8188413127587528704_n.jpg?_nc_cat=105&#038;_nc_ohc=CesRn9iXJmcAQl_AWKhaOy1vAXJiD4kZldADFZLnnG5xCHoTjR0OR0Q1A&#038;_nc_ht=scontent.fuio15-1.fna&#038;oh=1a6f3bb0e53315cdd6b01828f4e3cb47&#038;oe=5E7B8AF7\" \/><\/a><br \/><a href=\"https:\/\/scontent.fuio15-1.fna.fbcdn.net\/v\/t1.0-9\/75083187_1449718048517062_8677060129608171520_n.jpg?_nc_cat=107&#038;_nc_ohc=tYxteSd0CCQAQmgSIRPhzdtNkso654dgI-17hMnYypDL6GocBon43Ctyg&#038;_nc_ht=scontent.fuio15-1.fna&#038;oh=4bb964005b153e2e9e13b35d921c00eb&#038;oe=5E6EE60F\"><img decoding=\"async\" class=\"wp_automatic_fb_img\" title=\"\" src=\"https:\/\/scontent.fuio15-1.fna.fbcdn.net\/v\/t1.0-9\/75083187_1449718048517062_8677060129608171520_n.jpg?_nc_cat=107&#038;_nc_ohc=tYxteSd0CCQAQmgSIRPhzdtNkso654dgI-17hMnYypDL6GocBon43Ctyg&#038;_nc_ht=scontent.fuio15-1.fna&#038;oh=4bb964005b153e2e9e13b35d921c00eb&#038;oe=5E6EE60F\" \/><\/a><\/p>\n","protected":false},"author":1,"featured_media":632,"comment_status":"open","ping_status":"open","sticky":false,"template":"","format":"standard","meta":[],"categories":[1],"tags":[65,159,162,158,157,161,160,119],"_links":{"self":[{"href":"https:\/\/bomberos.puyo.gob.ec\/2019\/wp-json\/wp\/v2\/posts\/631"}],"collection":[{"href":"https:\/\/bomberos.puyo.gob.ec\/2019\/wp-json\/wp\/v2\/posts"}],"about":[{"href":"https:\/\/bomberos.puyo.gob.ec\/2019\/wp-json\/wp\/v2\/types\/post"}],"author":[{"embeddable":true,"href":"https:\/\/bomberos.puyo.gob.ec\/2019\/wp-json\/wp\/v2\/users\/1"}],"replies":[{"embeddable":true,"href":"https:\/\/bomberos.puyo.gob.ec\/2019\/wp-json\/wp\/v2\/comments?post=631"}],"version-history":[{"count":1,"href":"https:\/\/bomberos.puyo.gob.ec\/2019\/wp-json\/wp\/v2\/posts\/631\/revisions"}],"predecessor-version":[{"id":633,"href":"https:\/\/bomberos.puyo.gob.ec\/2019\/wp-json\/wp\/v2\/posts\/631\/revisions\/633"}],"wp:featuredmedia":[{"embeddable":true,"href":"https:\/\/bomberos.puyo.gob.ec\/2019\/wp-json\/wp\/v2\/media\/632"}],"wp:attachment":[{"href":"https:\/\/bomberos.puyo.gob.ec\/2019\/wp-json\/wp\/v2\/media?parent=631"}],"wp:term":[{"taxonomy":"category","embeddable":true,"href":"https:\/\/bomberos.puyo.gob.ec\/2019\/wp-json\/wp\/v2\/categories?post=631"},{"taxonomy":"post_tag","embeddable":true,"href":"https:\/\/bomberos.puyo.gob.ec\/2019\/wp-json\/wp\/v2\/tags?post=631"}],"curies":[{"name":"wp","href":"https:\/\/api.w.org\/{rel}","templated":true}]}}