{"id":628,"date":"2019-11-27T17:11:24","date_gmt":"2019-11-27T22:11:24","guid":{"rendered":"https:\/\/bomberos.puyo.gob.ec\/riesgos-ecuador-on-twitter\/"},"modified":"2019-12-19T07:40:36","modified_gmt":"2019-12-19T12:40:36","slug":"riesgos-ecuador-on-twitter","status":"publish","type":"post","link":"https:\/\/bomberos.puyo.gob.ec\/2019\/riesgos-ecuador-on-twitter\/","title":{"rendered":"Riesgos Ecuador on Twitter"},"content":{"rendered":"<p><a href=\"https:\/\/twitter.com\/Riesgos_Ec\/status\/1199801497846001665?s=04&#038;fbclid=IwAR2xUKNhGEWmtObf7h65M4-dcchJ-B73dws0sauxT6GLhu43M1fdCGbiFrY\"><img decoding=\"async\" title=\"Riesgos Ecuador on Twitter\" src=\"https:\/\/bomberos.puyo.gob.ec\/2019\/wp-content\/uploads\/Riesgos-Ecuador-on-Twitter.jpg:large.jpeg\" \/><\/a> <\/p>\n<p><a href=\"https:\/\/twitter.com\/Riesgos_Ec\/status\/1199801497846001665?s=04&#038;fbclid=IwAR2xUKNhGEWmtObf7h65M4-dcchJ-B73dws0sauxT6GLhu43M1fdCGbiFrY\">Riesgos Ecuador on Twitter<\/a><\/p>\n<p>\u201c#Pastaza | Con total \u00e9xito finaliz\u00f3 el taller: &quot;Evaluaci\u00f3n Inicial de Necesidades (EVIN)&quot;, ante eventos peligrosos, que cont\u00f3 con la participaci\u00f3n de delegaciones de los cuatro Cuerpos de Bomberos y UGR cantonales de la provincia de Pastaza | #EcuadorPrevenido\u201d<br \/>\n<br \/><a href=\"https:\/\/www.facebook.com\/465093860312824\/posts\/1449725295183004\">en facebook&#8230; <\/a>  <\/p>\n","protected":false},"excerpt":{"rendered":"<p><a href=\"https:\/\/twitter.com\/Riesgos_Ec\/status\/1199801497846001665?s=04&#038;fbclid=IwAR2xUKNhGEWmtObf7h65M4-dcchJ-B73dws0sauxT6GLhu43M1fdCGbiFrY\"><img decoding=\"async\" title=\"Riesgos Ecuador on Twitter\" src=\"https:\/\/pbs.twimg.com\/media\/EKaNGVFXUAAfFJ7.jpg:large\" \/><\/a> <\/p>\n<p><a href=\"https:\/\/twitter.com\/Riesgos_Ec\/status\/1199801497846001665?s=04&#038;fbclid=IwAR2xUKNhGEWmtObf7h65M4-dcchJ-B73dws0sauxT6GLhu43M1fdCGbiFrY\">Riesgos Ecuador on Twitter<\/a><\/p>\n<p>\u201c#Pastaza | Con total \u00e9xito finaliz\u00f3 el taller: &quot;Evaluaci\u00f3n Inicial de Necesidades (EVIN)&quot;, ante eventos peligrosos, que cont\u00f3 con la participaci\u00f3n de delegaciones de los cuatro Cuerpos de Bomberos y UGR cantonales de la provincia de Pastaza | #EcuadorPrevenido\u201d<\/p>\n","protected":false},"author":1,"featured_media":629,"comment_status":"open","ping_status":"open","sticky":false,"template":"","format":"standard","meta":[],"categories":[1],"tags":[155,154,156],"_links":{"self":[{"href":"https:\/\/bomberos.puyo.gob.ec\/2019\/wp-json\/wp\/v2\/posts\/628"}],"collection":[{"href":"https:\/\/bomberos.puyo.gob.ec\/2019\/wp-json\/wp\/v2\/posts"}],"about":[{"href":"https:\/\/bomberos.puyo.gob.ec\/2019\/wp-json\/wp\/v2\/types\/post"}],"author":[{"embeddable":true,"href":"https:\/\/bomberos.puyo.gob.ec\/2019\/wp-json\/wp\/v2\/users\/1"}],"replies":[{"embeddable":true,"href":"https:\/\/bomberos.puyo.gob.ec\/2019\/wp-json\/wp\/v2\/comments?post=628"}],"version-history":[{"count":1,"href":"https:\/\/bomberos.puyo.gob.ec\/2019\/wp-json\/wp\/v2\/posts\/628\/revisions"}],"predecessor-version":[{"id":630,"href":"https:\/\/bomberos.puyo.gob.ec\/2019\/wp-json\/wp\/v2\/posts\/628\/revisions\/630"}],"wp:featuredmedia":[{"embeddable":true,"href":"https:\/\/bomberos.puyo.gob.ec\/2019\/wp-json\/wp\/v2\/media\/629"}],"wp:attachment":[{"href":"https:\/\/bomberos.puyo.gob.ec\/2019\/wp-json\/wp\/v2\/media?parent=628"}],"wp:term":[{"taxonomy":"category","embeddable":true,"href":"https:\/\/bomberos.puyo.gob.ec\/2019\/wp-json\/wp\/v2\/categories?post=628"},{"taxonomy":"post_tag","embeddable":true,"href":"https:\/\/bomberos.puyo.gob.ec\/2019\/wp-json\/wp\/v2\/tags?post=628"}],"curies":[{"name":"wp","href":"https:\/\/api.w.org\/{rel}","templated":true}]}}