{"id":622,"date":"2019-11-29T11:02:25","date_gmt":"2019-11-29T16:02:25","guid":{"rendered":"https:\/\/bomberos.puyo.gob.ec\/ueainvitacion-la-universidad-estatal-amazonica-consciente-de-su-labor-como-i\/"},"modified":"2019-12-19T04:21:21","modified_gmt":"2019-12-19T09:21:21","slug":"ueainvitacion-la-universidad-estatal-amazonica-consciente-de-su-labor-como-i","status":"publish","type":"post","link":"https:\/\/bomberos.puyo.gob.ec\/2019\/ueainvitacion-la-universidad-estatal-amazonica-consciente-de-su-labor-como-i\/","title":{"rendered":"#UEAInvitaci\u00f3n | La Universidad Estatal Amaz\u00f3nica, consciente de su labor como i&#8230;"},"content":{"rendered":"<p><a class=\"_58cn\" href=\"https:\/\/facebook.com\/hashtag\/ueainvitaci&#xf3;n?source=feed_text&#038;epa=HASHTAG&#038;__xts__%5B0%5D=68.ARAdtESl86bkmYGVVjgmCOk0zrJQxvuRSc6pZQhiRtQ7BfQPHyFLQCy_CheXhT9dpxyQ_X6VH54yGT6Ko39s--dmxkx9pG9kdKtgH7_Ju7IlfeIg-6ne0f8usJrc4j3e7NCeThBegRlIzFEQptNbZdqwt8rlREssHcQeru8oB207AMwdjIz55Tsb44-JiArFXkDRAAzz3d8iAApKM1cYwRWRs41BN_DG6_yG4tQvXLkGhALPa4vxDX89mAsVh7FjkPL0xC57Q9ZwjsBZHH330803TEoCbzSGFhqYSeo9GZ1iWOia-wQqxYD6OSP4kxRkw0w68b8OHtwgr5AqBRLxR9Ckpj7eQPm-Nbth_QK-Ju15lPC59GXjlV84vAniEyfiK3wGoq64GLV2uAoSt9iktDkeeQquIfEdXAg6qDKOz3nIILOYvMDAOLOwIxeZUb0BfXQYsHSD4SwvpRct8XUADGlA8gHXJybuOxrXHjOMSl4hL0LnqCDTeXoM&#038;__tn__=%2ANKH-R\" data-ft=\"&#123;&quot;type&quot;:104,&quot;tn&quot;:&quot;*N&quot;&#125;\"><span class=\"_5afx\"><span aria-label=\"hashtag\" class=\"_58cl _5afz\">#UEAInvitaci\u00f3n<\/span><\/span><\/a> | La Universidad Estatal Amaz\u00f3nica, consciente de su labor como instituci\u00f3n educativa y referente social, forma parte de una campa\u00f1a navide\u00f1a junto a otras instituciones locales. Por ello te invitamos a impulsar acciones destinadas a la recolecci\u00f3n de ropa, juguetes y dulces. <\/p>\n<p> <span class=\"_5mfr\"><span class=\"_6qdm\" style=\"height: 16px; width: 16px; font-size: 16px; background-image: url(&quot;https:\/\/static.xx.fbcdn.net\/images\/emoji.php\/v9\/t51\/1\/16\/1f449.png&quot;)\">\ud83d\udc49<\/span><\/span>Lugares de recepci\u00f3n: Biblioteca UEA, Oficina de Bomberos Pastaza, EscoBar y La Cantina de mis Viejas.<br \/> <span class=\"_5mfr\"><span class=\"_6qdm\" style=\"height: 16px; width: 16px; font-size: 16px; background-image: url(&quot;https:\/\/static.xx.fbcdn.net\/images\/emoji.php\/v9\/t51\/1\/16\/1f449.png&quot;)\">\ud83d\udc49<\/span><\/span>Hasta el viernes 13 de diciembre de 2019<\/p>\n<p><a href=\"https:\/\/bomberos.puyo.gob.ec\/2019\/wp-content\/uploads\/UEAInvitacion-La-Universidad-Estatal-Amazonica-consciente-de-su-labor.fna&#038;oh=5a660924fe7f8470731496b2dbea2548&#038;oe=5E69BD2D.jpeg\"><img decoding=\"async\" class=\"wp_automatic_fb_img\" title=\"\" src=\"https:\/\/bomberos.puyo.gob.ec\/2019\/wp-content\/uploads\/UEAInvitacion-La-Universidad-Estatal-Amazonica-consciente-de-su-labor.fna&#038;oh=5a660924fe7f8470731496b2dbea2548&#038;oe=5E69BD2D.jpeg\" \/><\/a><br \/>\n<br \/><a href=\"https:\/\/www.facebook.com\/465093860312824\/posts\/1451404528348414\">en facebook&#8230; <\/a>  <\/p>\n","protected":false},"excerpt":{"rendered":"<p><a class=\"_58cn\" href=\"https:\/\/facebook.com\/hashtag\/ueainvitaci&#xf3;n?source=feed_text&#038;epa=HASHTAG&#038;__xts__%5B0%5D=68.ARAdtESl86bkmYGVVjgmCOk0zrJQxvuRSc6pZQhiRtQ7BfQPHyFLQCy_CheXhT9dpxyQ_X6VH54yGT6Ko39s--dmxkx9pG9kdKtgH7_Ju7IlfeIg-6ne0f8usJrc4j3e7NCeThBegRlIzFEQptNbZdqwt8rlREssHcQeru8oB207AMwdjIz55Tsb44-JiArFXkDRAAzz3d8iAApKM1cYwRWRs41BN_DG6_yG4tQvXLkGhALPa4vxDX89mAsVh7FjkPL0xC57Q9ZwjsBZHH330803TEoCbzSGFhqYSeo9GZ1iWOia-wQqxYD6OSP4kxRkw0w68b8OHtwgr5AqBRLxR9Ckpj7eQPm-Nbth_QK-Ju15lPC59GXjlV84vAniEyfiK3wGoq64GLV2uAoSt9iktDkeeQquIfEdXAg6qDKOz3nIILOYvMDAOLOwIxeZUb0BfXQYsHSD4SwvpRct8XUADGlA8gHXJybuOxrXHjOMSl4hL0LnqCDTeXoM&#038;__tn__=%2ANKH-R\" data-ft=\"&#123;&quot;type&quot;:104,&quot;tn&quot;:&quot;*N&quot;&#125;\"><span class=\"_5afx\"><span aria-label=\"hashtag\" class=\"_58cl _5afz\">#UEAInvitaci\u00f3n<\/span><\/span><\/a> | La Universidad Estatal Amaz\u00f3nica, consciente de su labor como instituci\u00f3n educativa y referente social, forma parte de una campa\u00f1a navide\u00f1a junto a otras instituciones locales. Por ello te invitamos a impulsar acciones destinadas a la recolecci\u00f3n de ropa, juguetes y dulces. <\/p>\n<p> <span class=\"_5mfr\"><span class=\"_6qdm\" style=\"height: 16px; width: 16px; font-size: 16px; background-image: url(&quot;https:\/\/static.xx.fbcdn.net\/images\/emoji.php\/v9\/t51\/1\/16\/1f449.png&quot;)\">\ud83d\udc49<\/span><\/span>Lugares de recepci\u00f3n: Biblioteca UEA, Oficina de Bomberos Pastaza, EscoBar y La Cantina de mis Viejas.<br \/> <span class=\"_5mfr\"><span class=\"_6qdm\" style=\"height: 16px; width: 16px; font-size: 16px; background-image: url(&quot;https:\/\/static.xx.fbcdn.net\/images\/emoji.php\/v9\/t51\/1\/16\/1f449.png&quot;)\">\ud83d\udc49<\/span><\/span>Hasta el viernes 13 de diciembre de 2019<\/p>\n<p><a href=\"https:\/\/scontent.fuio15-1.fna.fbcdn.net\/v\/t1.0-9\/78954683_3068661126497052_3582206946263957504_n.jpg?_nc_cat=100&#038;_nc_ohc=0kNMFuepZgsAQmWiTwXATRHJOPJW00AhjjDcNvIVUcOIDqxkB_9PEKOYA&#038;_nc_ht=scontent.fuio15-1.fna&#038;oh=5a660924fe7f8470731496b2dbea2548&#038;oe=5E69BD2D\"><img decoding=\"async\" class=\"wp_automatic_fb_img\" title=\"\" src=\"https:\/\/scontent.fuio15-1.fna.fbcdn.net\/v\/t1.0-9\/78954683_3068661126497052_3582206946263957504_n.jpg?_nc_cat=100&#038;_nc_ohc=0kNMFuepZgsAQmWiTwXATRHJOPJW00AhjjDcNvIVUcOIDqxkB_9PEKOYA&#038;_nc_ht=scontent.fuio15-1.fna&#038;oh=5a660924fe7f8470731496b2dbea2548&#038;oe=5E69BD2D\" \/><\/a><\/p>\n","protected":false},"author":1,"featured_media":623,"comment_status":"open","ping_status":"open","sticky":false,"template":"","format":"standard","meta":[],"categories":[1],"tags":[145,148,146,144,147,142,143],"_links":{"self":[{"href":"https:\/\/bomberos.puyo.gob.ec\/2019\/wp-json\/wp\/v2\/posts\/622"}],"collection":[{"href":"https:\/\/bomberos.puyo.gob.ec\/2019\/wp-json\/wp\/v2\/posts"}],"about":[{"href":"https:\/\/bomberos.puyo.gob.ec\/2019\/wp-json\/wp\/v2\/types\/post"}],"author":[{"embeddable":true,"href":"https:\/\/bomberos.puyo.gob.ec\/2019\/wp-json\/wp\/v2\/users\/1"}],"replies":[{"embeddable":true,"href":"https:\/\/bomberos.puyo.gob.ec\/2019\/wp-json\/wp\/v2\/comments?post=622"}],"version-history":[{"count":1,"href":"https:\/\/bomberos.puyo.gob.ec\/2019\/wp-json\/wp\/v2\/posts\/622\/revisions"}],"predecessor-version":[{"id":624,"href":"https:\/\/bomberos.puyo.gob.ec\/2019\/wp-json\/wp\/v2\/posts\/622\/revisions\/624"}],"wp:featuredmedia":[{"embeddable":true,"href":"https:\/\/bomberos.puyo.gob.ec\/2019\/wp-json\/wp\/v2\/media\/623"}],"wp:attachment":[{"href":"https:\/\/bomberos.puyo.gob.ec\/2019\/wp-json\/wp\/v2\/media?parent=622"}],"wp:term":[{"taxonomy":"category","embeddable":true,"href":"https:\/\/bomberos.puyo.gob.ec\/2019\/wp-json\/wp\/v2\/categories?post=622"},{"taxonomy":"post_tag","embeddable":true,"href":"https:\/\/bomberos.puyo.gob.ec\/2019\/wp-json\/wp\/v2\/tags?post=622"}],"curies":[{"name":"wp","href":"https:\/\/api.w.org\/{rel}","templated":true}]}}