{"id":616,"date":"2019-12-06T07:02:30","date_gmt":"2019-12-06T12:02:30","guid":{"rendered":"https:\/\/bomberos.puyo.gob.ec\/casabierta-seguridad-prevencion-el-cuerpo-de-bomberos-municipal-del\/"},"modified":"2019-12-19T02:12:01","modified_gmt":"2019-12-19T07:12:01","slug":"casabierta-seguridad-prevencion-el-cuerpo-de-bomberos-municipal-del","status":"publish","type":"post","link":"https:\/\/bomberos.puyo.gob.ec\/2019\/casabierta-seguridad-prevencion-el-cuerpo-de-bomberos-municipal-del\/","title":{"rendered":"| #CASABIERTA | #SEGURIDAD | #PREVENCI\u00d3N |\n El Cuerpo de Bomberos Municipal del &#8230;"},"content":{"rendered":"<p><span><\/p>\n<p>| <a>#CASABIERTA<\/a> | <a>#SEGURIDAD<\/a> | <a>#PREVENCI\u00d3N<\/a> |<br \/> El <a href=\"https:\/\/facebook.com\/BomberosPuyoEc\/?_ft_=mf_story_key.1458437364311797%3Atop_level_post_id.1458437364311797%3Atl_objid.1458437364311797%3Acontent_owner_id_new.465093860312824%3Athrowback_story_fbid.1458437364311797%3Apage_id.465093860312824%3Aphoto_attachments_list.%5B1458437020978498%2C1458437017645165%5D%3Astory_location.4%3Astory_attachment_style.album%3Apage_insights.%7B%22465093860312824%22%3A%7B%22page_id%22%3A465093860312824%2C%22actor_id%22%3A465093860312824%2C%22dm%22%3A%7B%22isShare%22%3A0%2C%22originalPostOwnerID%22%3A0%7D%2C%22psn%22%3A%22EntStatusCreationStory%22%2C%22post_context%22%3A%7B%22object_fbtype%22%3A266%2C%22publish_time%22%3A1575633750%2C%22story_name%22%3A%22EntStatusCreationStory%22%2C%22story_fbid%22%3A%5B1458437364311797%5D%7D%2C%22role%22%3A17%2C%22sl%22%3A4%2C%22targets%22%3A%5B%7B%22actor_id%22%3A465093860312824%2C%22page_id%22%3A465093860312824%2C%22post_id%22%3A1458437364311797%2C%22role%22%3A1%2C%22share_id%22%3A0%7D%5D%7D%7D%3Athid.465093860312824%3A306061129499414%3A2%3A0%3A1577865599%3A3944614645669285660&amp;__tn__=%2As-R\">Cuerpo de Bomberos Municipal del cant\u00f3n Pastaza<\/a> para que la ciudad conozca los equipos y funciones de esta noble instituci\u00f3n acudi\u00f3 y  formo parte de la casa abierta en la Plaza \u00c1lvaro Valladares donde se trat\u00f3 temas de seguridad y prevenci\u00f3n.<\/p>\n<p><\/span>\n<\/p>\n<p><a href=\"https:\/\/bomberos.puyo.gob.ec\/2019\/wp-content\/uploads\/CASABIERTA-SEGURIDAD-PREVENCION-El-Cuerpo-de.fna&#038;oh=00cb965baec2088ca42d9cba7c60826a&#038;oe=5E809FCE.jpeg\"><img decoding=\"async\" class=\"wp_automatic_fb_img\" title=\"\" src=\"https:\/\/bomberos.puyo.gob.ec\/2019\/wp-content\/uploads\/CASABIERTA-SEGURIDAD-PREVENCION-El-Cuerpo-de.fna&#038;oh=00cb965baec2088ca42d9cba7c60826a&#038;oe=5E809FCE.jpeg\" \/><\/a><br \/><a href=\"https:\/\/bomberos.puyo.gob.ec\/2019\/wp-content\/uploads\/CASABIERTA-SEGURIDAD-PREVENCION-El-Cuerpo-de.fna&#038;oh=d62b53dff9840681a36624e422cb660c&#038;oe=5EB08A9D.jpeg\"><img decoding=\"async\" class=\"wp_automatic_fb_img\" title=\"\" src=\"https:\/\/bomberos.puyo.gob.ec\/2019\/wp-content\/uploads\/CASABIERTA-SEGURIDAD-PREVENCION-El-Cuerpo-de.fna&#038;oh=d62b53dff9840681a36624e422cb660c&#038;oe=5EB08A9D.jpeg\" \/><\/a><br \/>\n<br \/><a href=\"https:\/\/www.facebook.com\/465093860312824\/posts\/1458437364311797\">en facebook&#8230; <\/a>  <\/p>\n","protected":false},"excerpt":{"rendered":"<p><span><\/p>\n<p>| <a>#CASABIERTA<\/a> | <a>#SEGURIDAD<\/a> | <a>#PREVENCI\u00d3N<\/a> |<br \/> El <a href=\"https:\/\/facebook.com\/BomberosPuyoEc\/?_ft_=mf_story_key.1458437364311797%3Atop_level_post_id.1458437364311797%3Atl_objid.1458437364311797%3Acontent_owner_id_new.465093860312824%3Athrowback_story_fbid.1458437364311797%3Apage_id.465093860312824%3Aphoto_attachments_list.%5B1458437020978498%2C1458437017645165%5D%3Astory_location.4%3Astory_attachment_style.album%3Apage_insights.%7B%22465093860312824%22%3A%7B%22page_id%22%3A465093860312824%2C%22actor_id%22%3A465093860312824%2C%22dm%22%3A%7B%22isShare%22%3A0%2C%22originalPostOwnerID%22%3A0%7D%2C%22psn%22%3A%22EntStatusCreationStory%22%2C%22post_context%22%3A%7B%22object_fbtype%22%3A266%2C%22publish_time%22%3A1575633750%2C%22story_name%22%3A%22EntStatusCreationStory%22%2C%22story_fbid%22%3A%5B1458437364311797%5D%7D%2C%22role%22%3A17%2C%22sl%22%3A4%2C%22targets%22%3A%5B%7B%22actor_id%22%3A465093860312824%2C%22page_id%22%3A465093860312824%2C%22post_id%22%3A1458437364311797%2C%22role%22%3A1%2C%22share_id%22%3A0%7D%5D%7D%7D%3Athid.465093860312824%3A306061129499414%3A2%3A0%3A1577865599%3A3944614645669285660&amp;__tn__=%2As-R\">Cuerpo de Bomberos Municipal del cant\u00f3n Pastaza<\/a> para que la ciudad conozca los equipos y funciones de esta noble instituci\u00f3n acudi\u00f3 y  formo parte de la casa abierta en la Plaza \u00c1lvaro Valladares donde se trat\u00f3 temas de seguridad y prevenci\u00f3n.<\/p>\n<p><\/span>\n<\/p>\n<p><a href=\"https:\/\/scontent.fuio15-1.fna.fbcdn.net\/v\/t1.0-9\/78453578_1458437034311830_6237682631496957952_o.jpg?_nc_cat=103&#038;_nc_ohc=5HJludoKQ20AQnxSF1r0tFjx8OhFQOM8mwv3u2fJg3-7QMnOrhsx7SJNQ&#038;_nc_ht=scontent.fuio15-1.fna&#038;oh=00cb965baec2088ca42d9cba7c60826a&#038;oe=5E809FCE\"><img decoding=\"async\" class=\"wp_automatic_fb_img\" title=\"\" src=\"https:\/\/scontent.fuio15-1.fna.fbcdn.net\/v\/t1.0-9\/78453578_1458437034311830_6237682631496957952_o.jpg?_nc_cat=103&#038;_nc_ohc=5HJludoKQ20AQnxSF1r0tFjx8OhFQOM8mwv3u2fJg3-7QMnOrhsx7SJNQ&#038;_nc_ht=scontent.fuio15-1.fna&#038;oh=00cb965baec2088ca42d9cba7c60826a&#038;oe=5E809FCE\" \/><\/a><br \/><a href=\"https:\/\/scontent.fuio15-1.fna.fbcdn.net\/v\/t1.0-9\/78388962_1458437024311831_2590856708263772160_o.jpg?_nc_cat=102&#038;_nc_ohc=9s0Om6TjmRUAQkxw2QvW-OhGf3mHuCA5aHVYDI2qGhfJGLUXssVJrPeFw&#038;_nc_ht=scontent.fuio15-1.fna&#038;oh=d62b53dff9840681a36624e422cb660c&#038;oe=5EB08A9D\"><img decoding=\"async\" class=\"wp_automatic_fb_img\" title=\"\" src=\"https:\/\/scontent.fuio15-1.fna.fbcdn.net\/v\/t1.0-9\/78388962_1458437024311831_2590856708263772160_o.jpg?_nc_cat=102&#038;_nc_ohc=9s0Om6TjmRUAQkxw2QvW-OhGf3mHuCA5aHVYDI2qGhfJGLUXssVJrPeFw&#038;_nc_ht=scontent.fuio15-1.fna&#038;oh=d62b53dff9840681a36624e422cb660c&#038;oe=5EB08A9D\" \/><\/a><\/p>\n","protected":false},"author":1,"featured_media":617,"comment_status":"open","ping_status":"open","sticky":false,"template":"","format":"standard","meta":[],"categories":[1],"tags":[73,139,64,32,138,39,38],"_links":{"self":[{"href":"https:\/\/bomberos.puyo.gob.ec\/2019\/wp-json\/wp\/v2\/posts\/616"}],"collection":[{"href":"https:\/\/bomberos.puyo.gob.ec\/2019\/wp-json\/wp\/v2\/posts"}],"about":[{"href":"https:\/\/bomberos.puyo.gob.ec\/2019\/wp-json\/wp\/v2\/types\/post"}],"author":[{"embeddable":true,"href":"https:\/\/bomberos.puyo.gob.ec\/2019\/wp-json\/wp\/v2\/users\/1"}],"replies":[{"embeddable":true,"href":"https:\/\/bomberos.puyo.gob.ec\/2019\/wp-json\/wp\/v2\/comments?post=616"}],"version-history":[{"count":1,"href":"https:\/\/bomberos.puyo.gob.ec\/2019\/wp-json\/wp\/v2\/posts\/616\/revisions"}],"predecessor-version":[{"id":618,"href":"https:\/\/bomberos.puyo.gob.ec\/2019\/wp-json\/wp\/v2\/posts\/616\/revisions\/618"}],"wp:featuredmedia":[{"embeddable":true,"href":"https:\/\/bomberos.puyo.gob.ec\/2019\/wp-json\/wp\/v2\/media\/617"}],"wp:attachment":[{"href":"https:\/\/bomberos.puyo.gob.ec\/2019\/wp-json\/wp\/v2\/media?parent=616"}],"wp:term":[{"taxonomy":"category","embeddable":true,"href":"https:\/\/bomberos.puyo.gob.ec\/2019\/wp-json\/wp\/v2\/categories?post=616"},{"taxonomy":"post_tag","embeddable":true,"href":"https:\/\/bomberos.puyo.gob.ec\/2019\/wp-json\/wp\/v2\/tags?post=616"}],"curies":[{"name":"wp","href":"https:\/\/api.w.org\/{rel}","templated":true}]}}