{"id":570,"date":"2019-12-13T23:34:01","date_gmt":"2019-12-14T04:34:01","guid":{"rendered":"https:\/\/bomberos.puyo.gob.ec\/accidentedetransito-por-llamado-del-ecu911-el-cuerpo-de-bomberos-de-pasta\/"},"modified":"2019-12-18T06:44:44","modified_gmt":"2019-12-18T11:44:44","slug":"accidentedetransito-por-llamado-del-ecu911-el-cuerpo-de-bomberos-de-pasta","status":"publish","type":"post","link":"https:\/\/bomberos.puyo.gob.ec\/2019\/accidentedetransito-por-llamado-del-ecu911-el-cuerpo-de-bomberos-de-pasta\/","title":{"rendered":"| #AccidenteDeTr\u00e1nsito | \n Por llamado del ECU911 El Cuerpo de Bomberos de Pasta&#8230;"},"content":{"rendered":"<p>| <a class=\"_58cn\" href=\"https:\/\/facebook.com\/hashtag\/accidentedetr&#xe1;nsito?source=feed_text&#038;epa=HASHTAG&#038;__xts__%5B0%5D=68.ARBAUbs5qCgXH751s_NW3mkznlpq7JmQUuMQkOO6A8pNMILx-eOkf7gfy9E9dRHnj6GtsUYFctgMQWGo8CGnu-cyL-UQ5KY3u0LXMtw0lkGBsatjChNDjQQlYSIOk5c4_bPEH80j1xG3O8PKsuss_1wbrwYNh8qu345EnPrOZVOcFYPnZ6O1G83J_6AplOzzmDkZkwIK8oLv1oU9RGbp4F2eZkXqT11yioDGm8QqdvQbPwgE5l3-OISE_rRCnb8Y6lQlnkJwLi295Z7QSSmivXLri4Klv-3IrGk7jpIuABM3vZjoObd2aYkheE7ncG3CEZKIIyIQzU85UdDRSjcqe8ATdA&#038;__tn__=%2ANK-R\" data-ft=\"&#123;&quot;type&quot;:104,&quot;tn&quot;:&quot;*N&quot;&#125;\"><span class=\"_5afx\"><span aria-label=\"hashtag\" class=\"_58cl _5afz\">#AccidenteDeTr\u00e1nsito<\/span><\/span><\/a> | <br \/> Por llamado del ECU911 El Cuerpo de Bomberos de Pastaza con tres efectivos se dirige a un accidente de tr\u00e1nsito entre dos veh\u00edculos, en el barrio el Dorado, en el lugar se atiende a paciente de 27 a\u00f1os el mismo que presenta una herida cortante leve a nivel de p\u00f3mulo derecho producto del siniestro. El paciente luego de ser atendido y estar estable, no amerita traslado y se le deja en el lugar a cargo de los familiares.<\/p>\n<p><a href=\"https:\/\/bomberos.puyo.gob.ec\/2019\/wp-content\/uploads\/AccidenteDeTransito-Por-llamado-del-ECU911-El-Cuerpo-de.fna&#038;oh=855a14f8086dae487fafde842e2bbb66&#038;oe=5E6AC515.jpeg\"><img decoding=\"async\" class=\"wp_automatic_fb_img\" title=\"\" src=\"https:\/\/bomberos.puyo.gob.ec\/2019\/wp-content\/uploads\/AccidenteDeTransito-Por-llamado-del-ECU911-El-Cuerpo-de.fna&#038;oh=855a14f8086dae487fafde842e2bbb66&#038;oe=5E6AC515.jpeg\" \/><\/a><br \/><a href=\"https:\/\/bomberos.puyo.gob.ec\/2019\/wp-content\/uploads\/AccidenteDeTransito-Por-llamado-del-ECU911-El-Cuerpo-de.fna&#038;oh=d4541f84ab9797fd22a506b6aa3d2c50&#038;oe=5E7F39F7.jpeg\"><img decoding=\"async\" class=\"wp_automatic_fb_img\" title=\"\" src=\"https:\/\/bomberos.puyo.gob.ec\/2019\/wp-content\/uploads\/AccidenteDeTransito-Por-llamado-del-ECU911-El-Cuerpo-de.fna&#038;oh=d4541f84ab9797fd22a506b6aa3d2c50&#038;oe=5E7F39F7.jpeg\" \/><\/a><br \/>\n<br \/><a href=\"https:\/\/www.facebook.com\/465093860312824\/posts\/1466500236838843\">en facebook&#8230; <\/a>  <\/p>\n","protected":false},"excerpt":{"rendered":"<p>| <a class=\"_58cn\" href=\"https:\/\/facebook.com\/hashtag\/accidentedetr&#xe1;nsito?source=feed_text&#038;epa=HASHTAG&#038;__xts__%5B0%5D=68.ARBAUbs5qCgXH751s_NW3mkznlpq7JmQUuMQkOO6A8pNMILx-eOkf7gfy9E9dRHnj6GtsUYFctgMQWGo8CGnu-cyL-UQ5KY3u0LXMtw0lkGBsatjChNDjQQlYSIOk5c4_bPEH80j1xG3O8PKsuss_1wbrwYNh8qu345EnPrOZVOcFYPnZ6O1G83J_6AplOzzmDkZkwIK8oLv1oU9RGbp4F2eZkXqT11yioDGm8QqdvQbPwgE5l3-OISE_rRCnb8Y6lQlnkJwLi295Z7QSSmivXLri4Klv-3IrGk7jpIuABM3vZjoObd2aYkheE7ncG3CEZKIIyIQzU85UdDRSjcqe8ATdA&#038;__tn__=%2ANK-R\" data-ft=\"&#123;&quot;type&quot;:104,&quot;tn&quot;:&quot;*N&quot;&#125;\"><span class=\"_5afx\"><span aria-label=\"hashtag\" class=\"_58cl _5afz\">#AccidenteDeTr\u00e1nsito<\/span><\/span><\/a> | <br \/> Por llamado del ECU911 El Cuerpo de Bomberos de Pastaza con tres efectivos se dirige a un accidente de tr\u00e1nsito entre dos veh\u00edculos, en el barrio el Dorado, en el lugar se atiende a paciente de 27 a\u00f1os el mismo que presenta una herida cortante leve a nivel de p\u00f3mulo derecho producto del siniestro. El paciente luego de ser atendido y estar estable, no amerita traslado y se le deja en el lugar a cargo de los familiares.<\/p>\n<p><a href=\"https:\/\/scontent.fuio15-1.fna.fbcdn.net\/v\/t1.0-9\/76778195_1466500196838847_4531597917877698560_o.jpg?_nc_cat=109&#038;_nc_ohc=AmJ2GqhEdnIAQmYYWC9yHabf5-Ct2mOtGCTPR6R1WHfi8iH3f5bJY7Xag&#038;_nc_ht=scontent.fuio15-1.fna&#038;oh=855a14f8086dae487fafde842e2bbb66&#038;oe=5E6AC515\"><img decoding=\"async\" class=\"wp_automatic_fb_img\" title=\"\" src=\"https:\/\/scontent.fuio15-1.fna.fbcdn.net\/v\/t1.0-9\/76778195_1466500196838847_4531597917877698560_o.jpg?_nc_cat=109&#038;_nc_ohc=AmJ2GqhEdnIAQmYYWC9yHabf5-Ct2mOtGCTPR6R1WHfi8iH3f5bJY7Xag&#038;_nc_ht=scontent.fuio15-1.fna&#038;oh=855a14f8086dae487fafde842e2bbb66&#038;oe=5E6AC515\" \/><\/a><br \/><a href=\"https:\/\/scontent.fuio15-1.fna.fbcdn.net\/v\/t1.0-9\/79838210_1466500186838848_4642738082221654016_o.jpg?_nc_cat=107&#038;_nc_ohc=XLGp0GqSflQAQkz8of4S0is519kc5H8tkn6eMGe70d3ew-5Z8qnwmW_yQ&#038;_nc_ht=scontent.fuio15-1.fna&#038;oh=d4541f84ab9797fd22a506b6aa3d2c50&#038;oe=5E7F39F7\"><img decoding=\"async\" class=\"wp_automatic_fb_img\" title=\"\" src=\"https:\/\/scontent.fuio15-1.fna.fbcdn.net\/v\/t1.0-9\/79838210_1466500186838848_4642738082221654016_o.jpg?_nc_cat=107&#038;_nc_ohc=XLGp0GqSflQAQkz8of4S0is519kc5H8tkn6eMGe70d3ew-5Z8qnwmW_yQ&#038;_nc_ht=scontent.fuio15-1.fna&#038;oh=d4541f84ab9797fd22a506b6aa3d2c50&#038;oe=5E7F39F7\" \/><\/a><\/p>\n","protected":false},"author":1,"featured_media":571,"comment_status":"open","ping_status":"open","sticky":false,"template":"","format":"standard","meta":[],"categories":[1],"tags":[62,73,64,32,69,31,98,30],"_links":{"self":[{"href":"https:\/\/bomberos.puyo.gob.ec\/2019\/wp-json\/wp\/v2\/posts\/570"}],"collection":[{"href":"https:\/\/bomberos.puyo.gob.ec\/2019\/wp-json\/wp\/v2\/posts"}],"about":[{"href":"https:\/\/bomberos.puyo.gob.ec\/2019\/wp-json\/wp\/v2\/types\/post"}],"author":[{"embeddable":true,"href":"https:\/\/bomberos.puyo.gob.ec\/2019\/wp-json\/wp\/v2\/users\/1"}],"replies":[{"embeddable":true,"href":"https:\/\/bomberos.puyo.gob.ec\/2019\/wp-json\/wp\/v2\/comments?post=570"}],"version-history":[{"count":1,"href":"https:\/\/bomberos.puyo.gob.ec\/2019\/wp-json\/wp\/v2\/posts\/570\/revisions"}],"predecessor-version":[{"id":572,"href":"https:\/\/bomberos.puyo.gob.ec\/2019\/wp-json\/wp\/v2\/posts\/570\/revisions\/572"}],"wp:featuredmedia":[{"embeddable":true,"href":"https:\/\/bomberos.puyo.gob.ec\/2019\/wp-json\/wp\/v2\/media\/571"}],"wp:attachment":[{"href":"https:\/\/bomberos.puyo.gob.ec\/2019\/wp-json\/wp\/v2\/media?parent=570"}],"wp:term":[{"taxonomy":"category","embeddable":true,"href":"https:\/\/bomberos.puyo.gob.ec\/2019\/wp-json\/wp\/v2\/categories?post=570"},{"taxonomy":"post_tag","embeddable":true,"href":"https:\/\/bomberos.puyo.gob.ec\/2019\/wp-json\/wp\/v2\/tags?post=570"}],"curies":[{"name":"wp","href":"https:\/\/api.w.org\/{rel}","templated":true}]}}