{"id":564,"date":"2019-12-14T08:30:00","date_gmt":"2019-12-14T13:30:00","guid":{"rendered":"https:\/\/bomberos.puyo.gob.ec\/capacitacion-entrenamiento-en-concordancia-con-la-planificacion-de-cap\/"},"modified":"2019-12-18T03:28:30","modified_gmt":"2019-12-18T08:28:30","slug":"capacitacion-entrenamiento-en-concordancia-con-la-planificacion-de-cap","status":"publish","type":"post","link":"https:\/\/bomberos.puyo.gob.ec\/2019\/capacitacion-entrenamiento-en-concordancia-con-la-planificacion-de-cap\/","title":{"rendered":"| #Capacitaci\u00f3n |  #Entrenamiento |\n En concordancia con la planificaci\u00f3n de cap&#8230;"},"content":{"rendered":"<p>| <a class=\"_58cn\" href=\"https:\/\/facebook.com\/hashtag\/capacitaci&#xf3;n?source=feed_text&#038;epa=HASHTAG&#038;__xts__%5B0%5D=68.ARC_IK2FiwOpYnVp2I2eBXiwI97ylx3_AudqLRdV9usYOHnt2MnaSADD2CQXgymaAdYPYLy_lmrEr9AZBztVLfrdyVuPqRbd5JA6CH7He7eUdHLfpRZ_tIzV4IX7R4Jv5DtLlOHn6CIC-wuYzO9fUthrSiKGqJ9WuzPJNYXuMfVn9kEvGCIjD3y0ygWgJ8q0weNaoOX1b8MM46N_zkYrqzwc5P8JECd7I4YRqKIIyLbDW_w33Mu-U7v_-VMJt8DwdYOgCVmAPAPcB2Vn0vOcqK66YgkwIC3N3NxqnB5wUc2dNtOSnyHOidRJYJnscyrNp49MWMDmfErQUbiXV1d2lcCL0Q&#038;__tn__=%2ANK-R\" data-ft=\"&#123;&quot;type&quot;:104,&quot;tn&quot;:&quot;*N&quot;&#125;\"><span class=\"_5afx\"><span aria-label=\"hashtag\" class=\"_58cl _5afz\">#Capacitaci\u00f3n<\/span><\/span><\/a> |  <a class=\"_58cn\" href=\"https:\/\/facebook.com\/hashtag\/entrenamiento?source=feed_text&#038;epa=HASHTAG&#038;__xts__%5B0%5D=68.ARC_IK2FiwOpYnVp2I2eBXiwI97ylx3_AudqLRdV9usYOHnt2MnaSADD2CQXgymaAdYPYLy_lmrEr9AZBztVLfrdyVuPqRbd5JA6CH7He7eUdHLfpRZ_tIzV4IX7R4Jv5DtLlOHn6CIC-wuYzO9fUthrSiKGqJ9WuzPJNYXuMfVn9kEvGCIjD3y0ygWgJ8q0weNaoOX1b8MM46N_zkYrqzwc5P8JECd7I4YRqKIIyLbDW_w33Mu-U7v_-VMJt8DwdYOgCVmAPAPcB2Vn0vOcqK66YgkwIC3N3NxqnB5wUc2dNtOSnyHOidRJYJnscyrNp49MWMDmfErQUbiXV1d2lcCL0Q&#038;__tn__=%2ANK-R\" data-ft=\"&#123;&quot;type&quot;:104,&quot;tn&quot;:&quot;*N&quot;&#125;\"><span class=\"_5afx\"><span aria-label=\"hashtag\" class=\"_58cl _5afz\">#Entrenamiento<\/span><\/span><\/a> |<br \/> En concordancia con la planificaci\u00f3n de capacitaci\u00f3n interna, el personal contin\u00faa con el entrenamiento, para el fortaleciendo de sus conocimientos en el tema de enrollados, comportamiento de estos para incendios en alturas, para finalizar se revis\u00f3 y estudi\u00f3 el funcionamiento del nuevo sistema operativo de la unidad Cisterna C2.<\/p>\n<p><a href=\"https:\/\/bomberos.puyo.gob.ec\/2019\/wp-content\/uploads\/Capacitacion-Entrenamiento-En-concordancia-con-la-planificacion.fna&#038;oh=78c86bbacbe43c0095b51d24377892a2&#038;oe=5EAAC429.jpeg\"><img decoding=\"async\" class=\"wp_automatic_fb_img\" title=\"\" src=\"https:\/\/bomberos.puyo.gob.ec\/2019\/wp-content\/uploads\/Capacitacion-Entrenamiento-En-concordancia-con-la-planificacion.fna&#038;oh=78c86bbacbe43c0095b51d24377892a2&#038;oe=5EAAC429.jpeg\" \/><\/a><br \/><a href=\"https:\/\/bomberos.puyo.gob.ec\/2019\/wp-content\/uploads\/Capacitacion-Entrenamiento-En-concordancia-con-la-planificacion.fna&#038;oh=413fc46279fd0c6c227c30cb9d56e5cc&#038;oe=5E6B6096.jpeg\"><img decoding=\"async\" class=\"wp_automatic_fb_img\" title=\"\" src=\"https:\/\/bomberos.puyo.gob.ec\/2019\/wp-content\/uploads\/Capacitacion-Entrenamiento-En-concordancia-con-la-planificacion.fna&#038;oh=413fc46279fd0c6c227c30cb9d56e5cc&#038;oe=5E6B6096.jpeg\" \/><\/a><br \/><a href=\"https:\/\/bomberos.puyo.gob.ec\/2019\/wp-content\/uploads\/Capacitacion-Entrenamiento-En-concordancia-con-la-planificacion.fna&#038;oh=1efd358bf9bb37338416b605d8652328&#038;oe=5E7C9695.jpeg\"><img decoding=\"async\" class=\"wp_automatic_fb_img\" title=\"\" src=\"https:\/\/bomberos.puyo.gob.ec\/2019\/wp-content\/uploads\/Capacitacion-Entrenamiento-En-concordancia-con-la-planificacion.fna&#038;oh=1efd358bf9bb37338416b605d8652328&#038;oe=5E7C9695.jpeg\" \/><\/a><br \/><a href=\"https:\/\/bomberos.puyo.gob.ec\/2019\/wp-content\/uploads\/Capacitacion-Entrenamiento-En-concordancia-con-la-planificacion.fna&#038;oh=6f91c40a22a605be6c4d4060ea9eb2c7&#038;oe=5E6F32A5.jpeg\"><img decoding=\"async\" class=\"wp_automatic_fb_img\" title=\"\" src=\"https:\/\/bomberos.puyo.gob.ec\/2019\/wp-content\/uploads\/Capacitacion-Entrenamiento-En-concordancia-con-la-planificacion.fna&#038;oh=6f91c40a22a605be6c4d4060ea9eb2c7&#038;oe=5E6F32A5.jpeg\" \/><\/a><br \/>\n<br \/><a href=\"https:\/\/www.facebook.com\/465093860312824\/posts\/1466509740171226\">en facebook&#8230; <\/a>  <\/p>\n","protected":false},"excerpt":{"rendered":"<p>| <a class=\"_58cn\" href=\"https:\/\/facebook.com\/hashtag\/capacitaci&#xf3;n?source=feed_text&#038;epa=HASHTAG&#038;__xts__%5B0%5D=68.ARC_IK2FiwOpYnVp2I2eBXiwI97ylx3_AudqLRdV9usYOHnt2MnaSADD2CQXgymaAdYPYLy_lmrEr9AZBztVLfrdyVuPqRbd5JA6CH7He7eUdHLfpRZ_tIzV4IX7R4Jv5DtLlOHn6CIC-wuYzO9fUthrSiKGqJ9WuzPJNYXuMfVn9kEvGCIjD3y0ygWgJ8q0weNaoOX1b8MM46N_zkYrqzwc5P8JECd7I4YRqKIIyLbDW_w33Mu-U7v_-VMJt8DwdYOgCVmAPAPcB2Vn0vOcqK66YgkwIC3N3NxqnB5wUc2dNtOSnyHOidRJYJnscyrNp49MWMDmfErQUbiXV1d2lcCL0Q&#038;__tn__=%2ANK-R\" data-ft=\"&#123;&quot;type&quot;:104,&quot;tn&quot;:&quot;*N&quot;&#125;\"><span class=\"_5afx\"><span aria-label=\"hashtag\" class=\"_58cl _5afz\">#Capacitaci\u00f3n<\/span><\/span><\/a> |  <a class=\"_58cn\" href=\"https:\/\/facebook.com\/hashtag\/entrenamiento?source=feed_text&#038;epa=HASHTAG&#038;__xts__%5B0%5D=68.ARC_IK2FiwOpYnVp2I2eBXiwI97ylx3_AudqLRdV9usYOHnt2MnaSADD2CQXgymaAdYPYLy_lmrEr9AZBztVLfrdyVuPqRbd5JA6CH7He7eUdHLfpRZ_tIzV4IX7R4Jv5DtLlOHn6CIC-wuYzO9fUthrSiKGqJ9WuzPJNYXuMfVn9kEvGCIjD3y0ygWgJ8q0weNaoOX1b8MM46N_zkYrqzwc5P8JECd7I4YRqKIIyLbDW_w33Mu-U7v_-VMJt8DwdYOgCVmAPAPcB2Vn0vOcqK66YgkwIC3N3NxqnB5wUc2dNtOSnyHOidRJYJnscyrNp49MWMDmfErQUbiXV1d2lcCL0Q&#038;__tn__=%2ANK-R\" data-ft=\"&#123;&quot;type&quot;:104,&quot;tn&quot;:&quot;*N&quot;&#125;\"><span class=\"_5afx\"><span aria-label=\"hashtag\" class=\"_58cl _5afz\">#Entrenamiento<\/span><\/span><\/a> |<br \/> En concordancia con la planificaci\u00f3n de capacitaci\u00f3n interna, el personal contin\u00faa con el entrenamiento, para el fortaleciendo de sus conocimientos en el tema de enrollados, comportamiento de estos para incendios en alturas, para finalizar se revis\u00f3 y estudi\u00f3 el funcionamiento del nuevo sistema operativo de la unidad Cisterna C2.<\/p>\n<p><a href=\"https:\/\/scontent.fuio15-1.fna.fbcdn.net\/v\/t1.0-9\/79638826_1466509430171257_6891504171527176192_o.jpg?_nc_cat=109&#038;_nc_ohc=K2CpAYBSvMYAQmxGX_4_WxAYSa-wlkpXfReeeyE2coXOK3h-09IQKudIA&#038;_nc_ht=scontent.fuio15-1.fna&#038;oh=78c86bbacbe43c0095b51d24377892a2&#038;oe=5EAAC429\"><img decoding=\"async\" class=\"wp_automatic_fb_img\" title=\"\" src=\"https:\/\/scontent.fuio15-1.fna.fbcdn.net\/v\/t1.0-9\/79638826_1466509430171257_6891504171527176192_o.jpg?_nc_cat=109&#038;_nc_ohc=K2CpAYBSvMYAQmxGX_4_WxAYSa-wlkpXfReeeyE2coXOK3h-09IQKudIA&#038;_nc_ht=scontent.fuio15-1.fna&#038;oh=78c86bbacbe43c0095b51d24377892a2&#038;oe=5EAAC429\" \/><\/a><br \/><a href=\"https:\/\/scontent.fuio15-1.fna.fbcdn.net\/v\/t1.0-9\/80495444_1466509420171258_3918928911936782336_o.jpg?_nc_cat=102&#038;_nc_ohc=bz_yIebUefoAQnUPQWs9nUrO6ZACg_FyVjzSsbHb5BatdFExZp_SIadKg&#038;_nc_ht=scontent.fuio15-1.fna&#038;oh=413fc46279fd0c6c227c30cb9d56e5cc&#038;oe=5E6B6096\"><img decoding=\"async\" class=\"wp_automatic_fb_img\" title=\"\" src=\"https:\/\/scontent.fuio15-1.fna.fbcdn.net\/v\/t1.0-9\/80495444_1466509420171258_3918928911936782336_o.jpg?_nc_cat=102&#038;_nc_ohc=bz_yIebUefoAQnUPQWs9nUrO6ZACg_FyVjzSsbHb5BatdFExZp_SIadKg&#038;_nc_ht=scontent.fuio15-1.fna&#038;oh=413fc46279fd0c6c227c30cb9d56e5cc&#038;oe=5E6B6096\" \/><\/a><br \/><a href=\"https:\/\/scontent.fuio15-1.fna.fbcdn.net\/v\/t1.0-9\/79683410_1466509466837920_4745786498115174400_o.jpg?_nc_cat=105&#038;_nc_ohc=7Khiie7nnswAQliyKDU9pS2033eXYdgk21p1RI09y1wTAmUOaZPUpbdJA&#038;_nc_ht=scontent.fuio15-1.fna&#038;oh=1efd358bf9bb37338416b605d8652328&#038;oe=5E7C9695\"><img decoding=\"async\" class=\"wp_automatic_fb_img\" title=\"\" src=\"https:\/\/scontent.fuio15-1.fna.fbcdn.net\/v\/t1.0-9\/79683410_1466509466837920_4745786498115174400_o.jpg?_nc_cat=105&#038;_nc_ohc=7Khiie7nnswAQliyKDU9pS2033eXYdgk21p1RI09y1wTAmUOaZPUpbdJA&#038;_nc_ht=scontent.fuio15-1.fna&#038;oh=1efd358bf9bb37338416b605d8652328&#038;oe=5E7C9695\" \/><\/a><br \/><a href=\"https:\/\/scontent.fuio15-1.fna.fbcdn.net\/v\/t1.0-9\/78912573_1466509540171246_1668120484077633536_o.jpg?_nc_cat=102&#038;_nc_ohc=EQn05g3vWZgAQmpYs_0ts89PVDgw5tHlpNx8kuV93cfnEmqGGiIAHXRsA&#038;_nc_ht=scontent.fuio15-1.fna&#038;oh=6f91c40a22a605be6c4d4060ea9eb2c7&#038;oe=5E6F32A5\"><img decoding=\"async\" class=\"wp_automatic_fb_img\" title=\"\" src=\"https:\/\/scontent.fuio15-1.fna.fbcdn.net\/v\/t1.0-9\/78912573_1466509540171246_1668120484077633536_o.jpg?_nc_cat=102&#038;_nc_ohc=EQn05g3vWZgAQmpYs_0ts89PVDgw5tHlpNx8kuV93cfnEmqGGiIAHXRsA&#038;_nc_ht=scontent.fuio15-1.fna&#038;oh=6f91c40a22a605be6c4d4060ea9eb2c7&#038;oe=5E6F32A5\" \/><\/a><\/p>\n","protected":false},"author":1,"featured_media":565,"comment_status":"open","ping_status":"open","sticky":false,"template":"","format":"standard","meta":[],"categories":[1],"tags":[96,65,42,94,93,95],"_links":{"self":[{"href":"https:\/\/bomberos.puyo.gob.ec\/2019\/wp-json\/wp\/v2\/posts\/564"}],"collection":[{"href":"https:\/\/bomberos.puyo.gob.ec\/2019\/wp-json\/wp\/v2\/posts"}],"about":[{"href":"https:\/\/bomberos.puyo.gob.ec\/2019\/wp-json\/wp\/v2\/types\/post"}],"author":[{"embeddable":true,"href":"https:\/\/bomberos.puyo.gob.ec\/2019\/wp-json\/wp\/v2\/users\/1"}],"replies":[{"embeddable":true,"href":"https:\/\/bomberos.puyo.gob.ec\/2019\/wp-json\/wp\/v2\/comments?post=564"}],"version-history":[{"count":1,"href":"https:\/\/bomberos.puyo.gob.ec\/2019\/wp-json\/wp\/v2\/posts\/564\/revisions"}],"predecessor-version":[{"id":566,"href":"https:\/\/bomberos.puyo.gob.ec\/2019\/wp-json\/wp\/v2\/posts\/564\/revisions\/566"}],"wp:featuredmedia":[{"embeddable":true,"href":"https:\/\/bomberos.puyo.gob.ec\/2019\/wp-json\/wp\/v2\/media\/565"}],"wp:attachment":[{"href":"https:\/\/bomberos.puyo.gob.ec\/2019\/wp-json\/wp\/v2\/media?parent=564"}],"wp:term":[{"taxonomy":"category","embeddable":true,"href":"https:\/\/bomberos.puyo.gob.ec\/2019\/wp-json\/wp\/v2\/categories?post=564"},{"taxonomy":"post_tag","embeddable":true,"href":"https:\/\/bomberos.puyo.gob.ec\/2019\/wp-json\/wp\/v2\/tags?post=564"}],"curies":[{"name":"wp","href":"https:\/\/api.w.org\/{rel}","templated":true}]}}