{"id":561,"date":"2019-12-14T10:20:05","date_gmt":"2019-12-14T15:20:05","guid":{"rendered":"https:\/\/bomberos.puyo.gob.ec\/busquedayrescate-desaparecido-el-dia-13-de-diciembre-desde-las-17h53-po\/"},"modified":"2019-12-18T02:18:18","modified_gmt":"2019-12-18T07:18:18","slug":"busquedayrescate-desaparecido-el-dia-13-de-diciembre-desde-las-17h53-po","status":"publish","type":"post","link":"https:\/\/bomberos.puyo.gob.ec\/2019\/busquedayrescate-desaparecido-el-dia-13-de-diciembre-desde-las-17h53-po\/","title":{"rendered":"| #BusquedayRescate | #Desaparecido |\n El d\u00eda 13 de diciembre desde las 17H53 po&#8230;"},"content":{"rendered":"<p>| <a class=\"_58cn\" href=\"https:\/\/facebook.com\/hashtag\/busquedayrescate?source=feed_text&#038;epa=HASHTAG&#038;__xts__%5B0%5D=68.ARCWO05n04wY2b2v4sGiCMpXLXrW6WRnTPflrTaqs3K7T-85LQdCQiqp2ulVAbDVmyetAq6qt9LBi8cCQj_AIuzHDzppzUN-IyeM5_LjWyrxKN09Uaj-Dfi_tTMWmjKGN1MuwNZbRYdgIp-Kt6DyR2Me4Gg33H0HOevvFF12tIYjWOZp-VKy5b-yxEOVku4eUFdaRUYBKdkq9WYkov2J4-qaV7YLXs0HZrutQZmtGloKQ9CoIjn2WFXaUBpOyccGZx586Jvw78tgwr0tL4d0slCNenHEMoMyRht42AYZ65ykmHl9XMiyW9kzUCs4SMBEvIYSJcsQlwSLpfLlcAfpjKv9Pg&#038;__tn__=%2ANK-R\" data-ft=\"&#123;&quot;type&quot;:104,&quot;tn&quot;:&quot;*N&quot;&#125;\"><span class=\"_5afx\"><span aria-label=\"hashtag\" class=\"_58cl _5afz\">#BusquedayRescate<\/span><\/span><\/a> | <a class=\"_58cn\" href=\"https:\/\/facebook.com\/hashtag\/desaparecido?source=feed_text&#038;epa=HASHTAG&#038;__xts__%5B0%5D=68.ARCWO05n04wY2b2v4sGiCMpXLXrW6WRnTPflrTaqs3K7T-85LQdCQiqp2ulVAbDVmyetAq6qt9LBi8cCQj_AIuzHDzppzUN-IyeM5_LjWyrxKN09Uaj-Dfi_tTMWmjKGN1MuwNZbRYdgIp-Kt6DyR2Me4Gg33H0HOevvFF12tIYjWOZp-VKy5b-yxEOVku4eUFdaRUYBKdkq9WYkov2J4-qaV7YLXs0HZrutQZmtGloKQ9CoIjn2WFXaUBpOyccGZx586Jvw78tgwr0tL4d0slCNenHEMoMyRht42AYZ65ykmHl9XMiyW9kzUCs4SMBEvIYSJcsQlwSLpfLlcAfpjKv9Pg&#038;__tn__=%2ANK-R\" data-ft=\"&#123;&quot;type&quot;:104,&quot;tn&quot;:&quot;*N&quot;&#125;\"><span class=\"_5afx\"><span aria-label=\"hashtag\" class=\"_58cl _5afz\">#Desaparecido<\/span><\/span><\/a> |<br \/> El d\u00eda 13 de diciembre desde las 17H53 por llamado telef\u00f3nica de un ciudadano, el Cuerpo de Bomberos de Pastaza se dirige al sector del Esfuerzo 2 a verificar la desaparici\u00f3n de una persona, llegando al lugar se toma contacto con familiares y personal de polic\u00eda nacional quienes manifiestan que desde las 16H00 se encuentra extraviado en la selva, mediante la debida coordinaci\u00f3n se procede a realizar la b\u00fasqueda y rescate por el sector realizando un recorrido a pie, siendo las 22H58 se localiza a la persona hasta ese entonces desaparecida de 28 a\u00f1os siguiendo los protocolos se procede a la valoraci\u00f3n de signos vitales, siendo el diagnostico principios de hipotermia debido a las fuertes lluvias, se lo traslada a su domicilio junto a sus familiares para que pueda tener abrigo y reposo, posterior la unidad bomberil retorna a base.<\/p>\n<p><a href=\"https:\/\/bomberos.puyo.gob.ec\/2019\/wp-content\/uploads\/BusquedayRescate-Desaparecido-El-dia-13-de-diciembre.fna&#038;oh=5e174a4a2cb6a9fe1b1cb66a9f6b1fa9&#038;oe=5E7F3BBA.jpeg\"><img decoding=\"async\" class=\"wp_automatic_fb_img\" title=\"\" src=\"https:\/\/bomberos.puyo.gob.ec\/2019\/wp-content\/uploads\/BusquedayRescate-Desaparecido-El-dia-13-de-diciembre.fna&#038;oh=5e174a4a2cb6a9fe1b1cb66a9f6b1fa9&#038;oe=5E7F3BBA.jpeg\" \/><\/a><br \/>\n<br \/><a href=\"https:\/\/www.facebook.com\/465093860312824\/posts\/1466972003458333\">en facebook&#8230; <\/a>  <\/p>\n","protected":false},"excerpt":{"rendered":"<p>| <a class=\"_58cn\" href=\"https:\/\/facebook.com\/hashtag\/busquedayrescate?source=feed_text&#038;epa=HASHTAG&#038;__xts__%5B0%5D=68.ARCWO05n04wY2b2v4sGiCMpXLXrW6WRnTPflrTaqs3K7T-85LQdCQiqp2ulVAbDVmyetAq6qt9LBi8cCQj_AIuzHDzppzUN-IyeM5_LjWyrxKN09Uaj-Dfi_tTMWmjKGN1MuwNZbRYdgIp-Kt6DyR2Me4Gg33H0HOevvFF12tIYjWOZp-VKy5b-yxEOVku4eUFdaRUYBKdkq9WYkov2J4-qaV7YLXs0HZrutQZmtGloKQ9CoIjn2WFXaUBpOyccGZx586Jvw78tgwr0tL4d0slCNenHEMoMyRht42AYZ65ykmHl9XMiyW9kzUCs4SMBEvIYSJcsQlwSLpfLlcAfpjKv9Pg&#038;__tn__=%2ANK-R\" data-ft=\"&#123;&quot;type&quot;:104,&quot;tn&quot;:&quot;*N&quot;&#125;\"><span class=\"_5afx\"><span aria-label=\"hashtag\" class=\"_58cl _5afz\">#BusquedayRescate<\/span><\/span><\/a> | <a class=\"_58cn\" href=\"https:\/\/facebook.com\/hashtag\/desaparecido?source=feed_text&#038;epa=HASHTAG&#038;__xts__%5B0%5D=68.ARCWO05n04wY2b2v4sGiCMpXLXrW6WRnTPflrTaqs3K7T-85LQdCQiqp2ulVAbDVmyetAq6qt9LBi8cCQj_AIuzHDzppzUN-IyeM5_LjWyrxKN09Uaj-Dfi_tTMWmjKGN1MuwNZbRYdgIp-Kt6DyR2Me4Gg33H0HOevvFF12tIYjWOZp-VKy5b-yxEOVku4eUFdaRUYBKdkq9WYkov2J4-qaV7YLXs0HZrutQZmtGloKQ9CoIjn2WFXaUBpOyccGZx586Jvw78tgwr0tL4d0slCNenHEMoMyRht42AYZ65ykmHl9XMiyW9kzUCs4SMBEvIYSJcsQlwSLpfLlcAfpjKv9Pg&#038;__tn__=%2ANK-R\" data-ft=\"&#123;&quot;type&quot;:104,&quot;tn&quot;:&quot;*N&quot;&#125;\"><span class=\"_5afx\"><span aria-label=\"hashtag\" class=\"_58cl _5afz\">#Desaparecido<\/span><\/span><\/a> |<br \/> El d\u00eda 13 de diciembre desde las 17H53 por llamado telef\u00f3nica de un ciudadano, el Cuerpo de Bomberos de Pastaza se dirige al sector del Esfuerzo 2 a verificar la desaparici\u00f3n de una persona, llegando al lugar se toma contacto con familiares y personal de polic\u00eda nacional quienes manifiestan que desde las 16H00 se encuentra extraviado en la selva, mediante la debida coordinaci\u00f3n se procede a realizar la b\u00fasqueda y rescate por el sector realizando un recorrido a pie, siendo las 22H58 se localiza a la persona hasta ese entonces desaparecida de 28 a\u00f1os siguiendo los protocolos se procede a la valoraci\u00f3n de signos vitales, siendo el diagnostico principios de hipotermia debido a las fuertes lluvias, se lo traslada a su domicilio junto a sus familiares para que pueda tener abrigo y reposo, posterior la unidad bomberil retorna a base.<\/p>\n<p><a href=\"https:\/\/scontent.fuio15-1.fna.fbcdn.net\/v\/t1.0-9\/79681937_1466971980125002_3194143847772848128_o.jpg?_nc_cat=101&#038;_nc_ohc=EiouFmmLWysAQlzpI3YnpjKOABrDr93iom1_wmAFLPTVD6ZbYPRR0SmXg&#038;_nc_ht=scontent.fuio15-1.fna&#038;oh=5e174a4a2cb6a9fe1b1cb66a9f6b1fa9&#038;oe=5E7F3BBA\"><img decoding=\"async\" class=\"wp_automatic_fb_img\" title=\"\" src=\"https:\/\/scontent.fuio15-1.fna.fbcdn.net\/v\/t1.0-9\/79681937_1466971980125002_3194143847772848128_o.jpg?_nc_cat=101&#038;_nc_ohc=EiouFmmLWysAQlzpI3YnpjKOABrDr93iom1_wmAFLPTVD6ZbYPRR0SmXg&#038;_nc_ht=scontent.fuio15-1.fna&#038;oh=5e174a4a2cb6a9fe1b1cb66a9f6b1fa9&#038;oe=5E7F3BBA\" \/><\/a><\/p>\n","protected":false},"author":1,"featured_media":562,"comment_status":"open","ping_status":"open","sticky":false,"template":"","format":"standard","meta":[],"categories":[1],"tags":[92,88,89,91,24,90,22],"_links":{"self":[{"href":"https:\/\/bomberos.puyo.gob.ec\/2019\/wp-json\/wp\/v2\/posts\/561"}],"collection":[{"href":"https:\/\/bomberos.puyo.gob.ec\/2019\/wp-json\/wp\/v2\/posts"}],"about":[{"href":"https:\/\/bomberos.puyo.gob.ec\/2019\/wp-json\/wp\/v2\/types\/post"}],"author":[{"embeddable":true,"href":"https:\/\/bomberos.puyo.gob.ec\/2019\/wp-json\/wp\/v2\/users\/1"}],"replies":[{"embeddable":true,"href":"https:\/\/bomberos.puyo.gob.ec\/2019\/wp-json\/wp\/v2\/comments?post=561"}],"version-history":[{"count":1,"href":"https:\/\/bomberos.puyo.gob.ec\/2019\/wp-json\/wp\/v2\/posts\/561\/revisions"}],"predecessor-version":[{"id":563,"href":"https:\/\/bomberos.puyo.gob.ec\/2019\/wp-json\/wp\/v2\/posts\/561\/revisions\/563"}],"wp:featuredmedia":[{"embeddable":true,"href":"https:\/\/bomberos.puyo.gob.ec\/2019\/wp-json\/wp\/v2\/media\/562"}],"wp:attachment":[{"href":"https:\/\/bomberos.puyo.gob.ec\/2019\/wp-json\/wp\/v2\/media?parent=561"}],"wp:term":[{"taxonomy":"category","embeddable":true,"href":"https:\/\/bomberos.puyo.gob.ec\/2019\/wp-json\/wp\/v2\/categories?post=561"},{"taxonomy":"post_tag","embeddable":true,"href":"https:\/\/bomberos.puyo.gob.ec\/2019\/wp-json\/wp\/v2\/tags?post=561"}],"curies":[{"name":"wp","href":"https:\/\/api.w.org\/{rel}","templated":true}]}}