{"id":549,"date":"2019-12-15T10:35:56","date_gmt":"2019-12-15T15:35:56","guid":{"rendered":"https:\/\/bomberos.puyo.gob.ec\/ecu911-accidentedetransito-por-llamado-de-ecu911-nos-dirigimos-rapidame\/"},"modified":"2019-12-17T20:59:22","modified_gmt":"2019-12-18T01:59:22","slug":"ecu911-accidentedetransito-por-llamado-de-ecu911-nos-dirigimos-rapidame","status":"publish","type":"post","link":"https:\/\/bomberos.puyo.gob.ec\/2019\/ecu911-accidentedetransito-por-llamado-de-ecu911-nos-dirigimos-rapidame\/","title":{"rendered":"| #ECU911 | #AccidenteDeTr\u00e1nsito |\n Por llamado de ECU911 nos dirigimos r\u00e1pidame&#8230;"},"content":{"rendered":"<p>| <a class=\"_58cn\" href=\"https:\/\/facebook.com\/hashtag\/ecu911?source=feed_text&#038;epa=HASHTAG&#038;__xts__%5B0%5D=68.ARCbQSxc38vtYd1ppvwn8_zcBI9Qf1YF4uzANQPYho8RNE16_1js3cnxUi3NEEoFExoe_KJi4-Ugm63J1xnTS58gC8Jb4f_N2__wqsSYIlV_VFIt3phJ6_1kpmjryWHFCvblYBMW-tsFpWFzdZSm_Ik-F_Ca3qhn-xbKY1XiqGAifswFIbe-rlsbzYe7ekmjtYtwQJN93Z-UcNCj6k8-ANzIEgNFbg0SEjNdVi-NHAcBPsHVh5DRGyRlsQypmgpqsOX7bcT-ffd0Owp88NIGvGj6hO-TDZq_Ep0D3jimUdURSeHmd6dQZjGWPNuyeSHMkzLAr1Ez8jXVe-nFDKVLDi6-_A&#038;__tn__=%2ANK-R\" data-ft=\"&#123;&quot;type&quot;:104,&quot;tn&quot;:&quot;*N&quot;&#125;\"><span class=\"_5afx\"><span aria-label=\"hashtag\" class=\"_58cl _5afz\">#ECU911<\/span><\/span><\/a> | <a class=\"_58cn\" href=\"https:\/\/facebook.com\/hashtag\/accidentedetr&#xe1;nsito?source=feed_text&#038;epa=HASHTAG&#038;__xts__%5B0%5D=68.ARCbQSxc38vtYd1ppvwn8_zcBI9Qf1YF4uzANQPYho8RNE16_1js3cnxUi3NEEoFExoe_KJi4-Ugm63J1xnTS58gC8Jb4f_N2__wqsSYIlV_VFIt3phJ6_1kpmjryWHFCvblYBMW-tsFpWFzdZSm_Ik-F_Ca3qhn-xbKY1XiqGAifswFIbe-rlsbzYe7ekmjtYtwQJN93Z-UcNCj6k8-ANzIEgNFbg0SEjNdVi-NHAcBPsHVh5DRGyRlsQypmgpqsOX7bcT-ffd0Owp88NIGvGj6hO-TDZq_Ep0D3jimUdURSeHmd6dQZjGWPNuyeSHMkzLAr1Ez8jXVe-nFDKVLDi6-_A&#038;__tn__=%2ANK-R\" data-ft=\"&#123;&quot;type&quot;:104,&quot;tn&quot;:&quot;*N&quot;&#125;\"><span class=\"_5afx\"><span aria-label=\"hashtag\" class=\"_58cl _5afz\">#AccidenteDeTr\u00e1nsito<\/span><\/span><\/a> |<br \/> Por llamado de ECU911 nos dirigimos r\u00e1pidamente a la Av. Alberto Zambrano sector del CNE por un accidente de tr\u00e1nsito suscitado, en el lugar se verifica que una persona de 33 a\u00f1os presenta un dolor lumbar debido a una ca\u00edda de su propia altura, se la atiende y posterior se la  traslada al Hospital de Puyo donde recibe la atenci\u00f3n debida.<\/p>\n<p><a href=\"https:\/\/bomberos.puyo.gob.ec\/2019\/wp-content\/uploads\/ECU911-AccidenteDeTransito-Por-llamado-de-ECU911-nos.fna&#038;oh=e8282ade36cf04788614378ce3e4982c&#038;oe=5EB10132.jpeg\"><img decoding=\"async\" class=\"wp_automatic_fb_img\" title=\"\" src=\"https:\/\/bomberos.puyo.gob.ec\/2019\/wp-content\/uploads\/ECU911-AccidenteDeTransito-Por-llamado-de-ECU911-nos.fna&#038;oh=e8282ade36cf04788614378ce3e4982c&#038;oe=5EB10132.jpeg\" \/><\/a><br \/>\n<br \/><a href=\"https:\/\/www.facebook.com\/465093860312824\/posts\/1468049566683910\">en facebook&#8230; <\/a>  <\/p>\n","protected":false},"excerpt":{"rendered":"<p>| <a class=\"_58cn\" href=\"https:\/\/facebook.com\/hashtag\/ecu911?source=feed_text&#038;epa=HASHTAG&#038;__xts__%5B0%5D=68.ARCbQSxc38vtYd1ppvwn8_zcBI9Qf1YF4uzANQPYho8RNE16_1js3cnxUi3NEEoFExoe_KJi4-Ugm63J1xnTS58gC8Jb4f_N2__wqsSYIlV_VFIt3phJ6_1kpmjryWHFCvblYBMW-tsFpWFzdZSm_Ik-F_Ca3qhn-xbKY1XiqGAifswFIbe-rlsbzYe7ekmjtYtwQJN93Z-UcNCj6k8-ANzIEgNFbg0SEjNdVi-NHAcBPsHVh5DRGyRlsQypmgpqsOX7bcT-ffd0Owp88NIGvGj6hO-TDZq_Ep0D3jimUdURSeHmd6dQZjGWPNuyeSHMkzLAr1Ez8jXVe-nFDKVLDi6-_A&#038;__tn__=%2ANK-R\" data-ft=\"&#123;&quot;type&quot;:104,&quot;tn&quot;:&quot;*N&quot;&#125;\"><span class=\"_5afx\"><span aria-label=\"hashtag\" class=\"_58cl _5afz\">#ECU911<\/span><\/span><\/a> | <a class=\"_58cn\" href=\"https:\/\/facebook.com\/hashtag\/accidentedetr&#xe1;nsito?source=feed_text&#038;epa=HASHTAG&#038;__xts__%5B0%5D=68.ARCbQSxc38vtYd1ppvwn8_zcBI9Qf1YF4uzANQPYho8RNE16_1js3cnxUi3NEEoFExoe_KJi4-Ugm63J1xnTS58gC8Jb4f_N2__wqsSYIlV_VFIt3phJ6_1kpmjryWHFCvblYBMW-tsFpWFzdZSm_Ik-F_Ca3qhn-xbKY1XiqGAifswFIbe-rlsbzYe7ekmjtYtwQJN93Z-UcNCj6k8-ANzIEgNFbg0SEjNdVi-NHAcBPsHVh5DRGyRlsQypmgpqsOX7bcT-ffd0Owp88NIGvGj6hO-TDZq_Ep0D3jimUdURSeHmd6dQZjGWPNuyeSHMkzLAr1Ez8jXVe-nFDKVLDi6-_A&#038;__tn__=%2ANK-R\" data-ft=\"&#123;&quot;type&quot;:104,&quot;tn&quot;:&quot;*N&quot;&#125;\"><span class=\"_5afx\"><span aria-label=\"hashtag\" class=\"_58cl _5afz\">#AccidenteDeTr\u00e1nsito<\/span><\/span><\/a> |<br \/> Por llamado de ECU911 nos dirigimos r\u00e1pidamente a la Av. Alberto Zambrano sector del CNE por un accidente de tr\u00e1nsito suscitado, en el lugar se verifica que una persona de 33 a\u00f1os presenta un dolor lumbar debido a una ca\u00edda de su propia altura, se la atiende y posterior se la  traslada al Hospital de Puyo donde recibe la atenci\u00f3n debida.<\/p>\n<p><a href=\"https:\/\/scontent.fuio15-1.fna.fbcdn.net\/v\/t1.0-9\/79899277_1468049546683912_7794131470502592512_o.jpg?_nc_cat=105&#038;_nc_ohc=hLOIpMQHhfQAQnIBXfaMmmXIEksi8T_zXTrDLceZAtwrrg8gFLUNwgnKQ&#038;_nc_ht=scontent.fuio15-1.fna&#038;oh=e8282ade36cf04788614378ce3e4982c&#038;oe=5EB10132\"><img decoding=\"async\" class=\"wp_automatic_fb_img\" title=\"\" src=\"https:\/\/scontent.fuio15-1.fna.fbcdn.net\/v\/t1.0-9\/79899277_1468049546683912_7794131470502592512_o.jpg?_nc_cat=105&#038;_nc_ohc=hLOIpMQHhfQAQnIBXfaMmmXIEksi8T_zXTrDLceZAtwrrg8gFLUNwgnKQ&#038;_nc_ht=scontent.fuio15-1.fna&#038;oh=e8282ade36cf04788614378ce3e4982c&#038;oe=5EB10132\" \/><\/a><\/p>\n","protected":false},"author":1,"featured_media":550,"comment_status":"open","ping_status":"open","sticky":false,"template":"","format":"standard","meta":[],"categories":[1],"tags":[62,76,69,31,75,30,77],"_links":{"self":[{"href":"https:\/\/bomberos.puyo.gob.ec\/2019\/wp-json\/wp\/v2\/posts\/549"}],"collection":[{"href":"https:\/\/bomberos.puyo.gob.ec\/2019\/wp-json\/wp\/v2\/posts"}],"about":[{"href":"https:\/\/bomberos.puyo.gob.ec\/2019\/wp-json\/wp\/v2\/types\/post"}],"author":[{"embeddable":true,"href":"https:\/\/bomberos.puyo.gob.ec\/2019\/wp-json\/wp\/v2\/users\/1"}],"replies":[{"embeddable":true,"href":"https:\/\/bomberos.puyo.gob.ec\/2019\/wp-json\/wp\/v2\/comments?post=549"}],"version-history":[{"count":1,"href":"https:\/\/bomberos.puyo.gob.ec\/2019\/wp-json\/wp\/v2\/posts\/549\/revisions"}],"predecessor-version":[{"id":551,"href":"https:\/\/bomberos.puyo.gob.ec\/2019\/wp-json\/wp\/v2\/posts\/549\/revisions\/551"}],"wp:featuredmedia":[{"embeddable":true,"href":"https:\/\/bomberos.puyo.gob.ec\/2019\/wp-json\/wp\/v2\/media\/550"}],"wp:attachment":[{"href":"https:\/\/bomberos.puyo.gob.ec\/2019\/wp-json\/wp\/v2\/media?parent=549"}],"wp:term":[{"taxonomy":"category","embeddable":true,"href":"https:\/\/bomberos.puyo.gob.ec\/2019\/wp-json\/wp\/v2\/categories?post=549"},{"taxonomy":"post_tag","embeddable":true,"href":"https:\/\/bomberos.puyo.gob.ec\/2019\/wp-json\/wp\/v2\/tags?post=549"}],"curies":[{"name":"wp","href":"https:\/\/api.w.org\/{rel}","templated":true}]}}