{"id":528,"date":"2019-12-15T16:50:00","date_gmt":"2019-12-15T21:50:00","guid":{"rendered":"https:\/\/bomberos.puyo.gob.ec\/ecu911-accidentedetransito-por-llamado-de-ecu911-las-unidades-bomberile\/"},"modified":"2019-12-17T18:51:39","modified_gmt":"2019-12-17T23:51:39","slug":"ecu911-accidentedetransito-por-llamado-de-ecu911-las-unidades-bomberile","status":"publish","type":"post","link":"https:\/\/bomberos.puyo.gob.ec\/2019\/ecu911-accidentedetransito-por-llamado-de-ecu911-las-unidades-bomberile\/","title":{"rendered":"| #ECU911 | #AccidenteDeTr\u00e1nsito |\n Por llamado de ECU911 las unidades bomberile&#8230;"},"content":{"rendered":"<p>| <a class=\"_58cn\" href=\"https:\/\/facebook.com\/hashtag\/ecu911?source=feed_text&#038;epa=HASHTAG&#038;__xts__%5B0%5D=68.ARDQXcijT6ZWtZZ0If848M-JTSqOpOuXd2oNrXcBr5n4BDQ9QjFkevit2PEKa0XeZOMvhe9f3ySOyxpFJLR6-RKDB_l_tAiwvdq3bo3MdzmZ1W_V5ID4MQyTnI6PzF8ahbsiciIO2IHj_ddlan7E6wb_X4hGsGs15B-EBSbYGc6WJQ43IbETqBXondtPFHKFVupjPX92-2XWlQdIXZGZctEA4G_-akWKs3Kws3Peonj1gZMHTmHNf3u9zDd3NfKUPYgV0qcVIeU1KUPP-PZ4FXdB1OStStcB3jYbSuC7HTXSTSKzLhUwogzUPUNzu79v1OD6ql0VklmNQVqRaAWWhQ5zbQ&#038;__tn__=%2ANK-R\" data-ft=\"&#123;&quot;type&quot;:104,&quot;tn&quot;:&quot;*N&quot;&#125;\"><span class=\"_5afx\"><span aria-label=\"hashtag\" class=\"_58cl _5afz\">#ECU911<\/span><\/span><\/a> | <a class=\"_58cn\" href=\"https:\/\/facebook.com\/hashtag\/accidentedetr&#xe1;nsito?source=feed_text&#038;epa=HASHTAG&#038;__xts__%5B0%5D=68.ARDQXcijT6ZWtZZ0If848M-JTSqOpOuXd2oNrXcBr5n4BDQ9QjFkevit2PEKa0XeZOMvhe9f3ySOyxpFJLR6-RKDB_l_tAiwvdq3bo3MdzmZ1W_V5ID4MQyTnI6PzF8ahbsiciIO2IHj_ddlan7E6wb_X4hGsGs15B-EBSbYGc6WJQ43IbETqBXondtPFHKFVupjPX92-2XWlQdIXZGZctEA4G_-akWKs3Kws3Peonj1gZMHTmHNf3u9zDd3NfKUPYgV0qcVIeU1KUPP-PZ4FXdB1OStStcB3jYbSuC7HTXSTSKzLhUwogzUPUNzu79v1OD6ql0VklmNQVqRaAWWhQ5zbQ&#038;__tn__=%2ANK-R\" data-ft=\"&#123;&quot;type&quot;:104,&quot;tn&quot;:&quot;*N&quot;&#125;\"><span class=\"_5afx\"><span aria-label=\"hashtag\" class=\"_58cl _5afz\">#AccidenteDeTr\u00e1nsito<\/span><\/span><\/a> |<br \/> Por llamado de ECU911 las unidades bomberiles se dirigen al sector de Veracruz a un accidente de tr\u00e1nsito al llegar se tiene que un paciente de 24 a\u00f1os presenta politraumatismo m\u00e1s herida cortante a nivel del tal\u00f3n izquierdo mismo que fue trasladado al Hospital Puyo donde tuvo la atenci\u00f3n necesaria.<\/p>\n<p><a href=\"https:\/\/bomberos.puyo.gob.ec\/2019\/wp-content\/uploads\/ECU911-AccidenteDeTransito-Por-llamado-de-ECU911-las.fna&#038;oh=a3b29c86ca7432d0000bd818a8fdacdf&#038;oe=5E6F00C8.jpeg\"><img decoding=\"async\" class=\"wp_automatic_fb_img\" title=\"\" src=\"https:\/\/bomberos.puyo.gob.ec\/2019\/wp-content\/uploads\/ECU911-AccidenteDeTransito-Por-llamado-de-ECU911-las.fna&#038;oh=a3b29c86ca7432d0000bd818a8fdacdf&#038;oe=5E6F00C8.jpeg\" \/><\/a><br \/>\n<br \/><a href=\"https:\/\/www.facebook.com\/465093860312824\/posts\/1468052560016944\">en facebook&#8230; <\/a>  <\/p>\n","protected":false},"excerpt":{"rendered":"<p>| <a class=\"_58cn\" href=\"https:\/\/facebook.com\/hashtag\/ecu911?source=feed_text&#038;epa=HASHTAG&#038;__xts__%5B0%5D=68.ARDQXcijT6ZWtZZ0If848M-JTSqOpOuXd2oNrXcBr5n4BDQ9QjFkevit2PEKa0XeZOMvhe9f3ySOyxpFJLR6-RKDB_l_tAiwvdq3bo3MdzmZ1W_V5ID4MQyTnI6PzF8ahbsiciIO2IHj_ddlan7E6wb_X4hGsGs15B-EBSbYGc6WJQ43IbETqBXondtPFHKFVupjPX92-2XWlQdIXZGZctEA4G_-akWKs3Kws3Peonj1gZMHTmHNf3u9zDd3NfKUPYgV0qcVIeU1KUPP-PZ4FXdB1OStStcB3jYbSuC7HTXSTSKzLhUwogzUPUNzu79v1OD6ql0VklmNQVqRaAWWhQ5zbQ&#038;__tn__=%2ANK-R\" data-ft=\"&#123;&quot;type&quot;:104,&quot;tn&quot;:&quot;*N&quot;&#125;\"><span class=\"_5afx\"><span aria-label=\"hashtag\" class=\"_58cl _5afz\">#ECU911<\/span><\/span><\/a> | <a class=\"_58cn\" href=\"https:\/\/facebook.com\/hashtag\/accidentedetr&#xe1;nsito?source=feed_text&#038;epa=HASHTAG&#038;__xts__%5B0%5D=68.ARDQXcijT6ZWtZZ0If848M-JTSqOpOuXd2oNrXcBr5n4BDQ9QjFkevit2PEKa0XeZOMvhe9f3ySOyxpFJLR6-RKDB_l_tAiwvdq3bo3MdzmZ1W_V5ID4MQyTnI6PzF8ahbsiciIO2IHj_ddlan7E6wb_X4hGsGs15B-EBSbYGc6WJQ43IbETqBXondtPFHKFVupjPX92-2XWlQdIXZGZctEA4G_-akWKs3Kws3Peonj1gZMHTmHNf3u9zDd3NfKUPYgV0qcVIeU1KUPP-PZ4FXdB1OStStcB3jYbSuC7HTXSTSKzLhUwogzUPUNzu79v1OD6ql0VklmNQVqRaAWWhQ5zbQ&#038;__tn__=%2ANK-R\" data-ft=\"&#123;&quot;type&quot;:104,&quot;tn&quot;:&quot;*N&quot;&#125;\"><span class=\"_5afx\"><span aria-label=\"hashtag\" class=\"_58cl _5afz\">#AccidenteDeTr\u00e1nsito<\/span><\/span><\/a> |<br \/> Por llamado de ECU911 las unidades bomberiles se dirigen al sector de Veracruz a un accidente de tr\u00e1nsito al llegar se tiene que un paciente de 24 a\u00f1os presenta politraumatismo m\u00e1s herida cortante a nivel del tal\u00f3n izquierdo mismo que fue trasladado al Hospital Puyo donde tuvo la atenci\u00f3n necesaria.<\/p>\n<p><a href=\"https:\/\/scontent.fuio15-1.fna.fbcdn.net\/v\/t1.0-9\/78672181_1468052253350308_4197293511986380800_o.jpg?_nc_cat=101&#038;_nc_ohc=AzJh7YgtuQsAQnsu6rsC2D2LD2qzMua1My7Ry-2xQpwYWhwZYq6nvrtEw&#038;_nc_ht=scontent.fuio15-1.fna&#038;oh=a3b29c86ca7432d0000bd818a8fdacdf&#038;oe=5E6F00C8\"><img decoding=\"async\" class=\"wp_automatic_fb_img\" title=\"\" src=\"https:\/\/scontent.fuio15-1.fna.fbcdn.net\/v\/t1.0-9\/78672181_1468052253350308_4197293511986380800_o.jpg?_nc_cat=101&#038;_nc_ohc=AzJh7YgtuQsAQnsu6rsC2D2LD2qzMua1My7Ry-2xQpwYWhwZYq6nvrtEw&#038;_nc_ht=scontent.fuio15-1.fna&#038;oh=a3b29c86ca7432d0000bd818a8fdacdf&#038;oe=5E6F00C8\" \/><\/a><\/p>\n","protected":false},"author":1,"featured_media":529,"comment_status":"open","ping_status":"open","sticky":false,"template":"","format":"standard","meta":[],"categories":[1],"tags":[62,71,69,22,31,30,70],"_links":{"self":[{"href":"https:\/\/bomberos.puyo.gob.ec\/2019\/wp-json\/wp\/v2\/posts\/528"}],"collection":[{"href":"https:\/\/bomberos.puyo.gob.ec\/2019\/wp-json\/wp\/v2\/posts"}],"about":[{"href":"https:\/\/bomberos.puyo.gob.ec\/2019\/wp-json\/wp\/v2\/types\/post"}],"author":[{"embeddable":true,"href":"https:\/\/bomberos.puyo.gob.ec\/2019\/wp-json\/wp\/v2\/users\/1"}],"replies":[{"embeddable":true,"href":"https:\/\/bomberos.puyo.gob.ec\/2019\/wp-json\/wp\/v2\/comments?post=528"}],"version-history":[{"count":1,"href":"https:\/\/bomberos.puyo.gob.ec\/2019\/wp-json\/wp\/v2\/posts\/528\/revisions"}],"predecessor-version":[{"id":530,"href":"https:\/\/bomberos.puyo.gob.ec\/2019\/wp-json\/wp\/v2\/posts\/528\/revisions\/530"}],"wp:featuredmedia":[{"embeddable":true,"href":"https:\/\/bomberos.puyo.gob.ec\/2019\/wp-json\/wp\/v2\/media\/529"}],"wp:attachment":[{"href":"https:\/\/bomberos.puyo.gob.ec\/2019\/wp-json\/wp\/v2\/media?parent=528"}],"wp:term":[{"taxonomy":"category","embeddable":true,"href":"https:\/\/bomberos.puyo.gob.ec\/2019\/wp-json\/wp\/v2\/categories?post=528"},{"taxonomy":"post_tag","embeddable":true,"href":"https:\/\/bomberos.puyo.gob.ec\/2019\/wp-json\/wp\/v2\/tags?post=528"}],"curies":[{"name":"wp","href":"https:\/\/api.w.org\/{rel}","templated":true}]}}