{"id":525,"date":"2019-12-15T19:00:03","date_gmt":"2019-12-16T00:00:03","guid":{"rendered":"https:\/\/bomberos.puyo.gob.ec\/capacitacion-primerosauxilios-comunidad-el-cuerpo-de-bombero-municip\/"},"modified":"2019-12-17T18:48:26","modified_gmt":"2019-12-17T23:48:26","slug":"capacitacion-primerosauxilios-comunidad-el-cuerpo-de-bombero-municip","status":"publish","type":"post","link":"https:\/\/bomberos.puyo.gob.ec\/2019\/capacitacion-primerosauxilios-comunidad-el-cuerpo-de-bombero-municip\/","title":{"rendered":"| #Capacitaci\u00f3n | #PrimerosAuxilios | #Comunidad |\n El Cuerpo de Bombero Municip&#8230;"},"content":{"rendered":"<p><span><\/p>\n<p>| <a>#Capacitaci\u00f3n<\/a> | <a><span>#PrimerosAuxili<\/span><wbr><\/wbr><span class=\"word_break\"><\/span>os<\/a> | <a>#Comunidad<\/a> |<br \/> El Cuerpo de Bombero Municipal del cant\u00f3n Pastaza en su af\u00e1n de precautelar la seguridad de sus habitantes se dirige  a dar una capacitaci\u00f3n de primeros auxilios en la comunidad San Pablo de Allishungo.<\/p>\n<p><\/span>\n<\/p>\n<p><a href=\"https:\/\/bomberos.puyo.gob.ec\/2019\/wp-content\/uploads\/Capacitacion-PrimerosAuxilios-Comunidad-El-Cuerpo-de.fna&#038;oh=d0995e0b9acfb273bd1f83d8bcd2ec2b&#038;oe=5E69CC23.jpeg\"><img decoding=\"async\" class=\"wp_automatic_fb_img\" title=\"\" src=\"https:\/\/bomberos.puyo.gob.ec\/2019\/wp-content\/uploads\/Capacitacion-PrimerosAuxilios-Comunidad-El-Cuerpo-de.fna&#038;oh=d0995e0b9acfb273bd1f83d8bcd2ec2b&#038;oe=5E69CC23.jpeg\" \/><\/a><br \/>\n<br \/><a href=\"https:\/\/www.facebook.com\/465093860312824\/posts\/1468053663350167\">en facebook&#8230; <\/a>  <\/p>\n","protected":false},"excerpt":{"rendered":"<p><span><\/p>\n<p>| <a>#Capacitaci\u00f3n<\/a> | <a><span>#PrimerosAuxili<\/span><wbr><\/wbr><span class=\"word_break\"><\/span>os<\/a> | <a>#Comunidad<\/a> |<br \/> El Cuerpo de Bombero Municipal del cant\u00f3n Pastaza en su af\u00e1n de precautelar la seguridad de sus habitantes se dirige  a dar una capacitaci\u00f3n de primeros auxilios en la comunidad San Pablo de Allishungo.<\/p>\n<p><\/span>\n<\/p>\n<p><a href=\"https:\/\/scontent.fuio15-1.fna.fbcdn.net\/v\/t1.0-9\/79808994_1468053483350185_4137738842625015808_o.jpg?_nc_cat=110&#038;_nc_ohc=xjrrv91E2BgAQke6o1funw0jPrZCer6czhi-xscsCk8JhcYVAt934IIjg&#038;_nc_ht=scontent.fuio15-1.fna&#038;oh=d0995e0b9acfb273bd1f83d8bcd2ec2b&#038;oe=5E69CC23\"><img decoding=\"async\" class=\"wp_automatic_fb_img\" title=\"\" src=\"https:\/\/scontent.fuio15-1.fna.fbcdn.net\/v\/t1.0-9\/79808994_1468053483350185_4137738842625015808_o.jpg?_nc_cat=110&#038;_nc_ohc=xjrrv91E2BgAQke6o1funw0jPrZCer6czhi-xscsCk8JhcYVAt934IIjg&#038;_nc_ht=scontent.fuio15-1.fna&#038;oh=d0995e0b9acfb273bd1f83d8bcd2ec2b&#038;oe=5E69CC23\" \/><\/a><\/p>\n","protected":false},"author":1,"featured_media":526,"comment_status":"open","ping_status":"open","sticky":false,"template":"","format":"standard","meta":[],"categories":[1],"tags":[67,65,66,64,68,63],"_links":{"self":[{"href":"https:\/\/bomberos.puyo.gob.ec\/2019\/wp-json\/wp\/v2\/posts\/525"}],"collection":[{"href":"https:\/\/bomberos.puyo.gob.ec\/2019\/wp-json\/wp\/v2\/posts"}],"about":[{"href":"https:\/\/bomberos.puyo.gob.ec\/2019\/wp-json\/wp\/v2\/types\/post"}],"author":[{"embeddable":true,"href":"https:\/\/bomberos.puyo.gob.ec\/2019\/wp-json\/wp\/v2\/users\/1"}],"replies":[{"embeddable":true,"href":"https:\/\/bomberos.puyo.gob.ec\/2019\/wp-json\/wp\/v2\/comments?post=525"}],"version-history":[{"count":1,"href":"https:\/\/bomberos.puyo.gob.ec\/2019\/wp-json\/wp\/v2\/posts\/525\/revisions"}],"predecessor-version":[{"id":527,"href":"https:\/\/bomberos.puyo.gob.ec\/2019\/wp-json\/wp\/v2\/posts\/525\/revisions\/527"}],"wp:featuredmedia":[{"embeddable":true,"href":"https:\/\/bomberos.puyo.gob.ec\/2019\/wp-json\/wp\/v2\/media\/526"}],"wp:attachment":[{"href":"https:\/\/bomberos.puyo.gob.ec\/2019\/wp-json\/wp\/v2\/media?parent=525"}],"wp:term":[{"taxonomy":"category","embeddable":true,"href":"https:\/\/bomberos.puyo.gob.ec\/2019\/wp-json\/wp\/v2\/categories?post=525"},{"taxonomy":"post_tag","embeddable":true,"href":"https:\/\/bomberos.puyo.gob.ec\/2019\/wp-json\/wp\/v2\/tags?post=525"}],"curies":[{"name":"wp","href":"https:\/\/api.w.org\/{rel}","templated":true}]}}