{"id":448,"date":"2019-12-16T11:47:00","date_gmt":"2019-12-16T16:47:00","guid":{"rendered":"https:\/\/bomberos.puyo.gob.ec\/emergenciamedica-por-llamado-del-ecu-911-personal-bomberil-capacitado-asi\/"},"modified":"2019-12-17T18:54:08","modified_gmt":"2019-12-17T23:54:08","slug":"emergenciamedica-por-llamado-del-ecu-911-personal-bomberil-capacitado-asi","status":"publish","type":"post","link":"https:\/\/bomberos.puyo.gob.ec\/2019\/emergenciamedica-por-llamado-del-ecu-911-personal-bomberil-capacitado-asi\/","title":{"rendered":"| #EmergenciaM\u00e9dica | \n Por llamado del ECU 911 personal bomberil capacitado asi&#8230;"},"content":{"rendered":"<p>| <a class=\"_58cn\" href=\"https:\/\/facebook.com\/hashtag\/emergenciam\u00e9dica?source=feed_text&amp;epa=HASHTAG&amp;__xts__%5B0%5D=68.ARCoSZzP3lLgMQ2rcs9JnGT8rCdmialACMDvzlgy53gTTGohqNTJAOnpqQlurSzRQJPJtLgQ5cMJZ68hup9pnD7k6O-jE587N2Mye_sfrwtyiwFE340famPO-FYm39sPVbkYffJtj0TMTviy4pRONKhWfUaJvEV5XdvVTU46BDb93jLNR766-h1QRNVbcuw25FPxDSdKvJhYaly6XzU4L92guTNJEhj1vwLtcVUF37gbI9u5-LllPM8NnlG1iP0VnWk-v1Vz_CaYszwv30rtVNPDMCdzAkov5AeATnPoaf9Bls0qS1GRNAWHf9lUSgWDGJczFrKluEP9GH9XLZwCYek8Ag&amp;__tn__=%2ANK-R\" data-ft=\"{&quot;type&quot;:104,&quot;tn&quot;:&quot;*N&quot;}\"><span class=\"_5afx\"><span aria-label=\"hashtag\" class=\"_58cl _5afz\">#EmergenciaM\u00e9dica<\/span><\/span><\/a> |<br \/>\nPor llamado del ECU 911 personal bomberil capacitado asiste a dar apoyo en la evacuaci\u00f3n de un paciente que ha sufrido una ca\u00edda en un subterr\u00e1neo de aproximadamente 2.5 metros ubicado en la avenida Alberto Zambrano y Francisco de Orellana, llegando al lugar se encuentra a paciente de sexo masculino de 58 a\u00f1os con dolores agudos en cavidad tor\u00e1cica, se procede a estabilizarlo y  trasladarlo fuera de la zona de peligro; posterior el mismo es entregado a la unidad alfa del MSP .<\/p>\n<p><a href=\"https:\/\/bomberos.puyo.gob.ec\/2019\/wp-content\/uploads\/2019\/12\/EmergenciaMedica-Por-llamado-del-ECU-911-personal-bomberil.fna&amp;oh=2d56a82f217595d241f3f9eb1e1b099e&amp;oe=5E7DCA65.jpeg\"><img decoding=\"async\" class=\"wp_automatic_fb_img\" title=\"\" src=\"https:\/\/bomberos.puyo.gob.ec\/2019\/wp-content\/uploads\/2019\/12\/EmergenciaMedica-Por-llamado-del-ECU-911-personal-bomberil.fna&amp;oh=2d56a82f217595d241f3f9eb1e1b099e&amp;oe=5E7DCA65.jpeg\"><\/a><br \/>\n<a href=\"https:\/\/bomberos.puyo.gob.ec\/2019\/wp-content\/uploads\/2019\/12\/EmergenciaMedica-Por-llamado-del-ECU-911-personal-bomberil.fna&amp;oh=bbf70be264ad75422ddc8612295a2a31&amp;oe=5E78AD87.jpeg\"><img decoding=\"async\" class=\"wp_automatic_fb_img\" title=\"\" src=\"https:\/\/bomberos.puyo.gob.ec\/2019\/wp-content\/uploads\/2019\/12\/EmergenciaMedica-Por-llamado-del-ECU-911-personal-bomberil.fna&amp;oh=bbf70be264ad75422ddc8612295a2a31&amp;oe=5E78AD87.jpeg\"><\/a><br \/>\n<a href=\"https:\/\/bomberos.puyo.gob.ec\/2019\/wp-content\/uploads\/2019\/12\/EmergenciaMedica-Por-llamado-del-ECU-911-personal-bomberil.fna&amp;oh=04edf0c0b57202db7224ea30656bc484&amp;oe=5E81A721.jpeg\"><img decoding=\"async\" class=\"wp_automatic_fb_img\" title=\"\" src=\"https:\/\/bomberos.puyo.gob.ec\/2019\/wp-content\/uploads\/2019\/12\/EmergenciaMedica-Por-llamado-del-ECU-911-personal-bomberil.fna&amp;oh=04edf0c0b57202db7224ea30656bc484&amp;oe=5E81A721.jpeg\"><\/a><br \/>\n<a href=\"https:\/\/bomberos.puyo.gob.ec\/2019\/wp-content\/uploads\/2019\/12\/EmergenciaMedica-Por-llamado-del-ECU-911-personal-bomberil.fna&amp;oh=5ae057166aae520da96db41cf0722b14&amp;oe=5EB1EBAB.jpeg\"><img decoding=\"async\" class=\"wp_automatic_fb_img\" title=\"\" src=\"https:\/\/bomberos.puyo.gob.ec\/2019\/wp-content\/uploads\/2019\/12\/EmergenciaMedica-Por-llamado-del-ECU-911-personal-bomberil.fna&amp;oh=5ae057166aae520da96db41cf0722b14&amp;oe=5EB1EBAB.jpeg\"><\/a><\/p>\n<p><a href=\"https:\/\/www.facebook.com\/465093860312824\/posts\/1468897033265830\">en facebook&#8230; <\/a><\/p>\n","protected":false},"excerpt":{"rendered":"<p>| #EmergenciaM\u00e9dica | Por llamado del ECU 911 personal bomberil capacitado asiste a dar apoyo en la evacuaci\u00f3n de un paciente que ha sufrido una ca\u00edda en un subterr\u00e1neo de aproximadamente 2.5 metros ubicado en la avenida Alberto Zambrano y Francisco de Orellana, llegando al lugar se encuentra a paciente de sexo masculino de 58 [&hellip;]<\/p>\n","protected":false},"author":1,"featured_media":449,"comment_status":"open","ping_status":"open","sticky":false,"template":"","format":"standard","meta":[],"categories":[1],"tags":[37,35,36,32,33,29,31,34,30],"_links":{"self":[{"href":"https:\/\/bomberos.puyo.gob.ec\/2019\/wp-json\/wp\/v2\/posts\/448"}],"collection":[{"href":"https:\/\/bomberos.puyo.gob.ec\/2019\/wp-json\/wp\/v2\/posts"}],"about":[{"href":"https:\/\/bomberos.puyo.gob.ec\/2019\/wp-json\/wp\/v2\/types\/post"}],"author":[{"embeddable":true,"href":"https:\/\/bomberos.puyo.gob.ec\/2019\/wp-json\/wp\/v2\/users\/1"}],"replies":[{"embeddable":true,"href":"https:\/\/bomberos.puyo.gob.ec\/2019\/wp-json\/wp\/v2\/comments?post=448"}],"version-history":[{"count":3,"href":"https:\/\/bomberos.puyo.gob.ec\/2019\/wp-json\/wp\/v2\/posts\/448\/revisions"}],"predecessor-version":[{"id":534,"href":"https:\/\/bomberos.puyo.gob.ec\/2019\/wp-json\/wp\/v2\/posts\/448\/revisions\/534"}],"wp:featuredmedia":[{"embeddable":true,"href":"https:\/\/bomberos.puyo.gob.ec\/2019\/wp-json\/wp\/v2\/media\/449"}],"wp:attachment":[{"href":"https:\/\/bomberos.puyo.gob.ec\/2019\/wp-json\/wp\/v2\/media?parent=448"}],"wp:term":[{"taxonomy":"category","embeddable":true,"href":"https:\/\/bomberos.puyo.gob.ec\/2019\/wp-json\/wp\/v2\/categories?post=448"},{"taxonomy":"post_tag","embeddable":true,"href":"https:\/\/bomberos.puyo.gob.ec\/2019\/wp-json\/wp\/v2\/tags?post=448"}],"curies":[{"name":"wp","href":"https:\/\/api.w.org\/{rel}","templated":true}]}}