{"id":445,"date":"2019-12-16T20:46:31","date_gmt":"2019-12-17T01:46:31","guid":{"rendered":"https:\/\/bomberos.puyo.gob.ec\/suceso-a-eso-de-las-1600-de-este-dia-lunes-se-suscito-un-accidente-entr\/"},"modified":"2019-12-17T18:53:48","modified_gmt":"2019-12-17T23:53:48","slug":"suceso-a-eso-de-las-1600-de-este-dia-lunes-se-suscito-un-accidente-entr","status":"publish","type":"post","link":"https:\/\/bomberos.puyo.gob.ec\/2019\/suceso-a-eso-de-las-1600-de-este-dia-lunes-se-suscito-un-accidente-entr\/","title":{"rendered":"|| Suceso ||\n A eso de las 16:00 de este d\u00eda lunes, se suscit\u00f3 un accidente entr&#8230;"},"content":{"rendered":"<p>|| Suceso ||<\/p>\n<p>A eso de las 16:00 de este d\u00eda lunes, se suscit\u00f3 un accidente entre los motocicletas en la calle 20 de Julio, pasando la Iglesia Jes\u00fas Obrero. Uno de los implicados es agente de la Polic\u00eda.<\/p>\n<p><a href=\"https:\/\/bomberos.puyo.gob.ec\/2019\/wp-content\/uploads\/2019\/12\/Suceso-A-eso-de-las-1600-de-este.fna&amp;oh=44eec8c1a168a7a726a03da3c6dc2902&amp;oe=5EAE2459.jpeg\"><img decoding=\"async\" class=\"wp_automatic_fb_img\" title=\"\" src=\"https:\/\/bomberos.puyo.gob.ec\/2019\/wp-content\/uploads\/2019\/12\/Suceso-A-eso-de-las-1600-de-este.fna&amp;oh=44eec8c1a168a7a726a03da3c6dc2902&amp;oe=5EAE2459.jpeg\"><\/a><br \/>\n<a href=\"https:\/\/scontent.fuio15-1.fna.fbcdn.net\/v\/t1.0-9\/79807437_3229890213751852_7552898778282328064_o.jpg?_nc_cat=103&amp;_nc_ohc=SgCqPrrgd9QAQlHNfYDdL2YQc7e--K5AfXtZMC1yhJLD2GFRG-2EYOWLw&amp;_nc_ht=scontent.fuio15-1.fna&amp;oh=40ceed177696c46c37f47321b6d597a0&amp;oe=5E6CC093\"><img decoding=\"async\" class=\"wp_automatic_fb_img\" title=\"\" src=\"https:\/\/scontent.fuio15-1.fna.fbcdn.net\/v\/t1.0-9\/79807437_3229890213751852_7552898778282328064_o.jpg?_nc_cat=103&amp;_nc_ohc=SgCqPrrgd9QAQlHNfYDdL2YQc7e--K5AfXtZMC1yhJLD2GFRG-2EYOWLw&amp;_nc_ht=scontent.fuio15-1.fna&amp;oh=40ceed177696c46c37f47321b6d597a0&amp;oe=5E6CC093\"><\/a><br \/>\n<a href=\"https:\/\/bomberos.puyo.gob.ec\/2019\/wp-content\/uploads\/2019\/12\/Suceso-A-eso-de-las-1600-de-este.fna&amp;oh=641924a1456d8fa38776489f93f79c2a&amp;oe=5E7C274D.jpeg\"><img decoding=\"async\" class=\"wp_automatic_fb_img\" title=\"\" src=\"https:\/\/bomberos.puyo.gob.ec\/2019\/wp-content\/uploads\/2019\/12\/Suceso-A-eso-de-las-1600-de-este.fna&amp;oh=641924a1456d8fa38776489f93f79c2a&amp;oe=5E7C274D.jpeg\"><\/a><\/p>\n<p><a href=\"https:\/\/www.facebook.com\/465093860312824\/posts\/1469466629875537\">en facebook&#8230; <\/a><\/p>\n","protected":false},"excerpt":{"rendered":"<p>|| Suceso || A eso de las 16:00 de este d\u00eda lunes, se suscit\u00f3 un accidente entre los motocicletas en la calle 20 de Julio, pasando la Iglesia Jes\u00fas Obrero. Uno de los implicados es agente de la Polic\u00eda. en facebook&#8230;<\/p>\n","protected":false},"author":1,"featured_media":446,"comment_status":"open","ping_status":"open","sticky":false,"template":"","format":"standard","meta":[],"categories":[1],"tags":[27,24,28,21,23,22,25,20,26],"_links":{"self":[{"href":"https:\/\/bomberos.puyo.gob.ec\/2019\/wp-json\/wp\/v2\/posts\/445"}],"collection":[{"href":"https:\/\/bomberos.puyo.gob.ec\/2019\/wp-json\/wp\/v2\/posts"}],"about":[{"href":"https:\/\/bomberos.puyo.gob.ec\/2019\/wp-json\/wp\/v2\/types\/post"}],"author":[{"embeddable":true,"href":"https:\/\/bomberos.puyo.gob.ec\/2019\/wp-json\/wp\/v2\/users\/1"}],"replies":[{"embeddable":true,"href":"https:\/\/bomberos.puyo.gob.ec\/2019\/wp-json\/wp\/v2\/comments?post=445"}],"version-history":[{"count":3,"href":"https:\/\/bomberos.puyo.gob.ec\/2019\/wp-json\/wp\/v2\/posts\/445\/revisions"}],"predecessor-version":[{"id":533,"href":"https:\/\/bomberos.puyo.gob.ec\/2019\/wp-json\/wp\/v2\/posts\/445\/revisions\/533"}],"wp:featuredmedia":[{"embeddable":true,"href":"https:\/\/bomberos.puyo.gob.ec\/2019\/wp-json\/wp\/v2\/media\/446"}],"wp:attachment":[{"href":"https:\/\/bomberos.puyo.gob.ec\/2019\/wp-json\/wp\/v2\/media?parent=445"}],"wp:term":[{"taxonomy":"category","embeddable":true,"href":"https:\/\/bomberos.puyo.gob.ec\/2019\/wp-json\/wp\/v2\/categories?post=445"},{"taxonomy":"post_tag","embeddable":true,"href":"https:\/\/bomberos.puyo.gob.ec\/2019\/wp-json\/wp\/v2\/tags?post=445"}],"curies":[{"name":"wp","href":"https:\/\/api.w.org\/{rel}","templated":true}]}}