{"id":3510,"date":"2023-01-01T21:09:12","date_gmt":"2023-01-02T02:09:12","guid":{"rendered":"https:\/\/bomberos.puyo.gob.ec\/emergencia-medica-por-llamado-del-ecu-911-la-unidad-se-dirigio-a-la-via-a-l\/"},"modified":"2023-01-27T01:51:46","modified_gmt":"2023-01-27T06:51:46","slug":"emergencia-medica-por-llamado-del-ecu-911-la-unidad-se-dirigio-a-la-via-a-l","status":"publish","type":"post","link":"https:\/\/bomberos.puyo.gob.ec\/2019\/emergencia-medica-por-llamado-del-ecu-911-la-unidad-se-dirigio-a-la-via-a-l\/","title":{"rendered":"|EMERGENCIA M\u00c9DICA|\n Por llamado del ECU-911 la unidad se dirigi\u00f3 a la v\u00eda a l&#8230;"},"content":{"rendered":"<div><span><\/p>\n<p>|EMERGENCIA M\u00c9DICA|<\/p>\n<p> Por llamado del ECU-911 la unidad se dirigi\u00f3 a la v\u00eda a la Tarqui a la altura de la hoster\u00eda Hachacaspi, llegando al lugar se atiende a una paciente de de 30 a\u00f1os de edad quien presenta TCE, producto de un \u201cAccidente de transito\u00bb, fue trasladada al Hospital General Puyo donde la recibe el m\u00e9dico de turno.<\/p>\n<p><\/span><\/div>\n<p><a href=\"https:\/\/facebook.com\/story.php?story_fbid=pfbid02EReauQb95BLGDzhtdV8ekQzq6mDZEQRcTJGzLXWM48FosxwMP4LoywT5Gikgb36cl&amp;id=465093860312824&amp;eav=AfYuBQaR7Np1xdCB0gylV9rLPZ7aJoDukx8h4Xp7t-VZ3lqm0xVI5EYkhv_13LJVh3I&amp;viewer=465093860312824&amp;m_entstream_source=timeline&amp;__tn__=%2As%2As-R&amp;paipv=1\" aria-label=\"Abrir historia\" class=\"_5msj\"><\/a><\/p>\n<p><a href=\"https:\/\/bomberos.puyo.gob.ec\/2019\/wp-content\/uploads\/EMERGENCIA-MEDICA-Por-llamado-del-ECU-911-la-unidad-se-dirigio.jpg\"><img decoding=\"async\" class=\"wp_automatic_fb_img\" title=\"\" src=\"https:\/\/bomberos.puyo.gob.ec\/2019\/wp-content\/uploads\/EMERGENCIA-MEDICA-Por-llamado-del-ECU-911-la-unidad-se-dirigio.jpg\" \/><\/a><br \/><a href=\"https:\/\/bomberos.puyo.gob.ec\/2019\/wp-content\/uploads\/1674802305_724_EMERGENCIA-MEDICA-Por-llamado-del-ECU-911-la-unidad-se-dirigio.jpg\"><img decoding=\"async\" class=\"wp_automatic_fb_img\" title=\"\" src=\"https:\/\/bomberos.puyo.gob.ec\/2019\/wp-content\/uploads\/1674802305_724_EMERGENCIA-MEDICA-Por-llamado-del-ECU-911-la-unidad-se-dirigio.jpg\" \/><\/a><br \/><a href=\"https:\/\/bomberos.puyo.gob.ec\/2019\/wp-content\/uploads\/1674802305_86_EMERGENCIA-MEDICA-Por-llamado-del-ECU-911-la-unidad-se-dirigio.jpg\"><img decoding=\"async\" class=\"wp_automatic_fb_img\" title=\"\" src=\"https:\/\/bomberos.puyo.gob.ec\/2019\/wp-content\/uploads\/1674802305_86_EMERGENCIA-MEDICA-Por-llamado-del-ECU-911-la-unidad-se-dirigio.jpg\" \/><\/a><br \/>\n<br \/><a href=\"https:\/\/www.facebook.com\/465093860312824\/posts\/2398443250311199\">en facebook&#8230; <\/a>  <\/p>\n","protected":false},"excerpt":{"rendered":"<div><span><\/p>\n<p>|EMERGENCIA M\u00c9DICA|<\/p>\n<p> Por llamado del ECU-911 la unidad se dirigi\u00f3 a la v\u00eda a la Tarqui a la altura de la hoster\u00eda Hachacaspi, llegando al lugar se atiende a una paciente de de 30 a\u00f1os de edad quien presenta TCE, producto de un \u201cAccidente de transito\u00bb, fue trasladada al Hospital General Puyo donde la recibe el m\u00e9dico de turno.<\/p>\n<p><\/span><\/div>\n<p><a href=\"https:\/\/facebook.com\/story.php?story_fbid=pfbid02EReauQb95BLGDzhtdV8ekQzq6mDZEQRcTJGzLXWM48FosxwMP4LoywT5Gikgb36cl&amp;id=465093860312824&amp;eav=AfYuBQaR7Np1xdCB0gylV9rLPZ7aJoDukx8h4Xp7t-VZ3lqm0xVI5EYkhv_13LJVh3I&amp;viewer=465093860312824&amp;m_entstream_source=timeline&amp;__tn__=%2As%2As-R&amp;paipv=1\" aria-label=\"Abrir historia\" class=\"_5msj\"><\/a><\/p>\n<p><a href=\"https:\/\/scontent.fuio15-1.fna.fbcdn.net\/v\/t39.30808-6\/323408113_579559980650513_3602141892090981026_n.jpg?stp=cp6_dst-jpg&#038;_nc_cat=105&#038;ccb=1-7&#038;_nc_sid=8bfeb9&#038;_nc_ohc=Q4RbbL-faGIAX93Kx-Z&#038;_nc_ht=scontent.fuio15-1.fna&#038;oh=00_AfDetNqZcMopGrsADjzuDRtU1UBJZpOaYaEfCuB0OqzjHw&#038;oe=63D7E07D\"><img decoding=\"async\" class=\"wp_automatic_fb_img\" title=\"\" src=\"https:\/\/scontent.fuio15-1.fna.fbcdn.net\/v\/t39.30808-6\/323408113_579559980650513_3602141892090981026_n.jpg?stp=cp6_dst-jpg&#038;_nc_cat=105&#038;ccb=1-7&#038;_nc_sid=8bfeb9&#038;_nc_ohc=Q4RbbL-faGIAX93Kx-Z&#038;_nc_ht=scontent.fuio15-1.fna&#038;oh=00_AfDetNqZcMopGrsADjzuDRtU1UBJZpOaYaEfCuB0OqzjHw&#038;oe=63D7E07D\" \/><\/a><br \/><a href=\"https:\/\/scontent.fuio15-1.fna.fbcdn.net\/v\/t39.30808-6\/323398582_1198845784359493_3711027866253454021_n.jpg?stp=cp6_dst-jpg&#038;_nc_cat=108&#038;ccb=1-7&#038;_nc_sid=8bfeb9&#038;_nc_ohc=sZQj4n3E0rcAX9KhnQ3&#038;_nc_ht=scontent.fuio15-1.fna&#038;oh=00_AfDqTpxUQ0o1Epp-vvWw2SZ1NRHsco5zsu7LHl9kxnWQdg&#038;oe=63D88D61\"><img decoding=\"async\" class=\"wp_automatic_fb_img\" title=\"\" src=\"https:\/\/scontent.fuio15-1.fna.fbcdn.net\/v\/t39.30808-6\/323398582_1198845784359493_3711027866253454021_n.jpg?stp=cp6_dst-jpg&#038;_nc_cat=108&#038;ccb=1-7&#038;_nc_sid=8bfeb9&#038;_nc_ohc=sZQj4n3E0rcAX9KhnQ3&#038;_nc_ht=scontent.fuio15-1.fna&#038;oh=00_AfDqTpxUQ0o1Epp-vvWw2SZ1NRHsco5zsu7LHl9kxnWQdg&#038;oe=63D88D61\" \/><\/a><br \/><a href=\"https:\/\/scontent.fuio15-1.fna.fbcdn.net\/v\/t39.30808-6\/323358238_538921504934092_1878896126537937924_n.jpg?stp=cp6_dst-jpg&#038;_nc_cat=102&#038;ccb=1-7&#038;_nc_sid=8bfeb9&#038;_nc_ohc=P3RPc_YIfKMAX8V6ekC&#038;_nc_ht=scontent.fuio15-1.fna&#038;oh=00_AfDOfZ87vVAqGVuFmFdJoAfD5efYq3UDKhHbk1FGnCt7Sg&#038;oe=63D81BDF\"><img decoding=\"async\" class=\"wp_automatic_fb_img\" title=\"\" src=\"https:\/\/scontent.fuio15-1.fna.fbcdn.net\/v\/t39.30808-6\/323358238_538921504934092_1878896126537937924_n.jpg?stp=cp6_dst-jpg&#038;_nc_cat=102&#038;ccb=1-7&#038;_nc_sid=8bfeb9&#038;_nc_ohc=P3RPc_YIfKMAX8V6ekC&#038;_nc_ht=scontent.fuio15-1.fna&#038;oh=00_AfDOfZ87vVAqGVuFmFdJoAfD5efYq3UDKhHbk1FGnCt7Sg&#038;oe=63D81BDF\" \/><\/a><\/p>\n","protected":false},"author":1,"featured_media":3511,"comment_status":"open","ping_status":"open","sticky":false,"template":"","format":"standard","meta":[],"categories":[1],"tags":[32,722,69,182,868,31,251,30,41,609],"_links":{"self":[{"href":"https:\/\/bomberos.puyo.gob.ec\/2019\/wp-json\/wp\/v2\/posts\/3510"}],"collection":[{"href":"https:\/\/bomberos.puyo.gob.ec\/2019\/wp-json\/wp\/v2\/posts"}],"about":[{"href":"https:\/\/bomberos.puyo.gob.ec\/2019\/wp-json\/wp\/v2\/types\/post"}],"author":[{"embeddable":true,"href":"https:\/\/bomberos.puyo.gob.ec\/2019\/wp-json\/wp\/v2\/users\/1"}],"replies":[{"embeddable":true,"href":"https:\/\/bomberos.puyo.gob.ec\/2019\/wp-json\/wp\/v2\/comments?post=3510"}],"version-history":[{"count":1,"href":"https:\/\/bomberos.puyo.gob.ec\/2019\/wp-json\/wp\/v2\/posts\/3510\/revisions"}],"predecessor-version":[{"id":3512,"href":"https:\/\/bomberos.puyo.gob.ec\/2019\/wp-json\/wp\/v2\/posts\/3510\/revisions\/3512"}],"wp:featuredmedia":[{"embeddable":true,"href":"https:\/\/bomberos.puyo.gob.ec\/2019\/wp-json\/wp\/v2\/media\/3511"}],"wp:attachment":[{"href":"https:\/\/bomberos.puyo.gob.ec\/2019\/wp-json\/wp\/v2\/media?parent=3510"}],"wp:term":[{"taxonomy":"category","embeddable":true,"href":"https:\/\/bomberos.puyo.gob.ec\/2019\/wp-json\/wp\/v2\/categories?post=3510"},{"taxonomy":"post_tag","embeddable":true,"href":"https:\/\/bomberos.puyo.gob.ec\/2019\/wp-json\/wp\/v2\/tags?post=3510"}],"curies":[{"name":"wp","href":"https:\/\/api.w.org\/{rel}","templated":true}]}}