{"id":3492,"date":"2023-01-18T09:03:16","date_gmt":"2023-01-18T14:03:16","guid":{"rendered":"https:\/\/bomberos.puyo.gob.ec\/el-dia-de-ayer-17-de-enero-del-2023-se-recibieron-los-equipos-de-respiracion\/"},"modified":"2023-01-26T17:40:20","modified_gmt":"2023-01-26T22:40:20","slug":"el-dia-de-ayer-17-de-enero-del-2023-se-recibieron-los-equipos-de-respiracion","status":"publish","type":"post","link":"https:\/\/bomberos.puyo.gob.ec\/2019\/el-dia-de-ayer-17-de-enero-del-2023-se-recibieron-los-equipos-de-respiracion\/","title":{"rendered":"El d\u00eda de ayer 17 de enero del 2023, se recibieron los equipos de respiracion &#8230;"},"content":{"rendered":"<p><div><span><\/p>\n<p>El d\u00eda de ayer 17 de enero del 2023, se recibieron los equipos de respiracion aut\u00f3noma, los mismos que son parte de los equipos de protecci\u00f3n personal del bombero y que son utilizados en el momento de  combatir un incendio.<\/p>\n<p><\/span><\/div>\n<p><a href=\"https:\/\/facebook.com\/story.php?story_fbid=pfbid02Li5jtUVyCXaV4PhbwH63V818ZMYZBwHPEbHmQa9tEbGKdiGKfyLPJPkiyLxMVRMPl&amp;id=465093860312824&amp;eav=AfYXIlkjSimIevsHxP8u6M01vD-qAE-nzvpi0QNqCgAtwM2OsoerNcpA99tnndLdA7o&amp;viewer=465093860312824&amp;m_entstream_source=timeline&amp;__tn__=%2As%2As-R&amp;paipv=1\" aria-label=\"Abrir historia\" class=\"_5msj\"><\/a><\/p>\n<p><a href=\"https:\/\/bomberos.puyo.gob.ec\/2019\/wp-content\/uploads\/El-dia-de-ayer-17-de-enero-del-2023-se.jpg\"><img decoding=\"async\" class=\"wp_automatic_fb_img\" title=\"\" src=\"https:\/\/bomberos.puyo.gob.ec\/2019\/wp-content\/uploads\/El-dia-de-ayer-17-de-enero-del-2023-se.jpg\" \/><\/a><br \/><a href=\"https:\/\/bomberos.puyo.gob.ec\/2019\/wp-content\/uploads\/1674772818_546_El-dia-de-ayer-17-de-enero-del-2023-se.jpg\"><img decoding=\"async\" class=\"wp_automatic_fb_img\" title=\"\" src=\"https:\/\/bomberos.puyo.gob.ec\/2019\/wp-content\/uploads\/1674772818_546_El-dia-de-ayer-17-de-enero-del-2023-se.jpg\" \/><\/a><br \/><a href=\"https:\/\/bomberos.puyo.gob.ec\/2019\/wp-content\/uploads\/1674772818_201_El-dia-de-ayer-17-de-enero-del-2023-se.jpg\"><img decoding=\"async\" class=\"wp_automatic_fb_img\" title=\"\" src=\"https:\/\/bomberos.puyo.gob.ec\/2019\/wp-content\/uploads\/1674772818_201_El-dia-de-ayer-17-de-enero-del-2023-se.jpg\" \/><\/a><br \/><a href=\"https:\/\/bomberos.puyo.gob.ec\/2019\/wp-content\/uploads\/1674772818_515_El-dia-de-ayer-17-de-enero-del-2023-se.jpg\"><img decoding=\"async\" class=\"wp_automatic_fb_img\" title=\"\" src=\"https:\/\/bomberos.puyo.gob.ec\/2019\/wp-content\/uploads\/1674772818_515_El-dia-de-ayer-17-de-enero-del-2023-se.jpg\" \/><\/a><br \/>\n<br \/><a href=\"https:\/\/www.facebook.com\/465093860312824\/posts\/2411586288996895\">en facebook&#8230; <\/a>  <\/p>\n","protected":false},"excerpt":{"rendered":"<p><div><span><\/p>\n<p>El d\u00eda de ayer 17 de enero del 2023, se recibieron los equipos de respiracion aut\u00f3noma, los mismos que son parte de los equipos de protecci\u00f3n personal del bombero y que son utilizados en el momento de  combatir un incendio.<\/p>\n<p><\/span><\/div>\n<p><a href=\"https:\/\/facebook.com\/story.php?story_fbid=pfbid02Li5jtUVyCXaV4PhbwH63V818ZMYZBwHPEbHmQa9tEbGKdiGKfyLPJPkiyLxMVRMPl&amp;id=465093860312824&amp;eav=AfYXIlkjSimIevsHxP8u6M01vD-qAE-nzvpi0QNqCgAtwM2OsoerNcpA99tnndLdA7o&amp;viewer=465093860312824&amp;m_entstream_source=timeline&amp;__tn__=%2As%2As-R&amp;paipv=1\" aria-label=\"Abrir historia\" class=\"_5msj\"><\/a><\/p>\n<p><a href=\"https:\/\/scontent.fuio15-1.fna.fbcdn.net\/v\/t39.30808-6\/326330647_2962292024080339_4991484531057090203_n.jpg?stp=cp6_dst-jpg&#038;_nc_cat=109&#038;ccb=1-7&#038;_nc_sid=8bfeb9&#038;_nc_ohc=Q6Td2IIRnJIAX-HhVfr&#038;_nc_ht=scontent.fuio15-1.fna&#038;oh=00_AfAdpnoc26zO7OSTvz8AIyTghiWaBfFrCozst7FRUgotBA&#038;oe=63D8ADE8\"><img decoding=\"async\" class=\"wp_automatic_fb_img\" title=\"\" src=\"https:\/\/scontent.fuio15-1.fna.fbcdn.net\/v\/t39.30808-6\/326330647_2962292024080339_4991484531057090203_n.jpg?stp=cp6_dst-jpg&#038;_nc_cat=109&#038;ccb=1-7&#038;_nc_sid=8bfeb9&#038;_nc_ohc=Q6Td2IIRnJIAX-HhVfr&#038;_nc_ht=scontent.fuio15-1.fna&#038;oh=00_AfAdpnoc26zO7OSTvz8AIyTghiWaBfFrCozst7FRUgotBA&#038;oe=63D8ADE8\" \/><\/a><br \/><a href=\"https:\/\/scontent.fuio15-1.fna.fbcdn.net\/v\/t39.30808-6\/326171220_1625793101203932_5863856148911308862_n.jpg?stp=cp6_dst-jpg&#038;_nc_cat=109&#038;ccb=1-7&#038;_nc_sid=8bfeb9&#038;_nc_ohc=-jCDgYyhl3UAX_iyBkq&#038;_nc_ht=scontent.fuio15-1.fna&#038;oh=00_AfDQEnp2jdGZJn9sAkUwI3-iYOE3QpsEKi1Whk7IgBiRVw&#038;oe=63D72BE2\"><img decoding=\"async\" class=\"wp_automatic_fb_img\" title=\"\" src=\"https:\/\/scontent.fuio15-1.fna.fbcdn.net\/v\/t39.30808-6\/326171220_1625793101203932_5863856148911308862_n.jpg?stp=cp6_dst-jpg&#038;_nc_cat=109&#038;ccb=1-7&#038;_nc_sid=8bfeb9&#038;_nc_ohc=-jCDgYyhl3UAX_iyBkq&#038;_nc_ht=scontent.fuio15-1.fna&#038;oh=00_AfDQEnp2jdGZJn9sAkUwI3-iYOE3QpsEKi1Whk7IgBiRVw&#038;oe=63D72BE2\" \/><\/a><br \/><a href=\"https:\/\/scontent.fuio15-1.fna.fbcdn.net\/v\/t39.30808-6\/326082282_844256926652782_311307203487816420_n.jpg?stp=cp6_dst-jpg&#038;_nc_cat=102&#038;ccb=1-7&#038;_nc_sid=8bfeb9&#038;_nc_ohc=ynIYNcQZljMAX_Szv9G&#038;_nc_ht=scontent.fuio15-1.fna&#038;oh=00_AfB-To7LzKIze5m8ReUeq6hNgFL78BivjbA3f6_O27NAkw&#038;oe=63D6FC02\"><img decoding=\"async\" class=\"wp_automatic_fb_img\" title=\"\" src=\"https:\/\/scontent.fuio15-1.fna.fbcdn.net\/v\/t39.30808-6\/326082282_844256926652782_311307203487816420_n.jpg?stp=cp6_dst-jpg&#038;_nc_cat=102&#038;ccb=1-7&#038;_nc_sid=8bfeb9&#038;_nc_ohc=ynIYNcQZljMAX_Szv9G&#038;_nc_ht=scontent.fuio15-1.fna&#038;oh=00_AfB-To7LzKIze5m8ReUeq6hNgFL78BivjbA3f6_O27NAkw&#038;oe=63D6FC02\" \/><\/a><br \/><a href=\"https:\/\/scontent.fuio15-1.fna.fbcdn.net\/v\/t39.30808-6\/326191485_591359209434595_8416128250616768739_n.jpg?stp=cp6_dst-jpg&#038;_nc_cat=106&#038;ccb=1-7&#038;_nc_sid=8bfeb9&#038;_nc_ohc=Jl-slSd7ozcAX_lzUY6&#038;_nc_ht=scontent.fuio15-1.fna&#038;oh=00_AfDGC7wq3zQESgDq2RAPWcxjxzIsa4GJ5OERDBS331O9RQ&#038;oe=63D7C1F4\"><img decoding=\"async\" class=\"wp_automatic_fb_img\" title=\"\" src=\"https:\/\/scontent.fuio15-1.fna.fbcdn.net\/v\/t39.30808-6\/326191485_591359209434595_8416128250616768739_n.jpg?stp=cp6_dst-jpg&#038;_nc_cat=106&#038;ccb=1-7&#038;_nc_sid=8bfeb9&#038;_nc_ohc=Jl-slSd7ozcAX_lzUY6&#038;_nc_ht=scontent.fuio15-1.fna&#038;oh=00_AfDGC7wq3zQESgDq2RAPWcxjxzIsa4GJ5OERDBS331O9RQ&#038;oe=63D7C1F4\" \/><\/a><\/p>\n","protected":false},"author":1,"featured_media":3493,"comment_status":"open","ping_status":"open","sticky":false,"template":"","format":"standard","meta":[],"categories":[1],"tags":[205,32,24,1113,262,125,261,1114],"_links":{"self":[{"href":"https:\/\/bomberos.puyo.gob.ec\/2019\/wp-json\/wp\/v2\/posts\/3492"}],"collection":[{"href":"https:\/\/bomberos.puyo.gob.ec\/2019\/wp-json\/wp\/v2\/posts"}],"about":[{"href":"https:\/\/bomberos.puyo.gob.ec\/2019\/wp-json\/wp\/v2\/types\/post"}],"author":[{"embeddable":true,"href":"https:\/\/bomberos.puyo.gob.ec\/2019\/wp-json\/wp\/v2\/users\/1"}],"replies":[{"embeddable":true,"href":"https:\/\/bomberos.puyo.gob.ec\/2019\/wp-json\/wp\/v2\/comments?post=3492"}],"version-history":[{"count":1,"href":"https:\/\/bomberos.puyo.gob.ec\/2019\/wp-json\/wp\/v2\/posts\/3492\/revisions"}],"predecessor-version":[{"id":3494,"href":"https:\/\/bomberos.puyo.gob.ec\/2019\/wp-json\/wp\/v2\/posts\/3492\/revisions\/3494"}],"wp:featuredmedia":[{"embeddable":true,"href":"https:\/\/bomberos.puyo.gob.ec\/2019\/wp-json\/wp\/v2\/media\/3493"}],"wp:attachment":[{"href":"https:\/\/bomberos.puyo.gob.ec\/2019\/wp-json\/wp\/v2\/media?parent=3492"}],"wp:term":[{"taxonomy":"category","embeddable":true,"href":"https:\/\/bomberos.puyo.gob.ec\/2019\/wp-json\/wp\/v2\/categories?post=3492"},{"taxonomy":"post_tag","embeddable":true,"href":"https:\/\/bomberos.puyo.gob.ec\/2019\/wp-json\/wp\/v2\/tags?post=3492"}],"curies":[{"name":"wp","href":"https:\/\/api.w.org\/{rel}","templated":true}]}}