{"id":3474,"date":"2022-01-14T10:15:36","date_gmt":"2022-01-14T15:15:36","guid":{"rendered":"https:\/\/bomberos.puyo.gob.ec\/emergencia-medica-por-llamado-del-ecu911-la-unidad-a5-se-dirigio-a-calles\/"},"modified":"2023-01-26T09:24:54","modified_gmt":"2023-01-26T14:24:54","slug":"emergencia-medica-por-llamado-del-ecu911-la-unidad-a5-se-dirigio-a-calles","status":"publish","type":"post","link":"https:\/\/bomberos.puyo.gob.ec\/2019\/emergencia-medica-por-llamado-del-ecu911-la-unidad-a5-se-dirigio-a-calles\/","title":{"rendered":"|EMERGENCIA M\u00c9DICA|\n Por llamado del #Ecu911, la unidad A5 se dirigi\u00f3 a calles&#8230;"},"content":{"rendered":"<div><span><\/p>\n<p>|EMERGENCIA M\u00c9DICA|<\/p>\n<p> Por llamado del <a class=\"_5ayv _qdx\" href=\"https:\/\/facebook.com\/hashtag\/ecu911?__tn__=%2As-R&amp;paipv=1&amp;eav=AfZ1skCBAQSkkNv0GIUmXiDDuMNBqoPzc19seK0ocKKorskZUiBfI1dyMk1qDf9BAHU\"><span class=\"_5aw4 _qdz\">#Ecu911<\/span><\/a>, la unidad A5 se dirigi\u00f3 a calles los Helechos y Buganvillas, en el lugar se atiende a una paciente de nombre: E. G. de 18 a\u00f1os de edad, quien presenta Apendicitis, es trasladada al Hospital General Puyo donde la recibe el m\u00e9dico de turno.<\/p>\n<p><\/span><\/div>\n<p><a href=\"https:\/\/facebook.com\/story.php?story_fbid=pfbid02hgTt8Z6fYUWC7UqaSMz1LyTLV7ZRY1d7LVW4Dh113dTSRobj4gjRuvnkKZqQdwqUl&amp;id=465093860312824&amp;eav=AfaO5eCDtB2z1TiVey0uoIVLwIJwDFN11o652UCZHxtT2TJKfBrScHlsJNpBa1o1HkQ&amp;viewer=465093860312824&amp;m_entstream_source=timeline&amp;__tn__=%2As%2As-R&amp;paipv=1\" aria-label=\"Abrir historia\" class=\"_5msj\"><\/a><\/p>\n<p><a href=\"https:\/\/bomberos.puyo.gob.ec\/2019\/wp-content\/uploads\/1674743093_616_EMERGENCIA-MEDICA-Por-llamado-del-Ecu911-la-unidad-A5-se.jpg\"><img decoding=\"async\" class=\"wp_automatic_fb_img\" title=\"\" src=\"https:\/\/bomberos.puyo.gob.ec\/2019\/wp-content\/uploads\/1674743093_616_EMERGENCIA-MEDICA-Por-llamado-del-Ecu911-la-unidad-A5-se.jpg\" \/><\/a><br \/>\n<br \/><a href=\"https:\/\/www.facebook.com\/465093860312824\/posts\/2112518472237013\">en facebook&#8230; <\/a>  <\/p>\n","protected":false},"excerpt":{"rendered":"<div><span><\/p>\n<p>|EMERGENCIA M\u00c9DICA|<\/p>\n<p> Por llamado del <a class=\"_5ayv _qdx\" href=\"https:\/\/facebook.com\/hashtag\/ecu911?__tn__=%2As-R&amp;paipv=1&amp;eav=AfZ1skCBAQSkkNv0GIUmXiDDuMNBqoPzc19seK0ocKKorskZUiBfI1dyMk1qDf9BAHU\"><span class=\"_5aw4 _qdz\">#Ecu911<\/span><\/a>, la unidad A5 se dirigi\u00f3 a calles los Helechos y Buganvillas, en el lugar se atiende a una paciente de nombre: E. G. de 18 a\u00f1os de edad, quien presenta Apendicitis, es trasladada al Hospital General Puyo donde la recibe el m\u00e9dico de turno.<\/p>\n<p><\/span><\/div>\n<p><a href=\"https:\/\/facebook.com\/story.php?story_fbid=pfbid02hgTt8Z6fYUWC7UqaSMz1LyTLV7ZRY1d7LVW4Dh113dTSRobj4gjRuvnkKZqQdwqUl&amp;id=465093860312824&amp;eav=AfaO5eCDtB2z1TiVey0uoIVLwIJwDFN11o652UCZHxtT2TJKfBrScHlsJNpBa1o1HkQ&amp;viewer=465093860312824&amp;m_entstream_source=timeline&amp;__tn__=%2As%2As-R&amp;paipv=1\" aria-label=\"Abrir historia\" class=\"_5msj\"><\/a><\/p>\n<p><a href=\"https:\/\/scontent.fuio15-1.fna.fbcdn.net\/v\/t39.30808-6\/271282705_2112517175570476_4626756035497151511_n.jpg?stp=dst-jpg_s640x640&#038;_nc_cat=101&#038;ccb=1-7&#038;_nc_sid=8bfeb9&#038;_nc_ohc=x-BuTEUyHRMAX-3Cdlc&#038;_nc_ht=scontent.fuio15-1.fna&#038;oh=00_AfASuJG5a5XTgDzTHX_BfyOgmVuLR7omFpyxm_NMC4tQ2A&#038;oe=63D6BDD6\"><img decoding=\"async\" class=\"wp_automatic_fb_img\" title=\"\" src=\"https:\/\/scontent.fuio15-1.fna.fbcdn.net\/v\/t39.30808-6\/271282705_2112517175570476_4626756035497151511_n.jpg?stp=dst-jpg_s640x640&#038;_nc_cat=101&#038;ccb=1-7&#038;_nc_sid=8bfeb9&#038;_nc_ohc=x-BuTEUyHRMAX-3Cdlc&#038;_nc_ht=scontent.fuio15-1.fna&#038;oh=00_AfASuJG5a5XTgDzTHX_BfyOgmVuLR7omFpyxm_NMC4tQ2A&#038;oe=63D6BDD6\" \/><\/a><\/p>\n","protected":false},"author":1,"featured_media":3475,"comment_status":"open","ping_status":"open","sticky":false,"template":"","format":"standard","meta":[],"categories":[1],"tags":[401,32,722,69,182,31,251,30,41],"_links":{"self":[{"href":"https:\/\/bomberos.puyo.gob.ec\/2019\/wp-json\/wp\/v2\/posts\/3474"}],"collection":[{"href":"https:\/\/bomberos.puyo.gob.ec\/2019\/wp-json\/wp\/v2\/posts"}],"about":[{"href":"https:\/\/bomberos.puyo.gob.ec\/2019\/wp-json\/wp\/v2\/types\/post"}],"author":[{"embeddable":true,"href":"https:\/\/bomberos.puyo.gob.ec\/2019\/wp-json\/wp\/v2\/users\/1"}],"replies":[{"embeddable":true,"href":"https:\/\/bomberos.puyo.gob.ec\/2019\/wp-json\/wp\/v2\/comments?post=3474"}],"version-history":[{"count":1,"href":"https:\/\/bomberos.puyo.gob.ec\/2019\/wp-json\/wp\/v2\/posts\/3474\/revisions"}],"predecessor-version":[{"id":3476,"href":"https:\/\/bomberos.puyo.gob.ec\/2019\/wp-json\/wp\/v2\/posts\/3474\/revisions\/3476"}],"wp:featuredmedia":[{"embeddable":true,"href":"https:\/\/bomberos.puyo.gob.ec\/2019\/wp-json\/wp\/v2\/media\/3475"}],"wp:attachment":[{"href":"https:\/\/bomberos.puyo.gob.ec\/2019\/wp-json\/wp\/v2\/media?parent=3474"}],"wp:term":[{"taxonomy":"category","embeddable":true,"href":"https:\/\/bomberos.puyo.gob.ec\/2019\/wp-json\/wp\/v2\/categories?post=3474"},{"taxonomy":"post_tag","embeddable":true,"href":"https:\/\/bomberos.puyo.gob.ec\/2019\/wp-json\/wp\/v2\/tags?post=3474"}],"curies":[{"name":"wp","href":"https:\/\/api.w.org\/{rel}","templated":true}]}}