{"id":3432,"date":"2022-01-21T07:00:31","date_gmt":"2022-01-21T12:00:31","guid":{"rendered":"https:\/\/bomberos.puyo.gob.ec\/accidente-de-transito-22\/"},"modified":"2023-01-25T14:54:01","modified_gmt":"2023-01-25T19:54:01","slug":"accidente-de-transito-22","status":"publish","type":"post","link":"https:\/\/bomberos.puyo.gob.ec\/2019\/accidente-de-transito-22\/","title":{"rendered":"|ACCIDENTE DE TR\u00c1NSITO|&#8230;"},"content":{"rendered":"<p>|ACCIDENTE DE TR\u00c1NSITO| \ud83c\udfcd <\/p>\n<p>La unidad de rescate B3 y las unidades de atenci\u00f3n prehospitalaria APH A3 y A5, atienden un accidente de tr\u00e1nsito de una motocicleta que transportaba dos pasajeros, uno de sexo masculino y otra de sexo femenino, se logra estabilizar, evacuar y trasladar a los centros asistenciales m\u00e1s cercanos.<br \/>\nSe recomienda a la ciudadan\u00eda tener m\u00e1s cuidado al momento de conducir cualquier tipo de veh\u00edculo.<br \/>\n\u201cRecuerda que te esperan en casa\u00bb<\/p>\n<p><a href=\"https:\/\/bomberos.puyo.gob.ec\/2019\/wp-content\/uploads\/1674676440_642_ACCIDENTE-DE-TRANSITO.jpg\"><img decoding=\"async\" class=\"wp_automatic_fb_img\" title=\"\" src=\"https:\/\/bomberos.puyo.gob.ec\/2019\/wp-content\/uploads\/1674676440_642_ACCIDENTE-DE-TRANSITO.jpg\" \/><\/a><br \/>\n<br \/><a href=\"https:\/\/www.facebook.com\/465093860312824\/posts\/2117601125062081\">en facebook&#8230; <\/a>  <\/p>\n","protected":false},"excerpt":{"rendered":"<p>|ACCIDENTE DE TR\u00c1NSITO| \ud83c\udfcd <\/p>\n<p>La unidad de rescate B3 y las unidades de atenci\u00f3n prehospitalaria APH A3 y A5, atienden un accidente de tr\u00e1nsito de una motocicleta que transportaba dos pasajeros, uno de sexo masculino y otra de sexo femenino, se logra estabilizar, evacuar y trasladar a los centros asistenciales m\u00e1s cercanos.<br \/>\nSe recomienda a la ciudadan\u00eda tener m\u00e1s cuidado al momento de conducir cualquier tipo de veh\u00edculo.<br \/>\n\u201cRecuerda que te esperan en casa\u00bb<\/p>\n<p><a href=\"https:\/\/scontent.fuio15-1.fna.fbcdn.net\/v\/t39.30808-6\/272127813_2117394281749432_322197107583890361_n.jpg?stp=dst-jpg_s720x720&#038;_nc_cat=102&#038;ccb=1-7&#038;_nc_sid=8bfeb9&#038;_nc_ohc=xgItMskoWCkAX8teVTJ&#038;_nc_ht=scontent.fuio15-1.fna&#038;oh=00_AfBq8U8l7RR5JQAYkrsAgobsokG5ov5EVPd7FH9wMoBK3w&#038;oe=63D6752E\"><img decoding=\"async\" class=\"wp_automatic_fb_img\" title=\"\" src=\"https:\/\/scontent.fuio15-1.fna.fbcdn.net\/v\/t39.30808-6\/272127813_2117394281749432_322197107583890361_n.jpg?stp=dst-jpg_s720x720&#038;_nc_cat=102&#038;ccb=1-7&#038;_nc_sid=8bfeb9&#038;_nc_ohc=xgItMskoWCkAX8teVTJ&#038;_nc_ht=scontent.fuio15-1.fna&#038;oh=00_AfBq8U8l7RR5JQAYkrsAgobsokG5ov5EVPd7FH9wMoBK3w&#038;oe=63D6752E\" \/><\/a><\/p>\n","protected":false},"author":1,"featured_media":3433,"comment_status":"open","ping_status":"open","sticky":false,"template":"","format":"standard","meta":[],"categories":[1],"tags":[27,734],"_links":{"self":[{"href":"https:\/\/bomberos.puyo.gob.ec\/2019\/wp-json\/wp\/v2\/posts\/3432"}],"collection":[{"href":"https:\/\/bomberos.puyo.gob.ec\/2019\/wp-json\/wp\/v2\/posts"}],"about":[{"href":"https:\/\/bomberos.puyo.gob.ec\/2019\/wp-json\/wp\/v2\/types\/post"}],"author":[{"embeddable":true,"href":"https:\/\/bomberos.puyo.gob.ec\/2019\/wp-json\/wp\/v2\/users\/1"}],"replies":[{"embeddable":true,"href":"https:\/\/bomberos.puyo.gob.ec\/2019\/wp-json\/wp\/v2\/comments?post=3432"}],"version-history":[{"count":1,"href":"https:\/\/bomberos.puyo.gob.ec\/2019\/wp-json\/wp\/v2\/posts\/3432\/revisions"}],"predecessor-version":[{"id":3434,"href":"https:\/\/bomberos.puyo.gob.ec\/2019\/wp-json\/wp\/v2\/posts\/3432\/revisions\/3434"}],"wp:featuredmedia":[{"embeddable":true,"href":"https:\/\/bomberos.puyo.gob.ec\/2019\/wp-json\/wp\/v2\/media\/3433"}],"wp:attachment":[{"href":"https:\/\/bomberos.puyo.gob.ec\/2019\/wp-json\/wp\/v2\/media?parent=3432"}],"wp:term":[{"taxonomy":"category","embeddable":true,"href":"https:\/\/bomberos.puyo.gob.ec\/2019\/wp-json\/wp\/v2\/categories?post=3432"},{"taxonomy":"post_tag","embeddable":true,"href":"https:\/\/bomberos.puyo.gob.ec\/2019\/wp-json\/wp\/v2\/tags?post=3432"}],"curies":[{"name":"wp","href":"https:\/\/api.w.org\/{rel}","templated":true}]}}