{"id":3429,"date":"2022-01-22T23:31:22","date_gmt":"2022-01-23T04:31:22","guid":{"rendered":"https:\/\/bomberos.puyo.gob.ec\/accidente-de-transito-21\/"},"modified":"2023-01-25T12:40:06","modified_gmt":"2023-01-25T17:40:06","slug":"accidente-de-transito-21","status":"publish","type":"post","link":"https:\/\/bomberos.puyo.gob.ec\/2019\/accidente-de-transito-21\/","title":{"rendered":"|ACCIDENTE DE TR\u00c1NSITO|&#8230;"},"content":{"rendered":"<p>|ACCIDENTE DE TR\u00c1NSITO|<\/p>\n<p>Nuestra unidad de Atenci\u00f3n Pre-hospitalaria asiste en un incidente desarrollado en el km 15 v\u00eda Macas, en el lugar se visualiza un accidente de tr\u00e1nsito entre un veh\u00edculo pesado y un veh\u00edculo liviano.<br \/>\nProducto  de ello deja a una persona de sexo masculino de 41 a\u00f1os de edad quien presenta una luxaci\u00f3n a nivel de cadera izquierda, posterior a la atenci\u00f3n fue trasladado al Hospital General Puyo.<\/p>\n<p><a href=\"https:\/\/bomberos.puyo.gob.ec\/2019\/wp-content\/uploads\/1674668405_317_ACCIDENTE-DE-TRANSITO.jpg\"><img decoding=\"async\" class=\"wp_automatic_fb_img\" title=\"\" src=\"https:\/\/bomberos.puyo.gob.ec\/2019\/wp-content\/uploads\/1674668405_317_ACCIDENTE-DE-TRANSITO.jpg\" \/><\/a><br \/><a href=\"https:\/\/bomberos.puyo.gob.ec\/2019\/wp-content\/uploads\/1674668405_514_ACCIDENTE-DE-TRANSITO.jpg\"><img decoding=\"async\" class=\"wp_automatic_fb_img\" title=\"\" src=\"https:\/\/bomberos.puyo.gob.ec\/2019\/wp-content\/uploads\/1674668405_514_ACCIDENTE-DE-TRANSITO.jpg\" \/><\/a><br \/>\n<br \/><a href=\"https:\/\/www.facebook.com\/465093860312824\/posts\/2118877524934441\">en facebook&#8230; <\/a>  <\/p>\n","protected":false},"excerpt":{"rendered":"<p>|ACCIDENTE DE TR\u00c1NSITO|<\/p>\n<p>Nuestra unidad de Atenci\u00f3n Pre-hospitalaria asiste en un incidente desarrollado en el km 15 v\u00eda Macas, en el lugar se visualiza un accidente de tr\u00e1nsito entre un veh\u00edculo pesado y un veh\u00edculo liviano.<br \/>\nProducto  de ello deja a una persona de sexo masculino de 41 a\u00f1os de edad quien presenta una luxaci\u00f3n a nivel de cadera izquierda, posterior a la atenci\u00f3n fue trasladado al Hospital General Puyo.<\/p>\n<p><a href=\"https:\/\/scontent.fuio15-1.fna.fbcdn.net\/v\/t39.30808-6\/272296095_2118876714934522_3306635901624281847_n.jpg?_nc_cat=102&#038;ccb=1-7&#038;_nc_sid=8bfeb9&#038;_nc_ohc=SlY-EwE4u7wAX_cc83M&#038;_nc_ht=scontent.fuio15-1.fna&#038;oh=00_AfDBjONssRIjG8wl1sKI0HyV9r7ZEdKebhRBkizuJzv22Q&#038;oe=63D723B2\"><img decoding=\"async\" class=\"wp_automatic_fb_img\" title=\"\" src=\"https:\/\/scontent.fuio15-1.fna.fbcdn.net\/v\/t39.30808-6\/272296095_2118876714934522_3306635901624281847_n.jpg?_nc_cat=102&#038;ccb=1-7&#038;_nc_sid=8bfeb9&#038;_nc_ohc=SlY-EwE4u7wAX_cc83M&#038;_nc_ht=scontent.fuio15-1.fna&#038;oh=00_AfDBjONssRIjG8wl1sKI0HyV9r7ZEdKebhRBkizuJzv22Q&#038;oe=63D723B2\" \/><\/a><br \/><a href=\"https:\/\/scontent.fuio15-1.fna.fbcdn.net\/v\/t39.30808-6\/272276492_2118876711601189_9150055285741115721_n.jpg?_nc_cat=109&#038;ccb=1-7&#038;_nc_sid=8bfeb9&#038;_nc_ohc=aF4j9NhcS3UAX-QKT7u&#038;_nc_ht=scontent.fuio15-1.fna&#038;oh=00_AfDJ9yS16pIOFHw0ZoSZXai__KOeBIvgVlxM4w_5iJL3Dg&#038;oe=63D575BD\"><img decoding=\"async\" class=\"wp_automatic_fb_img\" title=\"\" src=\"https:\/\/scontent.fuio15-1.fna.fbcdn.net\/v\/t39.30808-6\/272276492_2118876711601189_9150055285741115721_n.jpg?_nc_cat=109&#038;ccb=1-7&#038;_nc_sid=8bfeb9&#038;_nc_ohc=aF4j9NhcS3UAX-QKT7u&#038;_nc_ht=scontent.fuio15-1.fna&#038;oh=00_AfDJ9yS16pIOFHw0ZoSZXai__KOeBIvgVlxM4w_5iJL3Dg&#038;oe=63D575BD\" \/><\/a><\/p>\n","protected":false},"author":1,"featured_media":3430,"comment_status":"open","ping_status":"open","sticky":false,"template":"","format":"standard","meta":[],"categories":[1],"tags":[27,734],"_links":{"self":[{"href":"https:\/\/bomberos.puyo.gob.ec\/2019\/wp-json\/wp\/v2\/posts\/3429"}],"collection":[{"href":"https:\/\/bomberos.puyo.gob.ec\/2019\/wp-json\/wp\/v2\/posts"}],"about":[{"href":"https:\/\/bomberos.puyo.gob.ec\/2019\/wp-json\/wp\/v2\/types\/post"}],"author":[{"embeddable":true,"href":"https:\/\/bomberos.puyo.gob.ec\/2019\/wp-json\/wp\/v2\/users\/1"}],"replies":[{"embeddable":true,"href":"https:\/\/bomberos.puyo.gob.ec\/2019\/wp-json\/wp\/v2\/comments?post=3429"}],"version-history":[{"count":1,"href":"https:\/\/bomberos.puyo.gob.ec\/2019\/wp-json\/wp\/v2\/posts\/3429\/revisions"}],"predecessor-version":[{"id":3431,"href":"https:\/\/bomberos.puyo.gob.ec\/2019\/wp-json\/wp\/v2\/posts\/3429\/revisions\/3431"}],"wp:featuredmedia":[{"embeddable":true,"href":"https:\/\/bomberos.puyo.gob.ec\/2019\/wp-json\/wp\/v2\/media\/3430"}],"wp:attachment":[{"href":"https:\/\/bomberos.puyo.gob.ec\/2019\/wp-json\/wp\/v2\/media?parent=3429"}],"wp:term":[{"taxonomy":"category","embeddable":true,"href":"https:\/\/bomberos.puyo.gob.ec\/2019\/wp-json\/wp\/v2\/categories?post=3429"},{"taxonomy":"post_tag","embeddable":true,"href":"https:\/\/bomberos.puyo.gob.ec\/2019\/wp-json\/wp\/v2\/tags?post=3429"}],"curies":[{"name":"wp","href":"https:\/\/api.w.org\/{rel}","templated":true}]}}