{"id":3418,"date":"2022-01-25T18:05:41","date_gmt":"2022-01-25T23:05:41","guid":{"rendered":"https:\/\/bomberos.puyo.gob.ec\/emergencia-medica-83\/"},"modified":"2023-01-25T07:10:29","modified_gmt":"2023-01-25T12:10:29","slug":"emergencia-medica-83","status":"publish","type":"post","link":"https:\/\/bomberos.puyo.gob.ec\/2019\/emergencia-medica-83\/","title":{"rendered":"|EMERGENCIA M\u00c9DICA|&#8230;"},"content":{"rendered":"<p>|EMERGENCIA M\u00c9DICA|<\/p>\n<p>Por llamado del #ECU-911, la unidad A3 se dirigi\u00f3 v\u00eda a la Tarqui por la entrada al barrio de los Bane\u00f1os, en el lugar se atiende al Sr. L. N. de 20 a\u00f1os de edad, quien presenta una TCE Leve m\u00e1s Fractura abierta de la tibia y peron\u00e9.<br \/>\nSe realiza su estabilizaci\u00f3n, inmovilizaci\u00f3n y tratamiento correspondiente para posteriormente trasladarlo al Hospital General Puyo donde lo recibe el m\u00e9dico de turno.<\/p>\n<p><a href=\"https:\/\/bomberos.puyo.gob.ec\/2019\/wp-content\/uploads\/1674648628_18_EMERGENCIA-MEDICA.jpg\"><img decoding=\"async\" class=\"wp_automatic_fb_img\" title=\"\" src=\"https:\/\/bomberos.puyo.gob.ec\/2019\/wp-content\/uploads\/1674648628_18_EMERGENCIA-MEDICA.jpg\" \/><\/a><br \/>\n<br \/><a href=\"https:\/\/www.facebook.com\/465093860312824\/posts\/2120857818069745\">en facebook&#8230; <\/a>  <\/p>\n","protected":false},"excerpt":{"rendered":"<p>|EMERGENCIA M\u00c9DICA|<\/p>\n<p>Por llamado del #ECU-911, la unidad A3 se dirigi\u00f3 v\u00eda a la Tarqui por la entrada al barrio de los Bane\u00f1os, en el lugar se atiende al Sr. L. N. de 20 a\u00f1os de edad, quien presenta una TCE Leve m\u00e1s Fractura abierta de la tibia y peron\u00e9.<br \/>\nSe realiza su estabilizaci\u00f3n, inmovilizaci\u00f3n y tratamiento correspondiente para posteriormente trasladarlo al Hospital General Puyo donde lo recibe el m\u00e9dico de turno.<\/p>\n<p><a href=\"https:\/\/scontent.fuio15-1.fna.fbcdn.net\/v\/t39.30808-6\/272280407_2120856408069886_5316103105809208782_n.jpg?stp=dst-jpg_s640x640&#038;_nc_cat=105&#038;ccb=1-7&#038;_nc_sid=8bfeb9&#038;_nc_ohc=mVbaSEppAtUAX_LPX3F&#038;_nc_ht=scontent.fuio15-1.fna&#038;oh=00_AfCsH0jVx79jbH6SxjmH7MU3JxBWp1rwZ-aLx-2lEK5ZgQ&#038;oe=63D5D63D\"><img decoding=\"async\" class=\"wp_automatic_fb_img\" title=\"\" src=\"https:\/\/scontent.fuio15-1.fna.fbcdn.net\/v\/t39.30808-6\/272280407_2120856408069886_5316103105809208782_n.jpg?stp=dst-jpg_s640x640&#038;_nc_cat=105&#038;ccb=1-7&#038;_nc_sid=8bfeb9&#038;_nc_ohc=mVbaSEppAtUAX_LPX3F&#038;_nc_ht=scontent.fuio15-1.fna&#038;oh=00_AfCsH0jVx79jbH6SxjmH7MU3JxBWp1rwZ-aLx-2lEK5ZgQ&#038;oe=63D5D63D\" \/><\/a><\/p>\n","protected":false},"author":1,"featured_media":3419,"comment_status":"open","ping_status":"open","sticky":false,"template":"","format":"standard","meta":[],"categories":[1],"tags":[182,251],"_links":{"self":[{"href":"https:\/\/bomberos.puyo.gob.ec\/2019\/wp-json\/wp\/v2\/posts\/3418"}],"collection":[{"href":"https:\/\/bomberos.puyo.gob.ec\/2019\/wp-json\/wp\/v2\/posts"}],"about":[{"href":"https:\/\/bomberos.puyo.gob.ec\/2019\/wp-json\/wp\/v2\/types\/post"}],"author":[{"embeddable":true,"href":"https:\/\/bomberos.puyo.gob.ec\/2019\/wp-json\/wp\/v2\/users\/1"}],"replies":[{"embeddable":true,"href":"https:\/\/bomberos.puyo.gob.ec\/2019\/wp-json\/wp\/v2\/comments?post=3418"}],"version-history":[{"count":1,"href":"https:\/\/bomberos.puyo.gob.ec\/2019\/wp-json\/wp\/v2\/posts\/3418\/revisions"}],"predecessor-version":[{"id":3420,"href":"https:\/\/bomberos.puyo.gob.ec\/2019\/wp-json\/wp\/v2\/posts\/3418\/revisions\/3420"}],"wp:featuredmedia":[{"embeddable":true,"href":"https:\/\/bomberos.puyo.gob.ec\/2019\/wp-json\/wp\/v2\/media\/3419"}],"wp:attachment":[{"href":"https:\/\/bomberos.puyo.gob.ec\/2019\/wp-json\/wp\/v2\/media?parent=3418"}],"wp:term":[{"taxonomy":"category","embeddable":true,"href":"https:\/\/bomberos.puyo.gob.ec\/2019\/wp-json\/wp\/v2\/categories?post=3418"},{"taxonomy":"post_tag","embeddable":true,"href":"https:\/\/bomberos.puyo.gob.ec\/2019\/wp-json\/wp\/v2\/tags?post=3418"}],"curies":[{"name":"wp","href":"https:\/\/api.w.org\/{rel}","templated":true}]}}