{"id":3415,"date":"2022-01-25T23:25:07","date_gmt":"2022-01-26T04:25:07","guid":{"rendered":"https:\/\/bomberos.puyo.gob.ec\/emergencia-medica-por-llamado-del-ecu-911-la-unidad-a3-se-dirigio-al-barr\/"},"modified":"2023-01-25T06:07:45","modified_gmt":"2023-01-25T11:07:45","slug":"emergencia-medica-por-llamado-del-ecu-911-la-unidad-a3-se-dirigio-al-barr","status":"publish","type":"post","link":"https:\/\/bomberos.puyo.gob.ec\/2019\/emergencia-medica-por-llamado-del-ecu-911-la-unidad-a3-se-dirigio-al-barr\/","title":{"rendered":"|EMERGENCIA M\u00c9DICA|\n Por llamado del #ECU-911, la unidad A3 se dirigi\u00f3 al barr&#8230;"},"content":{"rendered":"<div><span><\/p>\n<p>|EMERGENCIA M\u00c9DICA|<\/p>\n<p> Por llamado del <a class=\"_5ayv _qdx\" href=\"https:\/\/facebook.com\/hashtag\/ecu?__tn__=%2As-R&amp;paipv=1&amp;eav=AfYcPGKDiZYExWvL_p-1vfgUVOSwf02ddnm0a3-nEpb_WitNUU-9JOE2n5a6yEm1bFI\"><span class=\"_5aw4 _qdz\">#ECU<\/span><\/a>-911, la unidad A3 se dirigi\u00f3 al barrio Las Am\u00e9ricas, en el lugar se atiende al Sr. F. G. de 85 a\u00f1os de edad, quien presenta cirrosis Hep\u00e1tica siendo atendido en el lugar y posteriormente quedando a cargo de un familiar en el sitio.<\/p>\n<p><\/span><\/div>\n<p><a href=\"https:\/\/facebook.com\/story.php?story_fbid=pfbid02rexb9EXSK3nRfMKE5CYqmzEu7K4YcTVinLj91pLkMzXqxJLJCs7v9LD5iVBKNRj9l&amp;id=465093860312824&amp;eav=AfZGRY6cy0Y0l6VAT266HlTl2qeWsQM8Rmdi4HSM5I3-iiOeV-CDumgcsZcbJwwJ4UI&amp;viewer=465093860312824&amp;m_entstream_source=timeline&amp;__tn__=%2As%2As-R&amp;paipv=1\" aria-label=\"Abrir historia\" class=\"_5msj\"><\/a><\/p>\n<p><a href=\"https:\/\/bomberos.puyo.gob.ec\/2019\/wp-content\/uploads\/1674644864_701_EMERGENCIA-MEDICA-Por-llamado-del-ECU-911-la-unidad-A3-se.jpg\"><img decoding=\"async\" class=\"wp_automatic_fb_img\" title=\"\" src=\"https:\/\/bomberos.puyo.gob.ec\/2019\/wp-content\/uploads\/1674644864_701_EMERGENCIA-MEDICA-Por-llamado-del-ECU-911-la-unidad-A3-se.jpg\" \/><\/a><br \/>\n<br \/><a href=\"https:\/\/www.facebook.com\/465093860312824\/posts\/2121017504720443\">en facebook&#8230; <\/a>  <\/p>\n","protected":false},"excerpt":{"rendered":"<div><span><\/p>\n<p>|EMERGENCIA M\u00c9DICA|<\/p>\n<p> Por llamado del <a class=\"_5ayv _qdx\" href=\"https:\/\/facebook.com\/hashtag\/ecu?__tn__=%2As-R&amp;paipv=1&amp;eav=AfYcPGKDiZYExWvL_p-1vfgUVOSwf02ddnm0a3-nEpb_WitNUU-9JOE2n5a6yEm1bFI\"><span class=\"_5aw4 _qdz\">#ECU<\/span><\/a>-911, la unidad A3 se dirigi\u00f3 al barrio Las Am\u00e9ricas, en el lugar se atiende al Sr. F. G. de 85 a\u00f1os de edad, quien presenta cirrosis Hep\u00e1tica siendo atendido en el lugar y posteriormente quedando a cargo de un familiar en el sitio.<\/p>\n<p><\/span><\/div>\n<p><a href=\"https:\/\/facebook.com\/story.php?story_fbid=pfbid02rexb9EXSK3nRfMKE5CYqmzEu7K4YcTVinLj91pLkMzXqxJLJCs7v9LD5iVBKNRj9l&amp;id=465093860312824&amp;eav=AfZGRY6cy0Y0l6VAT266HlTl2qeWsQM8Rmdi4HSM5I3-iiOeV-CDumgcsZcbJwwJ4UI&amp;viewer=465093860312824&amp;m_entstream_source=timeline&amp;__tn__=%2As%2As-R&amp;paipv=1\" aria-label=\"Abrir historia\" class=\"_5msj\"><\/a><\/p>\n<p><a href=\"https:\/\/scontent.fuio15-1.fna.fbcdn.net\/v\/t39.30808-6\/272684285_2121016498053877_5807492091860599482_n.jpg?stp=dst-jpg_s640x640&#038;_nc_cat=108&#038;ccb=1-7&#038;_nc_sid=8bfeb9&#038;_nc_ohc=eLfQ-S_cIukAX-ImJCX&#038;_nc_ht=scontent.fuio15-1.fna&#038;oh=00_AfCYR-r8quuzg-PzXrY-z8-4xd__N_evFr_P-_4Hz0y6oA&#038;oe=63D57DEF\"><img decoding=\"async\" class=\"wp_automatic_fb_img\" title=\"\" src=\"https:\/\/scontent.fuio15-1.fna.fbcdn.net\/v\/t39.30808-6\/272684285_2121016498053877_5807492091860599482_n.jpg?stp=dst-jpg_s640x640&#038;_nc_cat=108&#038;ccb=1-7&#038;_nc_sid=8bfeb9&#038;_nc_ohc=eLfQ-S_cIukAX-ImJCX&#038;_nc_ht=scontent.fuio15-1.fna&#038;oh=00_AfCYR-r8quuzg-PzXrY-z8-4xd__N_evFr_P-_4Hz0y6oA&#038;oe=63D57DEF\" \/><\/a><\/p>\n","protected":false},"author":1,"featured_media":3416,"comment_status":"open","ping_status":"open","sticky":false,"template":"","format":"standard","meta":[],"categories":[1],"tags":[964,32,722,33,69,182,31,251,30,41],"_links":{"self":[{"href":"https:\/\/bomberos.puyo.gob.ec\/2019\/wp-json\/wp\/v2\/posts\/3415"}],"collection":[{"href":"https:\/\/bomberos.puyo.gob.ec\/2019\/wp-json\/wp\/v2\/posts"}],"about":[{"href":"https:\/\/bomberos.puyo.gob.ec\/2019\/wp-json\/wp\/v2\/types\/post"}],"author":[{"embeddable":true,"href":"https:\/\/bomberos.puyo.gob.ec\/2019\/wp-json\/wp\/v2\/users\/1"}],"replies":[{"embeddable":true,"href":"https:\/\/bomberos.puyo.gob.ec\/2019\/wp-json\/wp\/v2\/comments?post=3415"}],"version-history":[{"count":1,"href":"https:\/\/bomberos.puyo.gob.ec\/2019\/wp-json\/wp\/v2\/posts\/3415\/revisions"}],"predecessor-version":[{"id":3417,"href":"https:\/\/bomberos.puyo.gob.ec\/2019\/wp-json\/wp\/v2\/posts\/3415\/revisions\/3417"}],"wp:featuredmedia":[{"embeddable":true,"href":"https:\/\/bomberos.puyo.gob.ec\/2019\/wp-json\/wp\/v2\/media\/3416"}],"wp:attachment":[{"href":"https:\/\/bomberos.puyo.gob.ec\/2019\/wp-json\/wp\/v2\/media?parent=3415"}],"wp:term":[{"taxonomy":"category","embeddable":true,"href":"https:\/\/bomberos.puyo.gob.ec\/2019\/wp-json\/wp\/v2\/categories?post=3415"},{"taxonomy":"post_tag","embeddable":true,"href":"https:\/\/bomberos.puyo.gob.ec\/2019\/wp-json\/wp\/v2\/tags?post=3415"}],"curies":[{"name":"wp","href":"https:\/\/api.w.org\/{rel}","templated":true}]}}