{"id":3403,"date":"2022-01-29T09:58:37","date_gmt":"2022-01-29T14:58:37","guid":{"rendered":"https:\/\/bomberos.puyo.gob.ec\/entrega-de-agua-por-solicitud-del-gad-municipal-del-canton-pastaza-la-unid\/"},"modified":"2023-01-25T00:37:57","modified_gmt":"2023-01-25T05:37:57","slug":"entrega-de-agua-por-solicitud-del-gad-municipal-del-canton-pastaza-la-unid","status":"publish","type":"post","link":"https:\/\/bomberos.puyo.gob.ec\/2019\/entrega-de-agua-por-solicitud-del-gad-municipal-del-canton-pastaza-la-unid\/","title":{"rendered":"|ENTREGA DE AGUA|\n Por solicitud del GAD. Municipal del Cant\u00f3n Pastaza la unid&#8230;"},"content":{"rendered":"<div><span><\/p>\n<p>|ENTREGA DE AGUA|<\/p>\n<p> Por solicitud del GAD. Municipal del Cant\u00f3n Pastaza la unidad C1 se dirigi\u00f3 a entregar agua en la comunidad de Guagrayacu, sector de la parroquia Tarqui, debido a la escasez de el l\u00edquido vital, mismo que se reparte en los domicilios del sector.<\/p>\n<p><\/span><\/div>\n<p><a href=\"https:\/\/facebook.com\/story.php?story_fbid=pfbid06aa1vQb8U5oaaub1EAgELMmT5xBkVjntsFvz9UYizMCvNfqMCLz1VZUzmmfabPQAl&amp;id=465093860312824&amp;eav=AfbI6w6Mtyr3VmWXfOMYgI54MynKbLs3AHPPm4IsU_HvXdbWf8ErLOPFBO7YnwRFnA8&amp;viewer=465093860312824&amp;m_entstream_source=timeline&amp;__tn__=%2As%2As-R&amp;paipv=1\" aria-label=\"Abrir historia\" class=\"_5msj\"><\/a><\/p>\n<p><a href=\"https:\/\/bomberos.puyo.gob.ec\/2019\/wp-content\/uploads\/ENTREGA-DE-AGUA-Por-solicitud-del-GAD-Municipal-del-Canton.jpg\"><img decoding=\"async\" class=\"wp_automatic_fb_img\" title=\"\" src=\"https:\/\/bomberos.puyo.gob.ec\/2019\/wp-content\/uploads\/ENTREGA-DE-AGUA-Por-solicitud-del-GAD-Municipal-del-Canton.jpg\" \/><\/a><br \/><a href=\"https:\/\/bomberos.puyo.gob.ec\/2019\/wp-content\/uploads\/1674625076_387_ENTREGA-DE-AGUA-Por-solicitud-del-GAD-Municipal-del-Canton.jpg\"><img decoding=\"async\" class=\"wp_automatic_fb_img\" title=\"\" src=\"https:\/\/bomberos.puyo.gob.ec\/2019\/wp-content\/uploads\/1674625076_387_ENTREGA-DE-AGUA-Por-solicitud-del-GAD-Municipal-del-Canton.jpg\" \/><\/a><br \/><a href=\"https:\/\/bomberos.puyo.gob.ec\/2019\/wp-content\/uploads\/1674625076_992_ENTREGA-DE-AGUA-Por-solicitud-del-GAD-Municipal-del-Canton.jpg\"><img decoding=\"async\" class=\"wp_automatic_fb_img\" title=\"\" src=\"https:\/\/bomberos.puyo.gob.ec\/2019\/wp-content\/uploads\/1674625076_992_ENTREGA-DE-AGUA-Por-solicitud-del-GAD-Municipal-del-Canton.jpg\" \/><\/a><br \/>\n<br \/><a href=\"https:\/\/www.facebook.com\/465093860312824\/posts\/2123551741133686\">en facebook&#8230; <\/a>  <\/p>\n","protected":false},"excerpt":{"rendered":"<div><span><\/p>\n<p>|ENTREGA DE AGUA|<\/p>\n<p> Por solicitud del GAD. Municipal del Cant\u00f3n Pastaza la unidad C1 se dirigi\u00f3 a entregar agua en la comunidad de Guagrayacu, sector de la parroquia Tarqui, debido a la escasez de el l\u00edquido vital, mismo que se reparte en los domicilios del sector.<\/p>\n<p><\/span><\/div>\n<p><a href=\"https:\/\/facebook.com\/story.php?story_fbid=pfbid06aa1vQb8U5oaaub1EAgELMmT5xBkVjntsFvz9UYizMCvNfqMCLz1VZUzmmfabPQAl&amp;id=465093860312824&amp;eav=AfbI6w6Mtyr3VmWXfOMYgI54MynKbLs3AHPPm4IsU_HvXdbWf8ErLOPFBO7YnwRFnA8&amp;viewer=465093860312824&amp;m_entstream_source=timeline&amp;__tn__=%2As%2As-R&amp;paipv=1\" aria-label=\"Abrir historia\" class=\"_5msj\"><\/a><\/p>\n<p><a href=\"https:\/\/scontent.fuio15-1.fna.fbcdn.net\/v\/t39.30808-6\/272842977_2123550691133791_1184870055079230697_n.jpg?_nc_cat=109&#038;ccb=1-7&#038;_nc_sid=8bfeb9&#038;_nc_ohc=04EMjDAv0coAX8tYMdT&#038;_nc_ht=scontent.fuio15-1.fna&#038;oh=00_AfDAaLEhaGSPQJzap1MSM7xCNQalwVgGVY_PphZOlRW29g&#038;oe=63D5C864\"><img decoding=\"async\" class=\"wp_automatic_fb_img\" title=\"\" src=\"https:\/\/scontent.fuio15-1.fna.fbcdn.net\/v\/t39.30808-6\/272842977_2123550691133791_1184870055079230697_n.jpg?_nc_cat=109&#038;ccb=1-7&#038;_nc_sid=8bfeb9&#038;_nc_ohc=04EMjDAv0coAX8tYMdT&#038;_nc_ht=scontent.fuio15-1.fna&#038;oh=00_AfDAaLEhaGSPQJzap1MSM7xCNQalwVgGVY_PphZOlRW29g&#038;oe=63D5C864\" \/><\/a><br \/><a href=\"https:\/\/scontent.fuio15-1.fna.fbcdn.net\/v\/t39.30808-6\/273032617_2123550687800458_6346288124310179474_n.jpg?_nc_cat=111&#038;ccb=1-7&#038;_nc_sid=8bfeb9&#038;_nc_ohc=uOervHGxd8oAX_WQwdi&#038;_nc_ht=scontent.fuio15-1.fna&#038;oh=00_AfB5fpY1afyd_1fxXUYjqsriwEHGl6fJh2KanuAqWhTwmg&#038;oe=63D4B6D3\"><img decoding=\"async\" class=\"wp_automatic_fb_img\" title=\"\" src=\"https:\/\/scontent.fuio15-1.fna.fbcdn.net\/v\/t39.30808-6\/273032617_2123550687800458_6346288124310179474_n.jpg?_nc_cat=111&#038;ccb=1-7&#038;_nc_sid=8bfeb9&#038;_nc_ohc=uOervHGxd8oAX_WQwdi&#038;_nc_ht=scontent.fuio15-1.fna&#038;oh=00_AfB5fpY1afyd_1fxXUYjqsriwEHGl6fJh2KanuAqWhTwmg&#038;oe=63D4B6D3\" \/><\/a><br \/><a href=\"https:\/\/scontent.fuio15-1.fna.fbcdn.net\/v\/t39.30808-6\/273018384_2123550701133790_2083168033693075990_n.jpg?_nc_cat=108&#038;ccb=1-7&#038;_nc_sid=8bfeb9&#038;_nc_ohc=NLfy-r8iKvEAX-3_qKa&#038;_nc_ht=scontent.fuio15-1.fna&#038;oh=00_AfBcECIxAOLVtxcuG9sOHjC0Ik5NchuMdthvB8jjF3Cgew&#038;oe=63D6AA75\"><img decoding=\"async\" class=\"wp_automatic_fb_img\" title=\"\" src=\"https:\/\/scontent.fuio15-1.fna.fbcdn.net\/v\/t39.30808-6\/273018384_2123550701133790_2083168033693075990_n.jpg?_nc_cat=108&#038;ccb=1-7&#038;_nc_sid=8bfeb9&#038;_nc_ohc=NLfy-r8iKvEAX-3_qKa&#038;_nc_ht=scontent.fuio15-1.fna&#038;oh=00_AfBcECIxAOLVtxcuG9sOHjC0Ik5NchuMdthvB8jjF3Cgew&#038;oe=63D6AA75\" \/><\/a><\/p>\n","protected":false},"author":1,"featured_media":3404,"comment_status":"open","ping_status":"open","sticky":false,"template":"","format":"standard","meta":[],"categories":[1],"tags":[435,141,32,651,296,138,74,30,173,1105],"_links":{"self":[{"href":"https:\/\/bomberos.puyo.gob.ec\/2019\/wp-json\/wp\/v2\/posts\/3403"}],"collection":[{"href":"https:\/\/bomberos.puyo.gob.ec\/2019\/wp-json\/wp\/v2\/posts"}],"about":[{"href":"https:\/\/bomberos.puyo.gob.ec\/2019\/wp-json\/wp\/v2\/types\/post"}],"author":[{"embeddable":true,"href":"https:\/\/bomberos.puyo.gob.ec\/2019\/wp-json\/wp\/v2\/users\/1"}],"replies":[{"embeddable":true,"href":"https:\/\/bomberos.puyo.gob.ec\/2019\/wp-json\/wp\/v2\/comments?post=3403"}],"version-history":[{"count":1,"href":"https:\/\/bomberos.puyo.gob.ec\/2019\/wp-json\/wp\/v2\/posts\/3403\/revisions"}],"predecessor-version":[{"id":3405,"href":"https:\/\/bomberos.puyo.gob.ec\/2019\/wp-json\/wp\/v2\/posts\/3403\/revisions\/3405"}],"wp:featuredmedia":[{"embeddable":true,"href":"https:\/\/bomberos.puyo.gob.ec\/2019\/wp-json\/wp\/v2\/media\/3404"}],"wp:attachment":[{"href":"https:\/\/bomberos.puyo.gob.ec\/2019\/wp-json\/wp\/v2\/media?parent=3403"}],"wp:term":[{"taxonomy":"category","embeddable":true,"href":"https:\/\/bomberos.puyo.gob.ec\/2019\/wp-json\/wp\/v2\/categories?post=3403"},{"taxonomy":"post_tag","embeddable":true,"href":"https:\/\/bomberos.puyo.gob.ec\/2019\/wp-json\/wp\/v2\/tags?post=3403"}],"curies":[{"name":"wp","href":"https:\/\/api.w.org\/{rel}","templated":true}]}}