{"id":3400,"date":"2022-01-29T21:06:07","date_gmt":"2022-01-30T02:06:07","guid":{"rendered":"https:\/\/bomberos.puyo.gob.ec\/emergencia-medica-por-llamado-del-ecu-911-la-unidad-a3-se-dirigio-a-la-pa\/"},"modified":"2023-01-24T23:35:35","modified_gmt":"2023-01-25T04:35:35","slug":"emergencia-medica-por-llamado-del-ecu-911-la-unidad-a3-se-dirigio-a-la-pa","status":"publish","type":"post","link":"https:\/\/bomberos.puyo.gob.ec\/2019\/emergencia-medica-por-llamado-del-ecu-911-la-unidad-a3-se-dirigio-a-la-pa\/","title":{"rendered":"|EMERGENCIA M\u00c9DICA|\n Por llamado del #ECU-911, la unidad A3 se dirigi\u00f3 a la pa&#8230;"},"content":{"rendered":"<div><span><\/p>\n<p>|EMERGENCIA M\u00c9DICA|<\/p>\n<p> Por llamado del <a class=\"_5ayv _qdx\" href=\"https:\/\/facebook.com\/hashtag\/ecu?__tn__=%2As-R&amp;paipv=1&amp;eav=Afak6KSaf1GKSxOQ7E0DOYhez-GM6-v2SEM_9T--YwQVzFPkyP_csrtLx-DK8KycwzE\"><span class=\"_5aw4 _qdz\">#ECU<\/span><\/a>-911, la unidad A3 se dirigi\u00f3 a la parroquia Pomona, llegando al lugar se atendi\u00f3 a la Sra. J. A. de 27 a\u00f1os de edad, quien presenta un embarazo Post-T\u00e9rmino en proceso de labor de parto se procede a trasladarla hacia el Hospital General Puyo donde lo recibe el m\u00e9dico de turno.<\/p>\n<p><\/span><\/div>\n<p><a href=\"https:\/\/facebook.com\/story.php?story_fbid=pfbid02Q5ttPPTg6Cgs3YBVUZ6p2UcgQwtv4TNZzmcTnhHnBdTsGwoJ4ubcXE25qjmQD8TCl&amp;id=465093860312824&amp;eav=Afa21g5M2LwgPZajdUpH3B-JG-MkUeZJuxOJzHItdYdDLPtoOJOgjdHmSHu87ytOGUQ&amp;viewer=465093860312824&amp;m_entstream_source=timeline&amp;__tn__=%2As%2As-R&amp;paipv=1\" aria-label=\"Abrir historia\" class=\"_5msj\"><\/a><\/p>\n<p><a href=\"https:\/\/bomberos.puyo.gob.ec\/2019\/wp-content\/uploads\/1674621334_291_EMERGENCIA-MEDICA-Por-llamado-del-ECU-911-la-unidad-A3-se.jpg\"><img decoding=\"async\" class=\"wp_automatic_fb_img\" title=\"\" src=\"https:\/\/bomberos.puyo.gob.ec\/2019\/wp-content\/uploads\/1674621334_291_EMERGENCIA-MEDICA-Por-llamado-del-ECU-911-la-unidad-A3-se.jpg\" \/><\/a><br \/>\n<br \/><a href=\"https:\/\/www.facebook.com\/465093860312824\/posts\/2123891437766383\">en facebook&#8230; <\/a>  <\/p>\n","protected":false},"excerpt":{"rendered":"<div><span><\/p>\n<p>|EMERGENCIA M\u00c9DICA|<\/p>\n<p> Por llamado del <a class=\"_5ayv _qdx\" href=\"https:\/\/facebook.com\/hashtag\/ecu?__tn__=%2As-R&amp;paipv=1&amp;eav=Afak6KSaf1GKSxOQ7E0DOYhez-GM6-v2SEM_9T--YwQVzFPkyP_csrtLx-DK8KycwzE\"><span class=\"_5aw4 _qdz\">#ECU<\/span><\/a>-911, la unidad A3 se dirigi\u00f3 a la parroquia Pomona, llegando al lugar se atendi\u00f3 a la Sra. J. A. de 27 a\u00f1os de edad, quien presenta un embarazo Post-T\u00e9rmino en proceso de labor de parto se procede a trasladarla hacia el Hospital General Puyo donde lo recibe el m\u00e9dico de turno.<\/p>\n<p><\/span><\/div>\n<p><a href=\"https:\/\/facebook.com\/story.php?story_fbid=pfbid02Q5ttPPTg6Cgs3YBVUZ6p2UcgQwtv4TNZzmcTnhHnBdTsGwoJ4ubcXE25qjmQD8TCl&amp;id=465093860312824&amp;eav=Afa21g5M2LwgPZajdUpH3B-JG-MkUeZJuxOJzHItdYdDLPtoOJOgjdHmSHu87ytOGUQ&amp;viewer=465093860312824&amp;m_entstream_source=timeline&amp;__tn__=%2As%2As-R&amp;paipv=1\" aria-label=\"Abrir historia\" class=\"_5msj\"><\/a><\/p>\n<p><a href=\"https:\/\/scontent.fuio15-1.fna.fbcdn.net\/v\/t39.30808-6\/273007994_2123890567766470_2939273764471492886_n.jpg?stp=dst-jpg_s720x720&#038;_nc_cat=104&#038;ccb=1-7&#038;_nc_sid=8bfeb9&#038;_nc_ohc=AFMM7UFGaukAX_t7jCC&#038;_nc_ht=scontent.fuio15-1.fna&#038;oh=00_AfA-23vz0zsdGfF45dE01J1LDglfUyNuBOYsuf-Eqnxi3A&#038;oe=63D6145B\"><img decoding=\"async\" class=\"wp_automatic_fb_img\" title=\"\" src=\"https:\/\/scontent.fuio15-1.fna.fbcdn.net\/v\/t39.30808-6\/273007994_2123890567766470_2939273764471492886_n.jpg?stp=dst-jpg_s720x720&#038;_nc_cat=104&#038;ccb=1-7&#038;_nc_sid=8bfeb9&#038;_nc_ohc=AFMM7UFGaukAX_t7jCC&#038;_nc_ht=scontent.fuio15-1.fna&#038;oh=00_AfA-23vz0zsdGfF45dE01J1LDglfUyNuBOYsuf-Eqnxi3A&#038;oe=63D6145B\" \/><\/a><\/p>\n","protected":false},"author":1,"featured_media":3401,"comment_status":"open","ping_status":"open","sticky":false,"template":"","format":"standard","meta":[],"categories":[1],"tags":[32,722,33,69,182,31,251,932,30,41],"_links":{"self":[{"href":"https:\/\/bomberos.puyo.gob.ec\/2019\/wp-json\/wp\/v2\/posts\/3400"}],"collection":[{"href":"https:\/\/bomberos.puyo.gob.ec\/2019\/wp-json\/wp\/v2\/posts"}],"about":[{"href":"https:\/\/bomberos.puyo.gob.ec\/2019\/wp-json\/wp\/v2\/types\/post"}],"author":[{"embeddable":true,"href":"https:\/\/bomberos.puyo.gob.ec\/2019\/wp-json\/wp\/v2\/users\/1"}],"replies":[{"embeddable":true,"href":"https:\/\/bomberos.puyo.gob.ec\/2019\/wp-json\/wp\/v2\/comments?post=3400"}],"version-history":[{"count":1,"href":"https:\/\/bomberos.puyo.gob.ec\/2019\/wp-json\/wp\/v2\/posts\/3400\/revisions"}],"predecessor-version":[{"id":3402,"href":"https:\/\/bomberos.puyo.gob.ec\/2019\/wp-json\/wp\/v2\/posts\/3400\/revisions\/3402"}],"wp:featuredmedia":[{"embeddable":true,"href":"https:\/\/bomberos.puyo.gob.ec\/2019\/wp-json\/wp\/v2\/media\/3401"}],"wp:attachment":[{"href":"https:\/\/bomberos.puyo.gob.ec\/2019\/wp-json\/wp\/v2\/media?parent=3400"}],"wp:term":[{"taxonomy":"category","embeddable":true,"href":"https:\/\/bomberos.puyo.gob.ec\/2019\/wp-json\/wp\/v2\/categories?post=3400"},{"taxonomy":"post_tag","embeddable":true,"href":"https:\/\/bomberos.puyo.gob.ec\/2019\/wp-json\/wp\/v2\/tags?post=3400"}],"curies":[{"name":"wp","href":"https:\/\/api.w.org\/{rel}","templated":true}]}}