{"id":3391,"date":"2022-01-31T19:26:26","date_gmt":"2022-02-01T00:26:26","guid":{"rendered":"https:\/\/bomberos.puyo.gob.ec\/emergencia-medica-por-llamado-del-ecu-911-la-unidad-a5-se-dirigio-al-sect\/"},"modified":"2023-01-24T17:38:43","modified_gmt":"2023-01-24T22:38:43","slug":"emergencia-medica-por-llamado-del-ecu-911-la-unidad-a5-se-dirigio-al-sect","status":"publish","type":"post","link":"https:\/\/bomberos.puyo.gob.ec\/2019\/emergencia-medica-por-llamado-del-ecu-911-la-unidad-a5-se-dirigio-al-sect\/","title":{"rendered":"|EMERGENCIA M\u00c9DICA|\n Por llamado del #Ecu-911, la unidad A5 se dirigi\u00f3 al sect&#8230;"},"content":{"rendered":"<div><span><\/p>\n<p>|EMERGENCIA M\u00c9DICA|<\/p>\n<p> Por llamado del <a class=\"_5ayv _qdx\" href=\"https:\/\/facebook.com\/hashtag\/ecu?__tn__=%2As-R&amp;paipv=1&amp;eav=AfbpJWhrjcoBPElKYP0okmyD_lzGuMjFd5a0Kvo5nZiHNVCfybg3zdZoU6s7uEaVBrI\"><span class=\"_5aw4 _qdz\">#Ecu<\/span><\/a>-911, la unidad A5 se dirigi\u00f3 al sector Playas del Salom\u00e9 2, en el lugar se atiende a una paciente de nombre: M. E. R. C. de 47 a\u00f1os de edad, misma que presenta Politraumatismos, luego de la respectiva valoraci\u00f3n es trasladada al Hospital General Puyo.<\/p>\n<p><\/span><\/div>\n<p><a href=\"https:\/\/facebook.com\/story.php?story_fbid=pfbid021PuwbEuREYCPLXgbWGGzfoVpRZr4BThAss4STqAxi855e35RQ2iyQpAqE3EPQXUXl&amp;id=465093860312824&amp;eav=AfZOOwqXEKk3y39vlKfNceTJyV-Iz5V-uyu-DjrHk0Woosa7lin-IVjsnRAzViroRXM&amp;viewer=465093860312824&amp;m_entstream_source=timeline&amp;__tn__=%2As%2As-R&amp;paipv=1\" aria-label=\"Abrir historia\" class=\"_5msj\"><\/a><\/p>\n<p><a href=\"https:\/\/bomberos.puyo.gob.ec\/2019\/wp-content\/uploads\/1674599922_621_EMERGENCIA-MEDICA-Por-llamado-del-Ecu-911-la-unidad-A5-se.jpg\"><img decoding=\"async\" class=\"wp_automatic_fb_img\" title=\"\" src=\"https:\/\/bomberos.puyo.gob.ec\/2019\/wp-content\/uploads\/1674599922_621_EMERGENCIA-MEDICA-Por-llamado-del-Ecu-911-la-unidad-A5-se.jpg\" \/><\/a><br \/>\n<br \/><a href=\"https:\/\/www.facebook.com\/465093860312824\/posts\/2125240627631464\">en facebook&#8230; <\/a>  <\/p>\n","protected":false},"excerpt":{"rendered":"<div><span><\/p>\n<p>|EMERGENCIA M\u00c9DICA|<\/p>\n<p> Por llamado del <a class=\"_5ayv _qdx\" href=\"https:\/\/facebook.com\/hashtag\/ecu?__tn__=%2As-R&amp;paipv=1&amp;eav=AfbpJWhrjcoBPElKYP0okmyD_lzGuMjFd5a0Kvo5nZiHNVCfybg3zdZoU6s7uEaVBrI\"><span class=\"_5aw4 _qdz\">#Ecu<\/span><\/a>-911, la unidad A5 se dirigi\u00f3 al sector Playas del Salom\u00e9 2, en el lugar se atiende a una paciente de nombre: M. E. R. C. de 47 a\u00f1os de edad, misma que presenta Politraumatismos, luego de la respectiva valoraci\u00f3n es trasladada al Hospital General Puyo.<\/p>\n<p><\/span><\/div>\n<p><a href=\"https:\/\/facebook.com\/story.php?story_fbid=pfbid021PuwbEuREYCPLXgbWGGzfoVpRZr4BThAss4STqAxi855e35RQ2iyQpAqE3EPQXUXl&amp;id=465093860312824&amp;eav=AfZOOwqXEKk3y39vlKfNceTJyV-Iz5V-uyu-DjrHk0Woosa7lin-IVjsnRAzViroRXM&amp;viewer=465093860312824&amp;m_entstream_source=timeline&amp;__tn__=%2As%2As-R&amp;paipv=1\" aria-label=\"Abrir historia\" class=\"_5msj\"><\/a><\/p>\n<p><a href=\"https:\/\/scontent.fuio15-1.fna.fbcdn.net\/v\/t39.30808-6\/273047113_2125239874298206_1990922061757147603_n.jpg?stp=dst-jpg_s720x720&#038;_nc_cat=101&#038;ccb=1-7&#038;_nc_sid=8bfeb9&#038;_nc_ohc=YAgOsBzP2JUAX8AOWLx&#038;_nc_ht=scontent.fuio15-1.fna&#038;oh=00_AfBG_Vz3UGVt0ZUTtiB4uqpGGHw_zuW1w8h7PkNTlQzueQ&#038;oe=63D61E8F\"><img decoding=\"async\" class=\"wp_automatic_fb_img\" title=\"\" src=\"https:\/\/scontent.fuio15-1.fna.fbcdn.net\/v\/t39.30808-6\/273047113_2125239874298206_1990922061757147603_n.jpg?stp=dst-jpg_s720x720&#038;_nc_cat=101&#038;ccb=1-7&#038;_nc_sid=8bfeb9&#038;_nc_ohc=YAgOsBzP2JUAX8AOWLx&#038;_nc_ht=scontent.fuio15-1.fna&#038;oh=00_AfBG_Vz3UGVt0ZUTtiB4uqpGGHw_zuW1w8h7PkNTlQzueQ&#038;oe=63D61E8F\" \/><\/a><\/p>\n","protected":false},"author":1,"featured_media":3392,"comment_status":"open","ping_status":"open","sticky":false,"template":"","format":"standard","meta":[],"categories":[1],"tags":[32,722,33,69,182,31,251,30,585,41],"_links":{"self":[{"href":"https:\/\/bomberos.puyo.gob.ec\/2019\/wp-json\/wp\/v2\/posts\/3391"}],"collection":[{"href":"https:\/\/bomberos.puyo.gob.ec\/2019\/wp-json\/wp\/v2\/posts"}],"about":[{"href":"https:\/\/bomberos.puyo.gob.ec\/2019\/wp-json\/wp\/v2\/types\/post"}],"author":[{"embeddable":true,"href":"https:\/\/bomberos.puyo.gob.ec\/2019\/wp-json\/wp\/v2\/users\/1"}],"replies":[{"embeddable":true,"href":"https:\/\/bomberos.puyo.gob.ec\/2019\/wp-json\/wp\/v2\/comments?post=3391"}],"version-history":[{"count":1,"href":"https:\/\/bomberos.puyo.gob.ec\/2019\/wp-json\/wp\/v2\/posts\/3391\/revisions"}],"predecessor-version":[{"id":3393,"href":"https:\/\/bomberos.puyo.gob.ec\/2019\/wp-json\/wp\/v2\/posts\/3391\/revisions\/3393"}],"wp:featuredmedia":[{"embeddable":true,"href":"https:\/\/bomberos.puyo.gob.ec\/2019\/wp-json\/wp\/v2\/media\/3392"}],"wp:attachment":[{"href":"https:\/\/bomberos.puyo.gob.ec\/2019\/wp-json\/wp\/v2\/media?parent=3391"}],"wp:term":[{"taxonomy":"category","embeddable":true,"href":"https:\/\/bomberos.puyo.gob.ec\/2019\/wp-json\/wp\/v2\/categories?post=3391"},{"taxonomy":"post_tag","embeddable":true,"href":"https:\/\/bomberos.puyo.gob.ec\/2019\/wp-json\/wp\/v2\/tags?post=3391"}],"curies":[{"name":"wp","href":"https:\/\/api.w.org\/{rel}","templated":true}]}}