{"id":3388,"date":"2022-02-03T15:16:20","date_gmt":"2022-02-03T20:16:20","guid":{"rendered":"https:\/\/bomberos.puyo.gob.ec\/emergencia-medica-78\/"},"modified":"2023-01-24T16:36:46","modified_gmt":"2023-01-24T21:36:46","slug":"emergencia-medica-78","status":"publish","type":"post","link":"https:\/\/bomberos.puyo.gob.ec\/2019\/emergencia-medica-78\/","title":{"rendered":"|EMERGENCIA M\u00c9DICA|&#8230;"},"content":{"rendered":"<p>|EMERGENCIA M\u00c9DICA|<\/p>\n<p>La unidad de Atenci\u00f3n Pre-hospitalaria APH se dirigi\u00f3 a la calle 10 de agosto y 27 de febrero, en el lugar se atiende a un paciente de sexo masculino de 27 a\u00f1os de edad, mismo que presenta una fractura cerrada de h\u00famero y f\u00e9mur derecho producto de un accidente de tr\u00e1nsito en su motocicleta, posteriormente es transportado al Hospital General Puyo donde lo recibe el m\u00e9dico de turno.<\/p>\n<p><a href=\"https:\/\/bomberos.puyo.gob.ec\/2019\/wp-content\/uploads\/1674596205_619_EMERGENCIA-MEDICA.jpg\"><img decoding=\"async\" class=\"wp_automatic_fb_img\" title=\"\" src=\"https:\/\/bomberos.puyo.gob.ec\/2019\/wp-content\/uploads\/1674596205_619_EMERGENCIA-MEDICA.jpg\" \/><\/a><br \/>\n<br \/><a href=\"https:\/\/www.facebook.com\/465093860312824\/posts\/2127318887423638\">en facebook&#8230; <\/a>  <\/p>\n","protected":false},"excerpt":{"rendered":"<p>|EMERGENCIA M\u00c9DICA|<\/p>\n<p>La unidad de Atenci\u00f3n Pre-hospitalaria APH se dirigi\u00f3 a la calle 10 de agosto y 27 de febrero, en el lugar se atiende a un paciente de sexo masculino de 27 a\u00f1os de edad, mismo que presenta una fractura cerrada de h\u00famero y f\u00e9mur derecho producto de un accidente de tr\u00e1nsito en su motocicleta, posteriormente es transportado al Hospital General Puyo donde lo recibe el m\u00e9dico de turno.<\/p>\n<p><a href=\"https:\/\/scontent.fuio15-1.fna.fbcdn.net\/v\/t39.30808-6\/273204485_2127317450757115_6270645390343517748_n.jpg?stp=dst-jpg_s640x640&#038;_nc_cat=101&#038;ccb=1-7&#038;_nc_sid=8bfeb9&#038;_nc_ohc=tuRKXuk-EToAX9y7-X3&#038;_nc_ht=scontent.fuio15-1.fna&#038;oh=00_AfAIGZ08hRCxtkmGTQIZ3PPFu9YLN1X0Lf0ecEgsReMVmw&#038;oe=63D5159C\"><img decoding=\"async\" class=\"wp_automatic_fb_img\" title=\"\" src=\"https:\/\/scontent.fuio15-1.fna.fbcdn.net\/v\/t39.30808-6\/273204485_2127317450757115_6270645390343517748_n.jpg?stp=dst-jpg_s640x640&#038;_nc_cat=101&#038;ccb=1-7&#038;_nc_sid=8bfeb9&#038;_nc_ohc=tuRKXuk-EToAX9y7-X3&#038;_nc_ht=scontent.fuio15-1.fna&#038;oh=00_AfAIGZ08hRCxtkmGTQIZ3PPFu9YLN1X0Lf0ecEgsReMVmw&#038;oe=63D5159C\" \/><\/a><\/p>\n","protected":false},"author":1,"featured_media":3389,"comment_status":"open","ping_status":"open","sticky":false,"template":"","format":"standard","meta":[],"categories":[1],"tags":[182,251],"_links":{"self":[{"href":"https:\/\/bomberos.puyo.gob.ec\/2019\/wp-json\/wp\/v2\/posts\/3388"}],"collection":[{"href":"https:\/\/bomberos.puyo.gob.ec\/2019\/wp-json\/wp\/v2\/posts"}],"about":[{"href":"https:\/\/bomberos.puyo.gob.ec\/2019\/wp-json\/wp\/v2\/types\/post"}],"author":[{"embeddable":true,"href":"https:\/\/bomberos.puyo.gob.ec\/2019\/wp-json\/wp\/v2\/users\/1"}],"replies":[{"embeddable":true,"href":"https:\/\/bomberos.puyo.gob.ec\/2019\/wp-json\/wp\/v2\/comments?post=3388"}],"version-history":[{"count":1,"href":"https:\/\/bomberos.puyo.gob.ec\/2019\/wp-json\/wp\/v2\/posts\/3388\/revisions"}],"predecessor-version":[{"id":3390,"href":"https:\/\/bomberos.puyo.gob.ec\/2019\/wp-json\/wp\/v2\/posts\/3388\/revisions\/3390"}],"wp:featuredmedia":[{"embeddable":true,"href":"https:\/\/bomberos.puyo.gob.ec\/2019\/wp-json\/wp\/v2\/media\/3389"}],"wp:attachment":[{"href":"https:\/\/bomberos.puyo.gob.ec\/2019\/wp-json\/wp\/v2\/media?parent=3388"}],"wp:term":[{"taxonomy":"category","embeddable":true,"href":"https:\/\/bomberos.puyo.gob.ec\/2019\/wp-json\/wp\/v2\/categories?post=3388"},{"taxonomy":"post_tag","embeddable":true,"href":"https:\/\/bomberos.puyo.gob.ec\/2019\/wp-json\/wp\/v2\/tags?post=3388"}],"curies":[{"name":"wp","href":"https:\/\/api.w.org\/{rel}","templated":true}]}}