{"id":3379,"date":"2022-02-04T09:59:36","date_gmt":"2022-02-04T14:59:36","guid":{"rendered":"https:\/\/bomberos.puyo.gob.ec\/capacitacion-se-realiza-una-capacitacion-al-personal-de-la-compania-de-tran-3\/"},"modified":"2023-01-24T12:11:47","modified_gmt":"2023-01-24T17:11:47","slug":"capacitacion-se-realiza-una-capacitacion-al-personal-de-la-compania-de-tran-3","status":"publish","type":"post","link":"https:\/\/bomberos.puyo.gob.ec\/2019\/capacitacion-se-realiza-una-capacitacion-al-personal-de-la-compania-de-tran-3\/","title":{"rendered":"|CAPACITACI\u00d3N|\n Se realiza una capacitaci\u00f3n al personal de la Compa\u00f1\u00eda de tran&#8230;"},"content":{"rendered":"<div><span><\/p>\n<p>|CAPACITACI\u00d3N|<\/p>\n<p> Se realiza una capacitaci\u00f3n al personal de la Compa\u00f1\u00eda de transporte ORQUIDEA AMAZ\u00d3NICA con los temas:<br \/> \u201cPrevenci\u00f3n de incendios, utilizaci\u00f3n de extintores con norma NFPA10 he incendios vehiculares\u201d<\/p>\n<p><\/span><\/div>\n<p><a href=\"https:\/\/facebook.com\/story.php?story_fbid=pfbid0wtte61aBibVBADJ5C4i1iL1LE8T6J7wG2hBAdMhF2Tngv21iST5SS31wUVqhwcaWl&amp;id=465093860312824&amp;eav=AfZa8OIzolCCsxdBWJBDZd49zvttuHBdoAxm5Z7EbtyvyI-SXL4nWET_3FRDD6X-7Cc&amp;viewer=465093860312824&amp;m_entstream_source=timeline&amp;__tn__=%2As%2As-R&amp;paipv=1\" aria-label=\"Abrir historia\" class=\"_5msj\"><\/a><\/p>\n<p><a href=\"https:\/\/bomberos.puyo.gob.ec\/2019\/wp-content\/uploads\/1674580306_580_CAPACITACION-Se-realiza-una-capacitacion-al-personal-de-la-Compania.jpg\"><img decoding=\"async\" class=\"wp_automatic_fb_img\" title=\"\" src=\"https:\/\/bomberos.puyo.gob.ec\/2019\/wp-content\/uploads\/1674580306_580_CAPACITACION-Se-realiza-una-capacitacion-al-personal-de-la-Compania.jpg\" \/><\/a><br \/>\n<br \/><a href=\"https:\/\/www.facebook.com\/465093860312824\/posts\/2127912557364271\">en facebook&#8230; <\/a>  <\/p>\n","protected":false},"excerpt":{"rendered":"<div><span><\/p>\n<p>|CAPACITACI\u00d3N|<\/p>\n<p> Se realiza una capacitaci\u00f3n al personal de la Compa\u00f1\u00eda de transporte ORQUIDEA AMAZ\u00d3NICA con los temas:<br \/> \u201cPrevenci\u00f3n de incendios, utilizaci\u00f3n de extintores con norma NFPA10 he incendios vehiculares\u201d<\/p>\n<p><\/span><\/div>\n<p><a href=\"https:\/\/facebook.com\/story.php?story_fbid=pfbid0wtte61aBibVBADJ5C4i1iL1LE8T6J7wG2hBAdMhF2Tngv21iST5SS31wUVqhwcaWl&amp;id=465093860312824&amp;eav=AfZa8OIzolCCsxdBWJBDZd49zvttuHBdoAxm5Z7EbtyvyI-SXL4nWET_3FRDD6X-7Cc&amp;viewer=465093860312824&amp;m_entstream_source=timeline&amp;__tn__=%2As%2As-R&amp;paipv=1\" aria-label=\"Abrir historia\" class=\"_5msj\"><\/a><\/p>\n<p><a href=\"https:\/\/scontent.fuio15-1.fna.fbcdn.net\/v\/t39.30808-6\/273044656_2127912537364273_2365992070570890051_n.jpg?stp=dst-jpg_s720x720&#038;_nc_cat=104&#038;ccb=1-7&#038;_nc_sid=8bfeb9&#038;_nc_ohc=L_7TzDtYMp8AX87yWmb&#038;_nc_ht=scontent.fuio15-1.fna&#038;oh=00_AfC3P9lA5GxuEkhnzVdi5L27WXVbbeYSI_e0ZhKt81wufQ&#038;oe=63D4CFC2\"><img decoding=\"async\" class=\"wp_automatic_fb_img\" title=\"\" src=\"https:\/\/scontent.fuio15-1.fna.fbcdn.net\/v\/t39.30808-6\/273044656_2127912537364273_2365992070570890051_n.jpg?stp=dst-jpg_s720x720&#038;_nc_cat=104&#038;ccb=1-7&#038;_nc_sid=8bfeb9&#038;_nc_ohc=L_7TzDtYMp8AX87yWmb&#038;_nc_ht=scontent.fuio15-1.fna&#038;oh=00_AfC3P9lA5GxuEkhnzVdi5L27WXVbbeYSI_e0ZhKt81wufQ&#038;oe=63D4CFC2\" \/><\/a><\/p>\n","protected":false},"author":1,"featured_media":3380,"comment_status":"open","ping_status":"open","sticky":false,"template":"","format":"standard","meta":[],"categories":[1],"tags":[65,1047,34,692,935,119],"_links":{"self":[{"href":"https:\/\/bomberos.puyo.gob.ec\/2019\/wp-json\/wp\/v2\/posts\/3379"}],"collection":[{"href":"https:\/\/bomberos.puyo.gob.ec\/2019\/wp-json\/wp\/v2\/posts"}],"about":[{"href":"https:\/\/bomberos.puyo.gob.ec\/2019\/wp-json\/wp\/v2\/types\/post"}],"author":[{"embeddable":true,"href":"https:\/\/bomberos.puyo.gob.ec\/2019\/wp-json\/wp\/v2\/users\/1"}],"replies":[{"embeddable":true,"href":"https:\/\/bomberos.puyo.gob.ec\/2019\/wp-json\/wp\/v2\/comments?post=3379"}],"version-history":[{"count":1,"href":"https:\/\/bomberos.puyo.gob.ec\/2019\/wp-json\/wp\/v2\/posts\/3379\/revisions"}],"predecessor-version":[{"id":3381,"href":"https:\/\/bomberos.puyo.gob.ec\/2019\/wp-json\/wp\/v2\/posts\/3379\/revisions\/3381"}],"wp:featuredmedia":[{"embeddable":true,"href":"https:\/\/bomberos.puyo.gob.ec\/2019\/wp-json\/wp\/v2\/media\/3380"}],"wp:attachment":[{"href":"https:\/\/bomberos.puyo.gob.ec\/2019\/wp-json\/wp\/v2\/media?parent=3379"}],"wp:term":[{"taxonomy":"category","embeddable":true,"href":"https:\/\/bomberos.puyo.gob.ec\/2019\/wp-json\/wp\/v2\/categories?post=3379"},{"taxonomy":"post_tag","embeddable":true,"href":"https:\/\/bomberos.puyo.gob.ec\/2019\/wp-json\/wp\/v2\/tags?post=3379"}],"curies":[{"name":"wp","href":"https:\/\/api.w.org\/{rel}","templated":true}]}}