{"id":3367,"date":"2022-02-05T22:13:04","date_gmt":"2022-02-06T03:13:04","guid":{"rendered":"https:\/\/bomberos.puyo.gob.ec\/emergencia-medica-76\/"},"modified":"2023-01-24T06:58:37","modified_gmt":"2023-01-24T11:58:37","slug":"emergencia-medica-76","status":"publish","type":"post","link":"https:\/\/bomberos.puyo.gob.ec\/2019\/emergencia-medica-76\/","title":{"rendered":"|EMERGENCIA MEDICA|&#8230;"},"content":{"rendered":"<p>|EMERGENCIA MEDICA|<\/p>\n<p>Nuestra unidad de emergencia m\u00e9dica APH, se dirigi\u00f3 a las calles Ramiro Fern\u00e1ndez y Vicente Rocafuerte, en donde se atiende a un paciente menor de edad de sexo femenino, misma que presenta una herida lacerante en pie derecho producto de un accidente en su bicicleta, es atendida en el lugar estable. Posteriormente se da indicaciones y recomendaciones quedando a cargo de su familiar.<\/p>\n<p><a href=\"https:\/\/bomberos.puyo.gob.ec\/2019\/wp-content\/uploads\/1674561516_61_EMERGENCIA-MEDICA.jpg\"><img decoding=\"async\" class=\"wp_automatic_fb_img\" title=\"\" src=\"https:\/\/bomberos.puyo.gob.ec\/2019\/wp-content\/uploads\/1674561516_61_EMERGENCIA-MEDICA.jpg\" \/><\/a><br \/>\n<br \/><a href=\"https:\/\/www.facebook.com\/465093860312824\/posts\/2129051710583689\">en facebook&#8230; <\/a>  <\/p>\n","protected":false},"excerpt":{"rendered":"<p>|EMERGENCIA MEDICA|<\/p>\n<p>Nuestra unidad de emergencia m\u00e9dica APH, se dirigi\u00f3 a las calles Ramiro Fern\u00e1ndez y Vicente Rocafuerte, en donde se atiende a un paciente menor de edad de sexo femenino, misma que presenta una herida lacerante en pie derecho producto de un accidente en su bicicleta, es atendida en el lugar estable. Posteriormente se da indicaciones y recomendaciones quedando a cargo de su familiar.<\/p>\n<p><a href=\"https:\/\/scontent.fuio15-1.fna.fbcdn.net\/v\/t39.30808-6\/273302366_2129051677250359_3227679780025361248_n.jpg?stp=dst-jpg_s720x720&#038;_nc_cat=110&#038;ccb=1-7&#038;_nc_sid=8bfeb9&#038;_nc_ohc=KFXuHzb025YAX-Fa1T8&#038;_nc_ht=scontent.fuio15-1.fna&#038;oh=00_AfCzpvI4NFW5ybDq113OWepzb6HbQW1T9shFeB-RgLgNVw&#038;oe=63D4EA51\"><img decoding=\"async\" class=\"wp_automatic_fb_img\" title=\"\" src=\"https:\/\/scontent.fuio15-1.fna.fbcdn.net\/v\/t39.30808-6\/273302366_2129051677250359_3227679780025361248_n.jpg?stp=dst-jpg_s720x720&#038;_nc_cat=110&#038;ccb=1-7&#038;_nc_sid=8bfeb9&#038;_nc_ohc=KFXuHzb025YAX-Fa1T8&#038;_nc_ht=scontent.fuio15-1.fna&#038;oh=00_AfCzpvI4NFW5ybDq113OWepzb6HbQW1T9shFeB-RgLgNVw&#038;oe=63D4EA51\" \/><\/a><\/p>\n","protected":false},"author":1,"featured_media":3368,"comment_status":"open","ping_status":"open","sticky":false,"template":"","format":"standard","meta":[],"categories":[1],"tags":[182,251],"_links":{"self":[{"href":"https:\/\/bomberos.puyo.gob.ec\/2019\/wp-json\/wp\/v2\/posts\/3367"}],"collection":[{"href":"https:\/\/bomberos.puyo.gob.ec\/2019\/wp-json\/wp\/v2\/posts"}],"about":[{"href":"https:\/\/bomberos.puyo.gob.ec\/2019\/wp-json\/wp\/v2\/types\/post"}],"author":[{"embeddable":true,"href":"https:\/\/bomberos.puyo.gob.ec\/2019\/wp-json\/wp\/v2\/users\/1"}],"replies":[{"embeddable":true,"href":"https:\/\/bomberos.puyo.gob.ec\/2019\/wp-json\/wp\/v2\/comments?post=3367"}],"version-history":[{"count":1,"href":"https:\/\/bomberos.puyo.gob.ec\/2019\/wp-json\/wp\/v2\/posts\/3367\/revisions"}],"predecessor-version":[{"id":3369,"href":"https:\/\/bomberos.puyo.gob.ec\/2019\/wp-json\/wp\/v2\/posts\/3367\/revisions\/3369"}],"wp:featuredmedia":[{"embeddable":true,"href":"https:\/\/bomberos.puyo.gob.ec\/2019\/wp-json\/wp\/v2\/media\/3368"}],"wp:attachment":[{"href":"https:\/\/bomberos.puyo.gob.ec\/2019\/wp-json\/wp\/v2\/media?parent=3367"}],"wp:term":[{"taxonomy":"category","embeddable":true,"href":"https:\/\/bomberos.puyo.gob.ec\/2019\/wp-json\/wp\/v2\/categories?post=3367"},{"taxonomy":"post_tag","embeddable":true,"href":"https:\/\/bomberos.puyo.gob.ec\/2019\/wp-json\/wp\/v2\/tags?post=3367"}],"curies":[{"name":"wp","href":"https:\/\/api.w.org\/{rel}","templated":true}]}}