{"id":3361,"date":"2022-02-06T13:10:27","date_gmt":"2022-02-06T18:10:27","guid":{"rendered":"https:\/\/bomberos.puyo.gob.ec\/control-y-evacuacion-de-ataque-de-abejas\/"},"modified":"2023-01-24T04:52:58","modified_gmt":"2023-01-24T09:52:58","slug":"control-y-evacuacion-de-ataque-de-abejas","status":"publish","type":"post","link":"https:\/\/bomberos.puyo.gob.ec\/2019\/control-y-evacuacion-de-ataque-de-abejas\/","title":{"rendered":"|CONTROL Y EVACUACI\u00d3N DE ATAQUE DE ABEJAS|&#8230;"},"content":{"rendered":"<p>|CONTROL Y EVACUACI\u00d3N DE ATAQUE DE ABEJAS| \ud83d\udc1d <\/p>\n<p>El d\u00eda de hoy nuestra unidad de APICULTURA y la unidad de EMERGENCIA M\u00c9DICA APH  se dirigi\u00f3 al barrio el Placer entrada a Rio Chico parroquia Tarqui, en el lugar se  realiza la evacuaci\u00f3n de 3 menores de edad que fueron atacados por abejas y fueron trasladados a un centro asistencial m\u00e1s cercano por nuestra unidad de EMERGENCIA M\u00c9DICA.<br \/>\nAdem\u00e1s, se controla el  ataque de abejas utilizando humo para tranquilizarlas y as\u00ed se dejar el lugar seguro.<\/p>\n<p><a href=\"https:\/\/bomberos.puyo.gob.ec\/2019\/wp-content\/uploads\/CONTROL-Y-EVACUACION-DE-ATAQUE-DE-ABEJAS.jpg\"><img decoding=\"async\" class=\"wp_automatic_fb_img\" title=\"\" src=\"https:\/\/bomberos.puyo.gob.ec\/2019\/wp-content\/uploads\/CONTROL-Y-EVACUACION-DE-ATAQUE-DE-ABEJAS.jpg\" \/><\/a><br \/>\n<br \/><a href=\"https:\/\/www.facebook.com\/465093860312824\/posts\/2129501270538733\">en facebook&#8230; <\/a>  <\/p>\n","protected":false},"excerpt":{"rendered":"<p>|CONTROL Y EVACUACI\u00d3N DE ATAQUE DE ABEJAS| \ud83d\udc1d <\/p>\n<p>El d\u00eda de hoy nuestra unidad de APICULTURA y la unidad de EMERGENCIA M\u00c9DICA APH  se dirigi\u00f3 al barrio el Placer entrada a Rio Chico parroquia Tarqui, en el lugar se  realiza la evacuaci\u00f3n de 3 menores de edad que fueron atacados por abejas y fueron trasladados a un centro asistencial m\u00e1s cercano por nuestra unidad de EMERGENCIA M\u00c9DICA.<br \/>\nAdem\u00e1s, se controla el  ataque de abejas utilizando humo para tranquilizarlas y as\u00ed se dejar el lugar seguro.<\/p>\n<p><a href=\"https:\/\/scontent.fuio15-1.fna.fbcdn.net\/v\/t39.30808-6\/273364330_2129501237205403_1991273328950750220_n.jpg?stp=dst-jpg_s720x720&#038;_nc_cat=100&#038;ccb=1-7&#038;_nc_sid=8bfeb9&#038;_nc_ohc=Pv-O_10mF-0AX9gq30U&#038;_nc_ht=scontent.fuio15-1.fna&#038;oh=00_AfA6tI3Sv7CJDPMyj8MQ86isFQTv5PSprS1xgKC0y3bkkQ&#038;oe=63D4F836\"><img decoding=\"async\" class=\"wp_automatic_fb_img\" title=\"\" src=\"https:\/\/scontent.fuio15-1.fna.fbcdn.net\/v\/t39.30808-6\/273364330_2129501237205403_1991273328950750220_n.jpg?stp=dst-jpg_s720x720&#038;_nc_cat=100&#038;ccb=1-7&#038;_nc_sid=8bfeb9&#038;_nc_ohc=Pv-O_10mF-0AX9gq30U&#038;_nc_ht=scontent.fuio15-1.fna&#038;oh=00_AfA6tI3Sv7CJDPMyj8MQ86isFQTv5PSprS1xgKC0y3bkkQ&#038;oe=63D4F836\" \/><\/a><\/p>\n","protected":false},"author":1,"featured_media":3362,"comment_status":"open","ping_status":"open","sticky":false,"template":"","format":"standard","meta":[],"categories":[1],"tags":[72,1104,810,137],"_links":{"self":[{"href":"https:\/\/bomberos.puyo.gob.ec\/2019\/wp-json\/wp\/v2\/posts\/3361"}],"collection":[{"href":"https:\/\/bomberos.puyo.gob.ec\/2019\/wp-json\/wp\/v2\/posts"}],"about":[{"href":"https:\/\/bomberos.puyo.gob.ec\/2019\/wp-json\/wp\/v2\/types\/post"}],"author":[{"embeddable":true,"href":"https:\/\/bomberos.puyo.gob.ec\/2019\/wp-json\/wp\/v2\/users\/1"}],"replies":[{"embeddable":true,"href":"https:\/\/bomberos.puyo.gob.ec\/2019\/wp-json\/wp\/v2\/comments?post=3361"}],"version-history":[{"count":1,"href":"https:\/\/bomberos.puyo.gob.ec\/2019\/wp-json\/wp\/v2\/posts\/3361\/revisions"}],"predecessor-version":[{"id":3363,"href":"https:\/\/bomberos.puyo.gob.ec\/2019\/wp-json\/wp\/v2\/posts\/3361\/revisions\/3363"}],"wp:featuredmedia":[{"embeddable":true,"href":"https:\/\/bomberos.puyo.gob.ec\/2019\/wp-json\/wp\/v2\/media\/3362"}],"wp:attachment":[{"href":"https:\/\/bomberos.puyo.gob.ec\/2019\/wp-json\/wp\/v2\/media?parent=3361"}],"wp:term":[{"taxonomy":"category","embeddable":true,"href":"https:\/\/bomberos.puyo.gob.ec\/2019\/wp-json\/wp\/v2\/categories?post=3361"},{"taxonomy":"post_tag","embeddable":true,"href":"https:\/\/bomberos.puyo.gob.ec\/2019\/wp-json\/wp\/v2\/tags?post=3361"}],"curies":[{"name":"wp","href":"https:\/\/api.w.org\/{rel}","templated":true}]}}