{"id":3355,"date":"2022-02-07T07:33:20","date_gmt":"2022-02-07T12:33:20","guid":{"rendered":"https:\/\/bomberos.puyo.gob.ec\/accidente-de-transito-el-dia-de-hoy-nuestra-unidad-de-emergencia-medica-a\/"},"modified":"2023-01-24T01:44:02","modified_gmt":"2023-01-24T06:44:02","slug":"accidente-de-transito-el-dia-de-hoy-nuestra-unidad-de-emergencia-medica-a","status":"publish","type":"post","link":"https:\/\/bomberos.puyo.gob.ec\/2019\/accidente-de-transito-el-dia-de-hoy-nuestra-unidad-de-emergencia-medica-a\/","title":{"rendered":"|ACCIDENTE DE TR\u00c1NSITO| \n El d\u00eda de  hoy nuestra unidad de emergencia m\u00e9dica A&#8230;"},"content":{"rendered":"<div><span><\/p>\n<p>|ACCIDENTE DE TR\u00c1NSITO| <\/p>\n<p> El d\u00eda de  hoy nuestra unidad de emergencia m\u00e9dica APH asiste a un accidente de tr\u00e1nsito en el km 10 v\u00eda Macas, donde se atiende a un paciente de sexo masculino de 19 a\u00f1os de edad, mismo que presenta TCE leve m\u00e1s fractura cerrada de clav\u00edcula derecha, fue trasladado al centro asistencial m\u00e1s cercano.<\/p>\n<p><\/span><\/div>\n<p><a href=\"https:\/\/facebook.com\/story.php?story_fbid=pfbid0qGoLCTovUqdf8bmLyCV6JdWcFLzHEL49he15FZ9RcGhnG5gxPYYGVHMzpEYj59dul&amp;id=465093860312824&amp;eav=Afanqb6jASCENUiV01ScFKWXa74I_g_5o6TELOgIbuH1SapFqeisxZlLcbgX2ON_oss&amp;viewer=465093860312824&amp;m_entstream_source=timeline&amp;__tn__=%2As%2As-R&amp;paipv=1\" aria-label=\"Abrir historia\" class=\"_5msj\"><\/a><\/p>\n<p><a href=\"https:\/\/bomberos.puyo.gob.ec\/2019\/wp-content\/uploads\/ACCIDENTE-DE-TRANSITO-El-dia-de-hoy-nuestra-unidad-de.jpg\"><img decoding=\"async\" class=\"wp_automatic_fb_img\" title=\"\" src=\"https:\/\/bomberos.puyo.gob.ec\/2019\/wp-content\/uploads\/ACCIDENTE-DE-TRANSITO-El-dia-de-hoy-nuestra-unidad-de.jpg\" \/><\/a><br \/>\n<br \/><a href=\"https:\/\/www.facebook.com\/465093860312824\/posts\/2130024660486394\">en facebook&#8230; <\/a>  <\/p>\n","protected":false},"excerpt":{"rendered":"<div><span><\/p>\n<p>|ACCIDENTE DE TR\u00c1NSITO| <\/p>\n<p> El d\u00eda de  hoy nuestra unidad de emergencia m\u00e9dica APH asiste a un accidente de tr\u00e1nsito en el km 10 v\u00eda Macas, donde se atiende a un paciente de sexo masculino de 19 a\u00f1os de edad, mismo que presenta TCE leve m\u00e1s fractura cerrada de clav\u00edcula derecha, fue trasladado al centro asistencial m\u00e1s cercano.<\/p>\n<p><\/span><\/div>\n<p><a href=\"https:\/\/facebook.com\/story.php?story_fbid=pfbid0qGoLCTovUqdf8bmLyCV6JdWcFLzHEL49he15FZ9RcGhnG5gxPYYGVHMzpEYj59dul&amp;id=465093860312824&amp;eav=Afanqb6jASCENUiV01ScFKWXa74I_g_5o6TELOgIbuH1SapFqeisxZlLcbgX2ON_oss&amp;viewer=465093860312824&amp;m_entstream_source=timeline&amp;__tn__=%2As%2As-R&amp;paipv=1\" aria-label=\"Abrir historia\" class=\"_5msj\"><\/a><\/p>\n<p><a href=\"https:\/\/scontent.fuio15-1.fna.fbcdn.net\/v\/t39.30808-6\/273510251_2130024623819731_5043932629638064104_n.jpg?stp=dst-jpg_s720x720&#038;_nc_cat=100&#038;ccb=1-7&#038;_nc_sid=8bfeb9&#038;_nc_ohc=9GhLWcGbCBsAX_nlFY1&#038;_nc_ht=scontent.fuio15-1.fna&#038;oh=00_AfAyM_MOshOgO475Q5q5reYvpIU7FqRvJopU0lKK3uchrg&#038;oe=63D4882F\"><img decoding=\"async\" class=\"wp_automatic_fb_img\" title=\"\" src=\"https:\/\/scontent.fuio15-1.fna.fbcdn.net\/v\/t39.30808-6\/273510251_2130024623819731_5043932629638064104_n.jpg?stp=dst-jpg_s720x720&#038;_nc_cat=100&#038;ccb=1-7&#038;_nc_sid=8bfeb9&#038;_nc_ohc=9GhLWcGbCBsAX_nlFY1&#038;_nc_ht=scontent.fuio15-1.fna&#038;oh=00_AfAyM_MOshOgO475Q5q5reYvpIU7FqRvJopU0lKK3uchrg&#038;oe=63D4882F\" \/><\/a><\/p>\n","protected":false},"author":1,"featured_media":3356,"comment_status":"open","ping_status":"open","sticky":false,"template":"","format":"standard","meta":[],"categories":[1],"tags":[1101,27,24,182,202,251,236,734,41],"_links":{"self":[{"href":"https:\/\/bomberos.puyo.gob.ec\/2019\/wp-json\/wp\/v2\/posts\/3355"}],"collection":[{"href":"https:\/\/bomberos.puyo.gob.ec\/2019\/wp-json\/wp\/v2\/posts"}],"about":[{"href":"https:\/\/bomberos.puyo.gob.ec\/2019\/wp-json\/wp\/v2\/types\/post"}],"author":[{"embeddable":true,"href":"https:\/\/bomberos.puyo.gob.ec\/2019\/wp-json\/wp\/v2\/users\/1"}],"replies":[{"embeddable":true,"href":"https:\/\/bomberos.puyo.gob.ec\/2019\/wp-json\/wp\/v2\/comments?post=3355"}],"version-history":[{"count":1,"href":"https:\/\/bomberos.puyo.gob.ec\/2019\/wp-json\/wp\/v2\/posts\/3355\/revisions"}],"predecessor-version":[{"id":3357,"href":"https:\/\/bomberos.puyo.gob.ec\/2019\/wp-json\/wp\/v2\/posts\/3355\/revisions\/3357"}],"wp:featuredmedia":[{"embeddable":true,"href":"https:\/\/bomberos.puyo.gob.ec\/2019\/wp-json\/wp\/v2\/media\/3356"}],"wp:attachment":[{"href":"https:\/\/bomberos.puyo.gob.ec\/2019\/wp-json\/wp\/v2\/media?parent=3355"}],"wp:term":[{"taxonomy":"category","embeddable":true,"href":"https:\/\/bomberos.puyo.gob.ec\/2019\/wp-json\/wp\/v2\/categories?post=3355"},{"taxonomy":"post_tag","embeddable":true,"href":"https:\/\/bomberos.puyo.gob.ec\/2019\/wp-json\/wp\/v2\/tags?post=3355"}],"curies":[{"name":"wp","href":"https:\/\/api.w.org\/{rel}","templated":true}]}}