{"id":3350,"date":"2022-02-08T07:51:13","date_gmt":"2022-02-08T12:51:13","guid":{"rendered":"https:\/\/bomberos.puyo.gob.ec\/capacitacion-se-realiza-una-capacitacion-al-personal-de-la-compania-de-carg\/"},"modified":"2023-01-23T23:39:20","modified_gmt":"2023-01-24T04:39:20","slug":"capacitacion-se-realiza-una-capacitacion-al-personal-de-la-compania-de-carg","status":"publish","type":"post","link":"https:\/\/bomberos.puyo.gob.ec\/2019\/capacitacion-se-realiza-una-capacitacion-al-personal-de-la-compania-de-carg\/","title":{"rendered":"|CAPACITACI\u00d3N|\n Se realiza una capacitaci\u00f3n al personal de la Compa\u00f1\u00eda de carg&#8230;"},"content":{"rendered":"<div><span><\/p>\n<p>|CAPACITACI\u00d3N|<\/p>\n<p> Se realiza una capacitaci\u00f3n al personal de la Compa\u00f1\u00eda de carga liviana PASTAZE\u00d1ITA con los temas:<br \/> -Prevenci\u00f3n de Incendios<br \/> -Utilizaci\u00f3n de extintores con norma NFPA10, <br \/> -Incendios vehiculares.<\/p>\n<p><\/span><\/div>\n<p><a href=\"https:\/\/facebook.com\/story.php?story_fbid=pfbid0GxD2MfnT226Nzsx652CUgX232VdqHvH2UTeXB8iVc6Dic25NLgNqto7EngW4rmSPl&amp;id=465093860312824&amp;eav=AfbmWDlDS7-veysBqdyVMtPXczTAV7_Dr2tmRMCmD1nUaVSiXyVWmmSQh1R3LIS1abA&amp;viewer=465093860312824&amp;m_entstream_source=timeline&amp;__tn__=%2As%2As-R&amp;paipv=1\" aria-label=\"Abrir historia\" class=\"_5msj\"><\/a><\/p>\n<p><a href=\"https:\/\/bomberos.puyo.gob.ec\/2019\/wp-content\/uploads\/CAPACITACION-Se-realiza-una-capacitacion-al-personal-de-la-Compania.jpg\"><img decoding=\"async\" class=\"wp_automatic_fb_img\" title=\"\" src=\"https:\/\/bomberos.puyo.gob.ec\/2019\/wp-content\/uploads\/CAPACITACION-Se-realiza-una-capacitacion-al-personal-de-la-Compania.jpg\" \/><\/a><br \/>\n<br \/><a href=\"https:\/\/www.facebook.com\/465093860312824\/posts\/2130750660413794\">en facebook&#8230; <\/a>  <\/p>\n","protected":false},"excerpt":{"rendered":"<div><span><\/p>\n<p>|CAPACITACI\u00d3N|<\/p>\n<p> Se realiza una capacitaci\u00f3n al personal de la Compa\u00f1\u00eda de carga liviana PASTAZE\u00d1ITA con los temas:<br \/> -Prevenci\u00f3n de Incendios<br \/> -Utilizaci\u00f3n de extintores con norma NFPA10, <br \/> -Incendios vehiculares.<\/p>\n<p><\/span><\/div>\n<p><a href=\"https:\/\/facebook.com\/story.php?story_fbid=pfbid0GxD2MfnT226Nzsx652CUgX232VdqHvH2UTeXB8iVc6Dic25NLgNqto7EngW4rmSPl&amp;id=465093860312824&amp;eav=AfbmWDlDS7-veysBqdyVMtPXczTAV7_Dr2tmRMCmD1nUaVSiXyVWmmSQh1R3LIS1abA&amp;viewer=465093860312824&amp;m_entstream_source=timeline&amp;__tn__=%2As%2As-R&amp;paipv=1\" aria-label=\"Abrir historia\" class=\"_5msj\"><\/a><\/p>\n<p><a href=\"https:\/\/scontent.fuio15-1.fna.fbcdn.net\/v\/t39.30808-6\/273684759_2130750630413797_8123052791211932266_n.jpg?stp=dst-jpg_s720x720&#038;_nc_cat=105&#038;ccb=1-7&#038;_nc_sid=8bfeb9&#038;_nc_ohc=GPezoVja5nMAX-_3gNL&#038;_nc_ht=scontent.fuio15-1.fna&#038;oh=00_AfAaUJyF2q8Egv84BnhxKJpVTva37Q4vbN3OgxfcohPLIQ&#038;oe=63D4CC10\"><img decoding=\"async\" class=\"wp_automatic_fb_img\" title=\"\" src=\"https:\/\/scontent.fuio15-1.fna.fbcdn.net\/v\/t39.30808-6\/273684759_2130750630413797_8123052791211932266_n.jpg?stp=dst-jpg_s720x720&#038;_nc_cat=105&#038;ccb=1-7&#038;_nc_sid=8bfeb9&#038;_nc_ohc=GPezoVja5nMAX-_3gNL&#038;_nc_ht=scontent.fuio15-1.fna&#038;oh=00_AfAaUJyF2q8Egv84BnhxKJpVTva37Q4vbN3OgxfcohPLIQ&#038;oe=63D4CC10\" \/><\/a><\/p>\n","protected":false},"author":1,"featured_media":3097,"comment_status":"open","ping_status":"open","sticky":false,"template":"","format":"standard","meta":[],"categories":[1],"tags":[65,1103,1047,34,692,119],"_links":{"self":[{"href":"https:\/\/bomberos.puyo.gob.ec\/2019\/wp-json\/wp\/v2\/posts\/3350"}],"collection":[{"href":"https:\/\/bomberos.puyo.gob.ec\/2019\/wp-json\/wp\/v2\/posts"}],"about":[{"href":"https:\/\/bomberos.puyo.gob.ec\/2019\/wp-json\/wp\/v2\/types\/post"}],"author":[{"embeddable":true,"href":"https:\/\/bomberos.puyo.gob.ec\/2019\/wp-json\/wp\/v2\/users\/1"}],"replies":[{"embeddable":true,"href":"https:\/\/bomberos.puyo.gob.ec\/2019\/wp-json\/wp\/v2\/comments?post=3350"}],"version-history":[{"count":1,"href":"https:\/\/bomberos.puyo.gob.ec\/2019\/wp-json\/wp\/v2\/posts\/3350\/revisions"}],"predecessor-version":[{"id":3351,"href":"https:\/\/bomberos.puyo.gob.ec\/2019\/wp-json\/wp\/v2\/posts\/3350\/revisions\/3351"}],"wp:featuredmedia":[{"embeddable":true,"href":"https:\/\/bomberos.puyo.gob.ec\/2019\/wp-json\/wp\/v2\/media\/3097"}],"wp:attachment":[{"href":"https:\/\/bomberos.puyo.gob.ec\/2019\/wp-json\/wp\/v2\/media?parent=3350"}],"wp:term":[{"taxonomy":"category","embeddable":true,"href":"https:\/\/bomberos.puyo.gob.ec\/2019\/wp-json\/wp\/v2\/categories?post=3350"},{"taxonomy":"post_tag","embeddable":true,"href":"https:\/\/bomberos.puyo.gob.ec\/2019\/wp-json\/wp\/v2\/tags?post=3350"}],"curies":[{"name":"wp","href":"https:\/\/api.w.org\/{rel}","templated":true}]}}