{"id":3343,"date":"2022-02-11T00:40:39","date_gmt":"2022-02-11T05:40:39","guid":{"rendered":"https:\/\/bomberos.puyo.gob.ec\/incendio-estructural-el-dia-de-hoy-nuestra-unidad-contra-incendios-asiste-a\/"},"modified":"2023-01-09T07:09:50","modified_gmt":"2023-01-09T12:09:50","slug":"incendio-estructural-el-dia-de-hoy-nuestra-unidad-contra-incendios-asiste-a","status":"publish","type":"post","link":"https:\/\/bomberos.puyo.gob.ec\/2019\/incendio-estructural-el-dia-de-hoy-nuestra-unidad-contra-incendios-asiste-a\/","title":{"rendered":"|INCENDIO ESTRUCTURAL|\n El d\u00eda de hoy nuestra unidad CONTRA INCENDIOS asiste a&#8230;"},"content":{"rendered":"<div><span><\/p>\n<p>|INCENDIO ESTRUCTURAL|<\/p>\n<p> El d\u00eda de hoy nuestra unidad CONTRA INCENDIOS asiste a un incendio estructural en la Cdla. El Chofer, en la calle Chimborazo y Shushufindi, en el lugar del incendio se procede a realizar t\u00e9cnicas de sofocaci\u00f3n, control y ventilaci\u00f3n  dejando el lugar controlado y asegurado.<\/p>\n<p><\/span><\/div>\n<p><a href=\"https:\/\/facebook.com\/465093860312824\/posts\/pfbid02PPG2QpdJGKebSkKiCaVwvUzpVMVQ4v3xjSEqpq7NJaxqAzKvAKNy4EGb31o8benrl\/?viewer=465093860312824&amp;m_entstream_source=timeline&amp;__tn__=%2As%2As-R&amp;paipv=1&amp;eav=AfaYK1y3139Brz2tjvTVsRtYgXeNNAJ8U3MFzgeItEsqWWS55TOH8_y-nAuYh_vg0D8\" aria-label=\"Abrir historia\" class=\"_5msj\"><\/a><\/p>\n<p><a href=\"https:\/\/bomberos.puyo.gob.ec\/2019\/wp-content\/uploads\/INCENDIO-ESTRUCTURAL-El-dia-de-hoy-nuestra-unidad-CONTRA-INCENDIOS.jpg\"><img decoding=\"async\" class=\"wp_automatic_fb_img\" title=\"\" src=\"https:\/\/bomberos.puyo.gob.ec\/2019\/wp-content\/uploads\/INCENDIO-ESTRUCTURAL-El-dia-de-hoy-nuestra-unidad-CONTRA-INCENDIOS.jpg\" \/><\/a><br \/><a href=\"https:\/\/bomberos.puyo.gob.ec\/2019\/wp-content\/uploads\/1673266188_172_INCENDIO-ESTRUCTURAL-El-dia-de-hoy-nuestra-unidad-CONTRA-INCENDIOS.jpg\"><img decoding=\"async\" class=\"wp_automatic_fb_img\" title=\"\" src=\"https:\/\/bomberos.puyo.gob.ec\/2019\/wp-content\/uploads\/1673266188_172_INCENDIO-ESTRUCTURAL-El-dia-de-hoy-nuestra-unidad-CONTRA-INCENDIOS.jpg\" \/><\/a><br \/><a href=\"https:\/\/bomberos.puyo.gob.ec\/2019\/wp-content\/uploads\/1673266188_614_INCENDIO-ESTRUCTURAL-El-dia-de-hoy-nuestra-unidad-CONTRA-INCENDIOS.jpg\"><img decoding=\"async\" class=\"wp_automatic_fb_img\" title=\"\" src=\"https:\/\/bomberos.puyo.gob.ec\/2019\/wp-content\/uploads\/1673266188_614_INCENDIO-ESTRUCTURAL-El-dia-de-hoy-nuestra-unidad-CONTRA-INCENDIOS.jpg\" \/><\/a><br \/>\n<br \/><a href=\"https:\/\/www.facebook.com\/465093860312824\/posts\/2132719946883532\">en facebook&#8230; <\/a>  <\/p>\n","protected":false},"excerpt":{"rendered":"<div><span><\/p>\n<p>|INCENDIO ESTRUCTURAL|<\/p>\n<p> El d\u00eda de hoy nuestra unidad CONTRA INCENDIOS asiste a un incendio estructural en la Cdla. El Chofer, en la calle Chimborazo y Shushufindi, en el lugar del incendio se procede a realizar t\u00e9cnicas de sofocaci\u00f3n, control y ventilaci\u00f3n  dejando el lugar controlado y asegurado.<\/p>\n<p><\/span><\/div>\n<p><a href=\"https:\/\/facebook.com\/465093860312824\/posts\/pfbid02PPG2QpdJGKebSkKiCaVwvUzpVMVQ4v3xjSEqpq7NJaxqAzKvAKNy4EGb31o8benrl\/?viewer=465093860312824&amp;m_entstream_source=timeline&amp;__tn__=%2As%2As-R&amp;paipv=1&amp;eav=AfaYK1y3139Brz2tjvTVsRtYgXeNNAJ8U3MFzgeItEsqWWS55TOH8_y-nAuYh_vg0D8\" aria-label=\"Abrir historia\" class=\"_5msj\"><\/a><\/p>\n<p><a href=\"https:\/\/scontent.fuio15-1.fna.fbcdn.net\/v\/t39.30808-6\/273738624_2132719883550205_3918163890483452659_n.jpg?_nc_cat=102&#038;ccb=1-7&#038;_nc_sid=8bfeb9&#038;_nc_ohc=Cl3MOI-QUUwAX9_im8l&#038;_nc_ht=scontent.fuio15-1.fna&#038;oh=00_AfASICDsccEFiw5EF0cyU-54cc5a3cCX_ekr8lP5wqampw&#038;oe=63C0B583\"><img decoding=\"async\" class=\"wp_automatic_fb_img\" title=\"\" src=\"https:\/\/scontent.fuio15-1.fna.fbcdn.net\/v\/t39.30808-6\/273738624_2132719883550205_3918163890483452659_n.jpg?_nc_cat=102&#038;ccb=1-7&#038;_nc_sid=8bfeb9&#038;_nc_ohc=Cl3MOI-QUUwAX9_im8l&#038;_nc_ht=scontent.fuio15-1.fna&#038;oh=00_AfASICDsccEFiw5EF0cyU-54cc5a3cCX_ekr8lP5wqampw&#038;oe=63C0B583\" \/><\/a><br \/><a href=\"https:\/\/scontent.fuio15-1.fna.fbcdn.net\/v\/t39.30808-6\/273662444_2132719900216870_4355071118460307734_n.jpg?_nc_cat=103&#038;ccb=1-7&#038;_nc_sid=8bfeb9&#038;_nc_ohc=IvjZmjYHNtoAX-p54ia&#038;_nc_ht=scontent.fuio15-1.fna&#038;oh=00_AfDy6bmNMKmOO7SyMqtrB4_gBUHjtEC-zYFSkdMDc33VFQ&#038;oe=63C0B87E\"><img decoding=\"async\" class=\"wp_automatic_fb_img\" title=\"\" src=\"https:\/\/scontent.fuio15-1.fna.fbcdn.net\/v\/t39.30808-6\/273662444_2132719900216870_4355071118460307734_n.jpg?_nc_cat=103&#038;ccb=1-7&#038;_nc_sid=8bfeb9&#038;_nc_ohc=IvjZmjYHNtoAX-p54ia&#038;_nc_ht=scontent.fuio15-1.fna&#038;oh=00_AfDy6bmNMKmOO7SyMqtrB4_gBUHjtEC-zYFSkdMDc33VFQ&#038;oe=63C0B87E\" \/><\/a><br \/><a href=\"https:\/\/scontent.fuio15-1.fna.fbcdn.net\/v\/t39.30808-6\/273785096_2132719886883538_6719965701740940238_n.jpg?_nc_cat=110&#038;ccb=1-7&#038;_nc_sid=8bfeb9&#038;_nc_ohc=2mMkUwvxOOEAX8C4asp&#038;_nc_ht=scontent.fuio15-1.fna&#038;oh=00_AfAwPq_Tb-GkWLdqOqjhhVQ4_R26EsHU1beIT-rJvv0T_g&#038;oe=63C11697\"><img decoding=\"async\" class=\"wp_automatic_fb_img\" title=\"\" src=\"https:\/\/scontent.fuio15-1.fna.fbcdn.net\/v\/t39.30808-6\/273785096_2132719886883538_6719965701740940238_n.jpg?_nc_cat=110&#038;ccb=1-7&#038;_nc_sid=8bfeb9&#038;_nc_ohc=2mMkUwvxOOEAX8C4asp&#038;_nc_ht=scontent.fuio15-1.fna&#038;oh=00_AfAwPq_Tb-GkWLdqOqjhhVQ4_R26EsHU1beIT-rJvv0T_g&#038;oe=63C11697\" \/><\/a><\/p>\n","protected":false},"author":1,"featured_media":3344,"comment_status":"open","ping_status":"open","sticky":false,"template":"","format":"standard","meta":[],"categories":[1],"tags":[1101,203,308,24,917,202,46,309,236,41],"_links":{"self":[{"href":"https:\/\/bomberos.puyo.gob.ec\/2019\/wp-json\/wp\/v2\/posts\/3343"}],"collection":[{"href":"https:\/\/bomberos.puyo.gob.ec\/2019\/wp-json\/wp\/v2\/posts"}],"about":[{"href":"https:\/\/bomberos.puyo.gob.ec\/2019\/wp-json\/wp\/v2\/types\/post"}],"author":[{"embeddable":true,"href":"https:\/\/bomberos.puyo.gob.ec\/2019\/wp-json\/wp\/v2\/users\/1"}],"replies":[{"embeddable":true,"href":"https:\/\/bomberos.puyo.gob.ec\/2019\/wp-json\/wp\/v2\/comments?post=3343"}],"version-history":[{"count":1,"href":"https:\/\/bomberos.puyo.gob.ec\/2019\/wp-json\/wp\/v2\/posts\/3343\/revisions"}],"predecessor-version":[{"id":3345,"href":"https:\/\/bomberos.puyo.gob.ec\/2019\/wp-json\/wp\/v2\/posts\/3343\/revisions\/3345"}],"wp:featuredmedia":[{"embeddable":true,"href":"https:\/\/bomberos.puyo.gob.ec\/2019\/wp-json\/wp\/v2\/media\/3344"}],"wp:attachment":[{"href":"https:\/\/bomberos.puyo.gob.ec\/2019\/wp-json\/wp\/v2\/media?parent=3343"}],"wp:term":[{"taxonomy":"category","embeddable":true,"href":"https:\/\/bomberos.puyo.gob.ec\/2019\/wp-json\/wp\/v2\/categories?post=3343"},{"taxonomy":"post_tag","embeddable":true,"href":"https:\/\/bomberos.puyo.gob.ec\/2019\/wp-json\/wp\/v2\/tags?post=3343"}],"curies":[{"name":"wp","href":"https:\/\/api.w.org\/{rel}","templated":true}]}}