{"id":3335,"date":"2022-02-13T11:37:22","date_gmt":"2022-02-13T16:37:22","guid":{"rendered":"https:\/\/bomberos.puyo.gob.ec\/agresion-fisica-por-llamado-del-ecu-911-la-unidad-a5-se-dirigio-al-km2-1-2\/"},"modified":"2023-01-09T02:48:42","modified_gmt":"2023-01-09T07:48:42","slug":"agresion-fisica-por-llamado-del-ecu-911-la-unidad-a5-se-dirigio-al-km2-1-2","status":"publish","type":"post","link":"https:\/\/bomberos.puyo.gob.ec\/2019\/agresion-fisica-por-llamado-del-ecu-911-la-unidad-a5-se-dirigio-al-km2-1-2\/","title":{"rendered":"|AGRESI\u00d3N F\u00cdSICA|\n Por llamado del #Ecu-911 la unidad A5 se dirigi\u00f3 al km2 1\/2&#8230;"},"content":{"rendered":"<div><span data-sigil=\"expose\"><\/p>\n<p>|AGRESI\u00d3N F\u00cdSICA|<\/p>\n<p> Por llamado del <a class=\"_5ayv _qdx\" href=\"https:\/\/facebook.com\/hashtag\/ecu?__tn__=%2As-R&amp;paipv=1&amp;eav=AfZC_-mxwKb2jc1yzAvSLcPMj759Dy9rXPdvttBNpB55yHVo4fJZB5e_T3_BwY7ID00\"><span class=\"_5aw4 _qdz\">#Ecu<\/span><\/a>-911 la unidad A5 se dirigi\u00f3 al km2 1\/2 a las calles 20 de julio y paso lateral en el lugar se atiende a un paciente de nombre: C. C. de 57 a\u00f1os de edad, mismo que presenta<\/span><span class=\"text_exposed_show\">  alitosis similar alcohol m\u00e1s una herida cortante en la cabeza regi\u00f3n parietal, luego de la respectiva valoraci\u00f3n es atendido en el lugar puesto que se niega a que se lo traslade a una casa de salud, quedando a cargo Polic\u00eda Nacional.<\/span><\/p>\n<div class=\"text_exposed_show\"><\/div>\n<p><\/span><\/div>\n<p><a href=\"https:\/\/facebook.com\/465093860312824\/posts\/pfbid02oL5tyPELBQ52FJtgZZeHjbZVoYKEveYLmZ7EbxXkGH69UUsj3e5a7r1qRGkxrPYXl\/?viewer=465093860312824&amp;m_entstream_source=timeline&amp;__tn__=%2As%2As-R&amp;paipv=1&amp;eav=Afa3YoXmuLIBzybuVTYu4N_6agzaBFUnEV-JqzLwQICYXOWkEU3L_GU3sHGX5RwyX0g\" aria-label=\"Abrir historia\" class=\"_5msj\"><\/a><\/p>\n<p><a href=\"https:\/\/bomberos.puyo.gob.ec\/2019\/wp-content\/uploads\/AGRESION-FISICA-Por-llamado-del-Ecu-911-la-unidad-A5-se.jpg\"><img decoding=\"async\" class=\"wp_automatic_fb_img\" title=\"\" src=\"https:\/\/bomberos.puyo.gob.ec\/2019\/wp-content\/uploads\/AGRESION-FISICA-Por-llamado-del-Ecu-911-la-unidad-A5-se.jpg\" \/><\/a><br \/>\n<br \/><a href=\"https:\/\/www.facebook.com\/465093860312824\/posts\/2134568310032029\">en facebook&#8230; <\/a>  <\/p>\n","protected":false},"excerpt":{"rendered":"<div><span data-sigil=\"expose\"><\/p>\n<p>|AGRESI\u00d3N F\u00cdSICA|<\/p>\n<p> Por llamado del <a class=\"_5ayv _qdx\" href=\"https:\/\/facebook.com\/hashtag\/ecu?__tn__=%2As-R&amp;paipv=1&amp;eav=AfZC_-mxwKb2jc1yzAvSLcPMj759Dy9rXPdvttBNpB55yHVo4fJZB5e_T3_BwY7ID00\"><span class=\"_5aw4 _qdz\">#Ecu<\/span><\/a>-911 la unidad A5 se dirigi\u00f3 al km2 1\/2 a las calles 20 de julio y paso lateral en el lugar se atiende a un paciente de nombre: C. C. de 57 a\u00f1os de edad, mismo que presenta<\/span><span class=\"text_exposed_show\">  alitosis similar alcohol m\u00e1s una herida cortante en la cabeza regi\u00f3n parietal, luego de la respectiva valoraci\u00f3n es atendido en el lugar puesto que se niega a que se lo traslade a una casa de salud, quedando a cargo Polic\u00eda Nacional.<\/span><\/p>\n<div class=\"text_exposed_show\"><\/div>\n<p><\/span><\/div>\n<p><a href=\"https:\/\/facebook.com\/465093860312824\/posts\/pfbid02oL5tyPELBQ52FJtgZZeHjbZVoYKEveYLmZ7EbxXkGH69UUsj3e5a7r1qRGkxrPYXl\/?viewer=465093860312824&amp;m_entstream_source=timeline&amp;__tn__=%2As%2As-R&amp;paipv=1&amp;eav=Afa3YoXmuLIBzybuVTYu4N_6agzaBFUnEV-JqzLwQICYXOWkEU3L_GU3sHGX5RwyX0g\" aria-label=\"Abrir historia\" class=\"_5msj\"><\/a><\/p>\n<p><a href=\"https:\/\/scontent.fuio15-1.fna.fbcdn.net\/v\/t39.30808-6\/273873840_2134568283365365_4233169153333401546_n.jpg?stp=dst-jpg_s720x720&#038;_nc_cat=104&#038;ccb=1-7&#038;_nc_sid=8bfeb9&#038;_nc_ohc=0FgmWsdf2ngAX920JfO&#038;_nc_ht=scontent.fuio15-1.fna&#038;oh=00_AfBcgsSRFMrn2RskQ8ItESvVE0n9_FmRwjuKpdgnECxdHg&#038;oe=63C002CB\"><img decoding=\"async\" class=\"wp_automatic_fb_img\" title=\"\" src=\"https:\/\/scontent.fuio15-1.fna.fbcdn.net\/v\/t39.30808-6\/273873840_2134568283365365_4233169153333401546_n.jpg?stp=dst-jpg_s720x720&#038;_nc_cat=104&#038;ccb=1-7&#038;_nc_sid=8bfeb9&#038;_nc_ohc=0FgmWsdf2ngAX920JfO&#038;_nc_ht=scontent.fuio15-1.fna&#038;oh=00_AfBcgsSRFMrn2RskQ8ItESvVE0n9_FmRwjuKpdgnECxdHg&#038;oe=63C002CB\" \/><\/a><\/p>\n","protected":false},"author":1,"featured_media":3336,"comment_status":"open","ping_status":"open","sticky":false,"template":"","format":"standard","meta":[],"categories":[1],"tags":[1099,1096,32,722,33,69,1097,1098,31,30,41],"_links":{"self":[{"href":"https:\/\/bomberos.puyo.gob.ec\/2019\/wp-json\/wp\/v2\/posts\/3335"}],"collection":[{"href":"https:\/\/bomberos.puyo.gob.ec\/2019\/wp-json\/wp\/v2\/posts"}],"about":[{"href":"https:\/\/bomberos.puyo.gob.ec\/2019\/wp-json\/wp\/v2\/types\/post"}],"author":[{"embeddable":true,"href":"https:\/\/bomberos.puyo.gob.ec\/2019\/wp-json\/wp\/v2\/users\/1"}],"replies":[{"embeddable":true,"href":"https:\/\/bomberos.puyo.gob.ec\/2019\/wp-json\/wp\/v2\/comments?post=3335"}],"version-history":[{"count":1,"href":"https:\/\/bomberos.puyo.gob.ec\/2019\/wp-json\/wp\/v2\/posts\/3335\/revisions"}],"predecessor-version":[{"id":3337,"href":"https:\/\/bomberos.puyo.gob.ec\/2019\/wp-json\/wp\/v2\/posts\/3335\/revisions\/3337"}],"wp:featuredmedia":[{"embeddable":true,"href":"https:\/\/bomberos.puyo.gob.ec\/2019\/wp-json\/wp\/v2\/media\/3336"}],"wp:attachment":[{"href":"https:\/\/bomberos.puyo.gob.ec\/2019\/wp-json\/wp\/v2\/media?parent=3335"}],"wp:term":[{"taxonomy":"category","embeddable":true,"href":"https:\/\/bomberos.puyo.gob.ec\/2019\/wp-json\/wp\/v2\/categories?post=3335"},{"taxonomy":"post_tag","embeddable":true,"href":"https:\/\/bomberos.puyo.gob.ec\/2019\/wp-json\/wp\/v2\/tags?post=3335"}],"curies":[{"name":"wp","href":"https:\/\/api.w.org\/{rel}","templated":true}]}}