{"id":3333,"date":"2022-02-15T13:19:42","date_gmt":"2022-02-15T18:19:42","guid":{"rendered":"https:\/\/bomberos.puyo.gob.ec\/emergencia-medica-por-llamado-del-ecu-911-la-unidad-a5-se-dirigio-a-la-pa\/"},"modified":"2023-01-09T01:44:43","modified_gmt":"2023-01-09T06:44:43","slug":"emergencia-medica-por-llamado-del-ecu-911-la-unidad-a5-se-dirigio-a-la-pa","status":"publish","type":"post","link":"https:\/\/bomberos.puyo.gob.ec\/2019\/emergencia-medica-por-llamado-del-ecu-911-la-unidad-a5-se-dirigio-a-la-pa\/","title":{"rendered":"|EMERGENCIA M\u00c9DICA|\n Por llamado del #Ecu-911, la unidad A5 se dirigi\u00f3 a la pa&#8230;"},"content":{"rendered":"<div><span><\/p>\n<p>|EMERGENCIA M\u00c9DICA|<\/p>\n<p> Por llamado del <a class=\"_5ayv _qdx\" href=\"https:\/\/facebook.com\/hashtag\/ecu?__tn__=%2As-R&amp;paipv=1&amp;eav=AfbsMCciiIkiSyMLYpNniBaRk6cQ-gzIbpsUgDLiQyIeNkVDWKMMlu0ZeeXc-StvRu4\"><span class=\"_5aw4 _qdz\">#Ecu<\/span><\/a>-911, la unidad A5 se dirigi\u00f3 a la parroquia Tarqui, en el lugar se atendi\u00f3 a una paciente de nombre: H. C. K. de 13 a\u00f1os de edad, misma que presenta  Labor de parto a termino, luego de la respectiva valoraci\u00f3n es trasladada al Hospital  General Puyo, donde la recibe el m\u00e9dico de turno.<\/p>\n<p><\/span><\/div>\n<p><a href=\"https:\/\/facebook.com\/465093860312824\/posts\/pfbid02aQ2gSE56JD9eLhKomX6dmNWxwrM51d5FNik7EaHVmQi2ZtUj8nbp6uDgB5rYTXBul\/?viewer=465093860312824&amp;m_entstream_source=timeline&amp;__tn__=%2As%2As-R&amp;paipv=1&amp;eav=AfakbFzZQfj7ipbg3Slzi4oC-Z94BJvKGIKTf4ER3lZ67ciLKZKu0DO57YgRNlThxVY\" aria-label=\"Abrir historia\" class=\"_5msj\"><\/a><\/p>\n<p><a href=\"https:\/\/bomberos.puyo.gob.ec\/2019\/wp-content\/uploads\/EMERGENCIA-MEDICA-Por-llamado-del-Ecu-911-la-unidad-A5-se.jpg\"><img decoding=\"async\" class=\"wp_automatic_fb_img\" title=\"\" src=\"https:\/\/bomberos.puyo.gob.ec\/2019\/wp-content\/uploads\/EMERGENCIA-MEDICA-Por-llamado-del-Ecu-911-la-unidad-A5-se.jpg\" \/><\/a><br \/>\n<br \/><a href=\"https:\/\/www.facebook.com\/465093860312824\/posts\/2136134589875401\">en facebook&#8230; <\/a>  <\/p>\n","protected":false},"excerpt":{"rendered":"<div><span><\/p>\n<p>|EMERGENCIA M\u00c9DICA|<\/p>\n<p> Por llamado del <a class=\"_5ayv _qdx\" href=\"https:\/\/facebook.com\/hashtag\/ecu?__tn__=%2As-R&amp;paipv=1&amp;eav=AfbsMCciiIkiSyMLYpNniBaRk6cQ-gzIbpsUgDLiQyIeNkVDWKMMlu0ZeeXc-StvRu4\"><span class=\"_5aw4 _qdz\">#Ecu<\/span><\/a>-911, la unidad A5 se dirigi\u00f3 a la parroquia Tarqui, en el lugar se atendi\u00f3 a una paciente de nombre: H. C. K. de 13 a\u00f1os de edad, misma que presenta  Labor de parto a termino, luego de la respectiva valoraci\u00f3n es trasladada al Hospital  General Puyo, donde la recibe el m\u00e9dico de turno.<\/p>\n<p><\/span><\/div>\n<p><a href=\"https:\/\/facebook.com\/465093860312824\/posts\/pfbid02aQ2gSE56JD9eLhKomX6dmNWxwrM51d5FNik7EaHVmQi2ZtUj8nbp6uDgB5rYTXBul\/?viewer=465093860312824&amp;m_entstream_source=timeline&amp;__tn__=%2As%2As-R&amp;paipv=1&amp;eav=AfakbFzZQfj7ipbg3Slzi4oC-Z94BJvKGIKTf4ER3lZ67ciLKZKu0DO57YgRNlThxVY\" aria-label=\"Abrir historia\" class=\"_5msj\"><\/a><\/p>\n<p><a href=\"https:\/\/scontent.fuio15-1.fna.fbcdn.net\/v\/t39.30808-6\/274030176_2136134563208737_3033544572857010965_n.jpg?stp=dst-jpg_s600x600&#038;_nc_cat=109&#038;ccb=1-7&#038;_nc_sid=8bfeb9&#038;_nc_ohc=puSjdPNkVlQAX85YZjR&#038;_nc_ht=scontent.fuio15-1.fna&#038;oh=00_AfB8ySiABS7bZzNltreCm0O9E5k7u0yGR0VZhxOoNbPkGg&#038;oe=63C012FC\"><img decoding=\"async\" class=\"wp_automatic_fb_img\" title=\"\" src=\"https:\/\/scontent.fuio15-1.fna.fbcdn.net\/v\/t39.30808-6\/274030176_2136134563208737_3033544572857010965_n.jpg?stp=dst-jpg_s600x600&#038;_nc_cat=109&#038;ccb=1-7&#038;_nc_sid=8bfeb9&#038;_nc_ohc=puSjdPNkVlQAX85YZjR&#038;_nc_ht=scontent.fuio15-1.fna&#038;oh=00_AfB8ySiABS7bZzNltreCm0O9E5k7u0yGR0VZhxOoNbPkGg&#038;oe=63C012FC\" \/><\/a><\/p>\n","protected":false},"author":1,"featured_media":2487,"comment_status":"open","ping_status":"open","sticky":false,"template":"","format":"standard","meta":[],"categories":[1],"tags":[32,722,33,69,182,31,251,932,30,41],"_links":{"self":[{"href":"https:\/\/bomberos.puyo.gob.ec\/2019\/wp-json\/wp\/v2\/posts\/3333"}],"collection":[{"href":"https:\/\/bomberos.puyo.gob.ec\/2019\/wp-json\/wp\/v2\/posts"}],"about":[{"href":"https:\/\/bomberos.puyo.gob.ec\/2019\/wp-json\/wp\/v2\/types\/post"}],"author":[{"embeddable":true,"href":"https:\/\/bomberos.puyo.gob.ec\/2019\/wp-json\/wp\/v2\/users\/1"}],"replies":[{"embeddable":true,"href":"https:\/\/bomberos.puyo.gob.ec\/2019\/wp-json\/wp\/v2\/comments?post=3333"}],"version-history":[{"count":1,"href":"https:\/\/bomberos.puyo.gob.ec\/2019\/wp-json\/wp\/v2\/posts\/3333\/revisions"}],"predecessor-version":[{"id":3334,"href":"https:\/\/bomberos.puyo.gob.ec\/2019\/wp-json\/wp\/v2\/posts\/3333\/revisions\/3334"}],"wp:featuredmedia":[{"embeddable":true,"href":"https:\/\/bomberos.puyo.gob.ec\/2019\/wp-json\/wp\/v2\/media\/2487"}],"wp:attachment":[{"href":"https:\/\/bomberos.puyo.gob.ec\/2019\/wp-json\/wp\/v2\/media?parent=3333"}],"wp:term":[{"taxonomy":"category","embeddable":true,"href":"https:\/\/bomberos.puyo.gob.ec\/2019\/wp-json\/wp\/v2\/categories?post=3333"},{"taxonomy":"post_tag","embeddable":true,"href":"https:\/\/bomberos.puyo.gob.ec\/2019\/wp-json\/wp\/v2\/tags?post=3333"}],"curies":[{"name":"wp","href":"https:\/\/api.w.org\/{rel}","templated":true}]}}