{"id":3330,"date":"2022-02-16T00:16:11","date_gmt":"2022-02-16T05:16:11","guid":{"rendered":"https:\/\/bomberos.puyo.gob.ec\/corte-de-arbol-por-llamado-de-ecu911-la-unidad-b3-y-b1-se-dirigieron-al-b\/"},"modified":"2023-01-09T00:42:10","modified_gmt":"2023-01-09T05:42:10","slug":"corte-de-arbol-por-llamado-de-ecu911-la-unidad-b3-y-b1-se-dirigieron-al-b","status":"publish","type":"post","link":"https:\/\/bomberos.puyo.gob.ec\/2019\/corte-de-arbol-por-llamado-de-ecu911-la-unidad-b3-y-b1-se-dirigieron-al-b\/","title":{"rendered":"|CORTE DE \u00c1RBOL| \n Por llamado de Ecu911, la unidad B3 y B1 se dirigieron al b&#8230;"},"content":{"rendered":"<p>|CORTE DE \u00c1RBOL|\ud83c\udf33<br \/>\n Por llamado de Ecu911, la unidad B3 y B1 se dirigieron al barrio Vasconez Sevilla, en el lugar se procede a realizar el corte de un \u00e1rbol, mismo que presentaba un alto nivel de riesgo de caer sobre, una vivienda y el tendido el\u00e9ctrico, una vez cortado se deja seguro el sitio retirando todos los restos del \u00e1rbol.<\/p>\n<p><a href=\"https:\/\/facebook.com\/465093860312824\/posts\/pfbid0XCoxfiwVDPdJJ1zbaire1Ma8FHj2TCuXbXFs47kbZRnPt6MiSiZ8m8FJNR6MrtUrl\/?viewer=465093860312824&amp;m_entstream_source=timeline&amp;__tn__=%2As%2As-R&amp;paipv=1&amp;eav=Afbqc1u4lAgilH7aMKcRFDXr_JCOYApngs2C642-a7CcU9y9R1nWJKrkm70kvAsP2iU\" aria-label=\"Abrir historia\" class=\"_5msj\"><\/a><\/p>\n<p><a href=\"https:\/\/bomberos.puyo.gob.ec\/2019\/wp-content\/uploads\/CORTE-DE-ARBOL-Por-llamado-de-Ecu911-la-unidad-B3.jpg\"><img decoding=\"async\" class=\"wp_automatic_fb_img\" title=\"\" src=\"https:\/\/bomberos.puyo.gob.ec\/2019\/wp-content\/uploads\/CORTE-DE-ARBOL-Por-llamado-de-Ecu911-la-unidad-B3.jpg\" \/><\/a><br \/><a href=\"https:\/\/bomberos.puyo.gob.ec\/2019\/wp-content\/uploads\/1673242929_874_CORTE-DE-ARBOL-Por-llamado-de-Ecu911-la-unidad-B3.jpg\"><img decoding=\"async\" class=\"wp_automatic_fb_img\" title=\"\" src=\"https:\/\/bomberos.puyo.gob.ec\/2019\/wp-content\/uploads\/1673242929_874_CORTE-DE-ARBOL-Por-llamado-de-Ecu911-la-unidad-B3.jpg\" \/><\/a><br \/>\n<br \/><a href=\"https:\/\/www.facebook.com\/465093860312824\/posts\/2136451173177076\">en facebook&#8230; <\/a>  <\/p>\n","protected":false},"excerpt":{"rendered":"<p>|CORTE DE \u00c1RBOL|\ud83c\udf33<br \/>\n Por llamado de Ecu911, la unidad B3 y B1 se dirigieron al barrio Vasconez Sevilla, en el lugar se procede a realizar el corte de un \u00e1rbol, mismo que presentaba un alto nivel de riesgo de caer sobre, una vivienda y el tendido el\u00e9ctrico, una vez cortado se deja seguro el sitio retirando todos los restos del \u00e1rbol.<\/p>\n<p><a href=\"https:\/\/facebook.com\/465093860312824\/posts\/pfbid0XCoxfiwVDPdJJ1zbaire1Ma8FHj2TCuXbXFs47kbZRnPt6MiSiZ8m8FJNR6MrtUrl\/?viewer=465093860312824&amp;m_entstream_source=timeline&amp;__tn__=%2As%2As-R&amp;paipv=1&amp;eav=Afbqc1u4lAgilH7aMKcRFDXr_JCOYApngs2C642-a7CcU9y9R1nWJKrkm70kvAsP2iU\" aria-label=\"Abrir historia\" class=\"_5msj\"><\/a><\/p>\n<p><a href=\"https:\/\/scontent.fuio15-1.fna.fbcdn.net\/v\/t39.30808-6\/274090750_2136451129843747_5001955379348694437_n.jpg?_nc_cat=108&#038;ccb=1-7&#038;_nc_sid=8bfeb9&#038;_nc_ohc=LQ_JHBnxJKQAX-Z7hdQ&#038;_nc_ht=scontent.fuio15-1.fna&#038;oh=00_AfD_YLG5YhZBsGZSe_fKYYsUqzYz-2WyjerXmCjYUcOGvA&#038;oe=63C19476\"><img decoding=\"async\" class=\"wp_automatic_fb_img\" title=\"\" src=\"https:\/\/scontent.fuio15-1.fna.fbcdn.net\/v\/t39.30808-6\/274090750_2136451129843747_5001955379348694437_n.jpg?_nc_cat=108&#038;ccb=1-7&#038;_nc_sid=8bfeb9&#038;_nc_ohc=LQ_JHBnxJKQAX-Z7hdQ&#038;_nc_ht=scontent.fuio15-1.fna&#038;oh=00_AfD_YLG5YhZBsGZSe_fKYYsUqzYz-2WyjerXmCjYUcOGvA&#038;oe=63C19476\" \/><\/a><br \/><a href=\"https:\/\/scontent.fuio15-1.fna.fbcdn.net\/v\/t39.30808-6\/274086960_2136451133177080_4378603537902854343_n.jpg?_nc_cat=108&#038;ccb=1-7&#038;_nc_sid=8bfeb9&#038;_nc_ohc=Q7O7aS_6MIAAX_fRTTg&#038;_nc_ht=scontent.fuio15-1.fna&#038;oh=00_AfCaTvtWqMlFZzArU4m9w9CaB2hajxEhebjDRB0gTfpDvw&#038;oe=63C01DEC\"><img decoding=\"async\" class=\"wp_automatic_fb_img\" title=\"\" src=\"https:\/\/scontent.fuio15-1.fna.fbcdn.net\/v\/t39.30808-6\/274086960_2136451133177080_4378603537902854343_n.jpg?_nc_cat=108&#038;ccb=1-7&#038;_nc_sid=8bfeb9&#038;_nc_ohc=Q7O7aS_6MIAAX_fRTTg&#038;_nc_ht=scontent.fuio15-1.fna&#038;oh=00_AfCaTvtWqMlFZzArU4m9w9CaB2hajxEhebjDRB0gTfpDvw&#038;oe=63C01DEC\" \/><\/a><\/p>\n","protected":false},"author":1,"featured_media":3331,"comment_status":"open","ping_status":"open","sticky":false,"template":"","format":"standard","meta":[],"categories":[1],"tags":[760,1095,759,924,69,31,30,41],"_links":{"self":[{"href":"https:\/\/bomberos.puyo.gob.ec\/2019\/wp-json\/wp\/v2\/posts\/3330"}],"collection":[{"href":"https:\/\/bomberos.puyo.gob.ec\/2019\/wp-json\/wp\/v2\/posts"}],"about":[{"href":"https:\/\/bomberos.puyo.gob.ec\/2019\/wp-json\/wp\/v2\/types\/post"}],"author":[{"embeddable":true,"href":"https:\/\/bomberos.puyo.gob.ec\/2019\/wp-json\/wp\/v2\/users\/1"}],"replies":[{"embeddable":true,"href":"https:\/\/bomberos.puyo.gob.ec\/2019\/wp-json\/wp\/v2\/comments?post=3330"}],"version-history":[{"count":1,"href":"https:\/\/bomberos.puyo.gob.ec\/2019\/wp-json\/wp\/v2\/posts\/3330\/revisions"}],"predecessor-version":[{"id":3332,"href":"https:\/\/bomberos.puyo.gob.ec\/2019\/wp-json\/wp\/v2\/posts\/3330\/revisions\/3332"}],"wp:featuredmedia":[{"embeddable":true,"href":"https:\/\/bomberos.puyo.gob.ec\/2019\/wp-json\/wp\/v2\/media\/3331"}],"wp:attachment":[{"href":"https:\/\/bomberos.puyo.gob.ec\/2019\/wp-json\/wp\/v2\/media?parent=3330"}],"wp:term":[{"taxonomy":"category","embeddable":true,"href":"https:\/\/bomberos.puyo.gob.ec\/2019\/wp-json\/wp\/v2\/categories?post=3330"},{"taxonomy":"post_tag","embeddable":true,"href":"https:\/\/bomberos.puyo.gob.ec\/2019\/wp-json\/wp\/v2\/tags?post=3330"}],"curies":[{"name":"wp","href":"https:\/\/api.w.org\/{rel}","templated":true}]}}