{"id":3324,"date":"2022-02-16T21:39:20","date_gmt":"2022-02-17T02:39:20","guid":{"rendered":"https:\/\/bomberos.puyo.gob.ec\/capacitacion-en-la-manana-de-hoy-personal-del-cuerpo-de-bomberos-se-traslad\/"},"modified":"2023-01-08T21:26:48","modified_gmt":"2023-01-09T02:26:48","slug":"capacitacion-en-la-manana-de-hoy-personal-del-cuerpo-de-bomberos-se-traslad","status":"publish","type":"post","link":"https:\/\/bomberos.puyo.gob.ec\/2019\/capacitacion-en-la-manana-de-hoy-personal-del-cuerpo-de-bomberos-se-traslad\/","title":{"rendered":"|CAPACITACI\u00d3N|\n En la ma\u00f1ana de hoy personal del Cuerpo de Bomberos se traslad&#8230;"},"content":{"rendered":"<div><span><\/p>\n<p>|CAPACITACI\u00d3N|<\/p>\n<p> En la ma\u00f1ana de hoy personal del Cuerpo de Bomberos se traslad\u00f3 hasta la parroquia Sim\u00f3n Bol\u00edvar para impartir una capacitaci\u00f3n con el tema: \u201cPrimeros Auxilios\u201d a los docentes y alumnos de la Unidad Educativa Musullacta<\/p>\n<p><\/span><\/div>\n<p><a href=\"https:\/\/facebook.com\/465093860312824\/posts\/pfbid0A6TQ3cc9GLyRmdgSLhncBZ7T1X6UagnPYHVqwzDqUmVqCU1RnhrY3Sb5yaxyL6yjl\/?viewer=465093860312824&amp;m_entstream_source=timeline&amp;__tn__=%2As%2As-R&amp;paipv=1&amp;eav=AfbpmwNR6gJwH03-DsImtLMF4G4Is7aIcHTqfvaKUg7bSB5TiwdsMtEwPZVhdmSzEYA\" aria-label=\"Abrir historia\" class=\"_5msj\"><\/a><\/p>\n<p><a href=\"https:\/\/bomberos.puyo.gob.ec\/2019\/wp-content\/uploads\/CAPACITACION-En-la-manana-de-hoy-personal-del-Cuerpo-de.jpg\"><img decoding=\"async\" class=\"wp_automatic_fb_img\" title=\"\" src=\"https:\/\/bomberos.puyo.gob.ec\/2019\/wp-content\/uploads\/CAPACITACION-En-la-manana-de-hoy-personal-del-Cuerpo-de.jpg\" \/><\/a><br \/>\n<br \/><a href=\"https:\/\/www.facebook.com\/465093860312824\/posts\/2137112196444307\">en facebook&#8230; <\/a>  <\/p>\n","protected":false},"excerpt":{"rendered":"<div><span><\/p>\n<p>|CAPACITACI\u00d3N|<\/p>\n<p> En la ma\u00f1ana de hoy personal del Cuerpo de Bomberos se traslad\u00f3 hasta la parroquia Sim\u00f3n Bol\u00edvar para impartir una capacitaci\u00f3n con el tema: \u201cPrimeros Auxilios\u201d a los docentes y alumnos de la Unidad Educativa Musullacta<\/p>\n<p><\/span><\/div>\n<p><a href=\"https:\/\/facebook.com\/465093860312824\/posts\/pfbid0A6TQ3cc9GLyRmdgSLhncBZ7T1X6UagnPYHVqwzDqUmVqCU1RnhrY3Sb5yaxyL6yjl\/?viewer=465093860312824&amp;m_entstream_source=timeline&amp;__tn__=%2As%2As-R&amp;paipv=1&amp;eav=AfbpmwNR6gJwH03-DsImtLMF4G4Is7aIcHTqfvaKUg7bSB5TiwdsMtEwPZVhdmSzEYA\" aria-label=\"Abrir historia\" class=\"_5msj\"><\/a><\/p>\n<p><a href=\"https:\/\/scontent.fuio15-1.fna.fbcdn.net\/v\/t39.30808-6\/274085897_2137112156444311_8117260667650050414_n.jpg?stp=dst-jpg_s640x640&#038;_nc_cat=107&#038;ccb=1-7&#038;_nc_sid=8bfeb9&#038;_nc_ohc=Yrusn-GMv84AX_xTR29&#038;_nc_ht=scontent.fuio15-1.fna&#038;oh=00_AfBQ69MdRTM3SLVYuVV-cjjRRqdT1vg3Zm4oZkE5rxxxNA&#038;oe=63BF950E\"><img decoding=\"async\" class=\"wp_automatic_fb_img\" title=\"\" src=\"https:\/\/scontent.fuio15-1.fna.fbcdn.net\/v\/t39.30808-6\/274085897_2137112156444311_8117260667650050414_n.jpg?stp=dst-jpg_s640x640&#038;_nc_cat=107&#038;ccb=1-7&#038;_nc_sid=8bfeb9&#038;_nc_ohc=Yrusn-GMv84AX_xTR29&#038;_nc_ht=scontent.fuio15-1.fna&#038;oh=00_AfBQ69MdRTM3SLVYuVV-cjjRRqdT1vg3Zm4oZkE5rxxxNA&#038;oe=63BF950E\" \/><\/a><\/p>\n","protected":false},"author":1,"featured_media":3325,"comment_status":"open","ping_status":"open","sticky":false,"template":"","format":"standard","meta":[],"categories":[1],"tags":[73,65,64,32,202,856,34,476],"_links":{"self":[{"href":"https:\/\/bomberos.puyo.gob.ec\/2019\/wp-json\/wp\/v2\/posts\/3324"}],"collection":[{"href":"https:\/\/bomberos.puyo.gob.ec\/2019\/wp-json\/wp\/v2\/posts"}],"about":[{"href":"https:\/\/bomberos.puyo.gob.ec\/2019\/wp-json\/wp\/v2\/types\/post"}],"author":[{"embeddable":true,"href":"https:\/\/bomberos.puyo.gob.ec\/2019\/wp-json\/wp\/v2\/users\/1"}],"replies":[{"embeddable":true,"href":"https:\/\/bomberos.puyo.gob.ec\/2019\/wp-json\/wp\/v2\/comments?post=3324"}],"version-history":[{"count":1,"href":"https:\/\/bomberos.puyo.gob.ec\/2019\/wp-json\/wp\/v2\/posts\/3324\/revisions"}],"predecessor-version":[{"id":3326,"href":"https:\/\/bomberos.puyo.gob.ec\/2019\/wp-json\/wp\/v2\/posts\/3324\/revisions\/3326"}],"wp:featuredmedia":[{"embeddable":true,"href":"https:\/\/bomberos.puyo.gob.ec\/2019\/wp-json\/wp\/v2\/media\/3325"}],"wp:attachment":[{"href":"https:\/\/bomberos.puyo.gob.ec\/2019\/wp-json\/wp\/v2\/media?parent=3324"}],"wp:term":[{"taxonomy":"category","embeddable":true,"href":"https:\/\/bomberos.puyo.gob.ec\/2019\/wp-json\/wp\/v2\/categories?post=3324"},{"taxonomy":"post_tag","embeddable":true,"href":"https:\/\/bomberos.puyo.gob.ec\/2019\/wp-json\/wp\/v2\/tags?post=3324"}],"curies":[{"name":"wp","href":"https:\/\/api.w.org\/{rel}","templated":true}]}}