{"id":3318,"date":"2022-02-18T01:47:03","date_gmt":"2022-02-18T06:47:03","guid":{"rendered":"https:\/\/bomberos.puyo.gob.ec\/capacitacion-el-personal-del-departamento-de-prevencion-de-incendios-realiz\/"},"modified":"2023-01-08T19:19:55","modified_gmt":"2023-01-09T00:19:55","slug":"capacitacion-el-personal-del-departamento-de-prevencion-de-incendios-realiz","status":"publish","type":"post","link":"https:\/\/bomberos.puyo.gob.ec\/2019\/capacitacion-el-personal-del-departamento-de-prevencion-de-incendios-realiz\/","title":{"rendered":"|CAPACITACI\u00d3N|\n El personal del Departamento de Prevenci\u00f3n de Incendios realiz&#8230;"},"content":{"rendered":"<div><span><\/p>\n<p>|CAPACITACI\u00d3N|<\/p>\n<p> El personal del Departamento de Prevenci\u00f3n de Incendios realiza una capacitaci\u00f3n a los socios, conductores y personal administrativo de la COMPA\u00d1IA DE TRANSPORTE REINA CUMANDA con los temas:<\/p>\n<p> -Prevenci\u00f3n de Incendios.<br \/> -Utilizaci\u00f3n de extintores con norma NFPA10. <br \/> -Incendios vehiculares.<\/p>\n<p><\/span><\/div>\n<p><a href=\"https:\/\/facebook.com\/465093860312824\/posts\/pfbid0VU1XmtxcArM3JModzvq7qARUWg2rQweWWZHsHGLnf1dG6UndHaCFpRztdAZWUL9Ml\/?viewer=465093860312824&amp;m_entstream_source=timeline&amp;__tn__=%2As%2As-R&amp;paipv=1&amp;eav=AfYI_6023HvUceCACgqksXawASK3PsIZ6b6xfxjTgjK0O6VFdNGykdOfxRP7n3Ml5R4\" aria-label=\"Abrir historia\" class=\"_5msj\"><\/a><\/p>\n<p><a href=\"https:\/\/bomberos.puyo.gob.ec\/2019\/wp-content\/uploads\/CAPACITACION-El-personal-del-Departamento-de-Prevencion-de-Incendios-realiz.jpg\"><img decoding=\"async\" class=\"wp_automatic_fb_img\" title=\"\" src=\"https:\/\/bomberos.puyo.gob.ec\/2019\/wp-content\/uploads\/CAPACITACION-El-personal-del-Departamento-de-Prevencion-de-Incendios-realiz.jpg\" \/><\/a><br \/>\n<br \/><a href=\"https:\/\/www.facebook.com\/465093860312824\/posts\/2137951636360363\">en facebook&#8230; <\/a>  <\/p>\n","protected":false},"excerpt":{"rendered":"<div><span><\/p>\n<p>|CAPACITACI\u00d3N|<\/p>\n<p> El personal del Departamento de Prevenci\u00f3n de Incendios realiza una capacitaci\u00f3n a los socios, conductores y personal administrativo de la COMPA\u00d1IA DE TRANSPORTE REINA CUMANDA con los temas:<\/p>\n<p> -Prevenci\u00f3n de Incendios.<br \/> -Utilizaci\u00f3n de extintores con norma NFPA10. <br \/> -Incendios vehiculares.<\/p>\n<p><\/span><\/div>\n<p><a href=\"https:\/\/facebook.com\/465093860312824\/posts\/pfbid0VU1XmtxcArM3JModzvq7qARUWg2rQweWWZHsHGLnf1dG6UndHaCFpRztdAZWUL9Ml\/?viewer=465093860312824&amp;m_entstream_source=timeline&amp;__tn__=%2As%2As-R&amp;paipv=1&amp;eav=AfYI_6023HvUceCACgqksXawASK3PsIZ6b6xfxjTgjK0O6VFdNGykdOfxRP7n3Ml5R4\" aria-label=\"Abrir historia\" class=\"_5msj\"><\/a><\/p>\n<p><a href=\"https:\/\/scontent.fuio15-1.fna.fbcdn.net\/v\/t39.30808-6\/274189315_2137951589693701_2829370304089622833_n.jpg?stp=dst-jpg_s720x720&#038;_nc_cat=110&#038;ccb=1-7&#038;_nc_sid=8bfeb9&#038;_nc_ohc=hWSe4FrEx4wAX9gaJOV&#038;_nc_ht=scontent.fuio15-1.fna&#038;oh=00_AfDDiC-fyMwXo3NJi_D2pShvekmFBkm87_8CvgARbqr47g&#038;oe=63C0AC49\"><img decoding=\"async\" class=\"wp_automatic_fb_img\" title=\"\" src=\"https:\/\/scontent.fuio15-1.fna.fbcdn.net\/v\/t39.30808-6\/274189315_2137951589693701_2829370304089622833_n.jpg?stp=dst-jpg_s720x720&#038;_nc_cat=110&#038;ccb=1-7&#038;_nc_sid=8bfeb9&#038;_nc_ohc=hWSe4FrEx4wAX9gaJOV&#038;_nc_ht=scontent.fuio15-1.fna&#038;oh=00_AfDDiC-fyMwXo3NJi_D2pShvekmFBkm87_8CvgARbqr47g&#038;oe=63C0AC49\" \/><\/a><\/p>\n","protected":false},"author":1,"featured_media":3319,"comment_status":"open","ping_status":"open","sticky":false,"template":"","format":"standard","meta":[],"categories":[1],"tags":[65,32,83,309,34,39,112],"_links":{"self":[{"href":"https:\/\/bomberos.puyo.gob.ec\/2019\/wp-json\/wp\/v2\/posts\/3318"}],"collection":[{"href":"https:\/\/bomberos.puyo.gob.ec\/2019\/wp-json\/wp\/v2\/posts"}],"about":[{"href":"https:\/\/bomberos.puyo.gob.ec\/2019\/wp-json\/wp\/v2\/types\/post"}],"author":[{"embeddable":true,"href":"https:\/\/bomberos.puyo.gob.ec\/2019\/wp-json\/wp\/v2\/users\/1"}],"replies":[{"embeddable":true,"href":"https:\/\/bomberos.puyo.gob.ec\/2019\/wp-json\/wp\/v2\/comments?post=3318"}],"version-history":[{"count":1,"href":"https:\/\/bomberos.puyo.gob.ec\/2019\/wp-json\/wp\/v2\/posts\/3318\/revisions"}],"predecessor-version":[{"id":3320,"href":"https:\/\/bomberos.puyo.gob.ec\/2019\/wp-json\/wp\/v2\/posts\/3318\/revisions\/3320"}],"wp:featuredmedia":[{"embeddable":true,"href":"https:\/\/bomberos.puyo.gob.ec\/2019\/wp-json\/wp\/v2\/media\/3319"}],"wp:attachment":[{"href":"https:\/\/bomberos.puyo.gob.ec\/2019\/wp-json\/wp\/v2\/media?parent=3318"}],"wp:term":[{"taxonomy":"category","embeddable":true,"href":"https:\/\/bomberos.puyo.gob.ec\/2019\/wp-json\/wp\/v2\/categories?post=3318"},{"taxonomy":"post_tag","embeddable":true,"href":"https:\/\/bomberos.puyo.gob.ec\/2019\/wp-json\/wp\/v2\/tags?post=3318"}],"curies":[{"name":"wp","href":"https:\/\/api.w.org\/{rel}","templated":true}]}}