{"id":3316,"date":"2022-02-18T02:02:04","date_gmt":"2022-02-18T07:02:04","guid":{"rendered":"https:\/\/bomberos.puyo.gob.ec\/emergencia-medica-por-llamado-del-ecu911-la-unidad-a5-se-dirigio-a-las-ca\/"},"modified":"2023-01-08T18:18:08","modified_gmt":"2023-01-08T23:18:08","slug":"emergencia-medica-por-llamado-del-ecu911-la-unidad-a5-se-dirigio-a-las-ca","status":"publish","type":"post","link":"https:\/\/bomberos.puyo.gob.ec\/2019\/emergencia-medica-por-llamado-del-ecu911-la-unidad-a5-se-dirigio-a-las-ca\/","title":{"rendered":"|EMERGENCIA M\u00c9DICA|\n Por llamado del #Ecu911, la unidad A5 se dirigi\u00f3 a las ca&#8230;"},"content":{"rendered":"<div><span data-sigil=\"expose\"><\/p>\n<p>|EMERGENCIA M\u00c9DICA|<\/p>\n<p> Por llamado del <a class=\"_5ayv _qdx\" href=\"https:\/\/facebook.com\/hashtag\/ecu911?__tn__=%2As-R&amp;paipv=1&amp;eav=Afb_rWVM4ThTZEpdl9e59Fw6vK3HW-aKCrOj_YdBxsPyy2fY0TEi5KgTpBVnP8qZdYU\"><span class=\"_5aw4 _qdz\">#Ecu911<\/span><\/a>, la unidad A5 se dirigi\u00f3 a las calles 24 de Mayo y General Villamil, en el lugar se atiende a un paciente de nombre: D. R. L. de 23 a\u00f1os de edad. En la valoraci\u00f3n del<\/span><span class=\"text_exposed_show\"> paciente presenta TCE grave confirmando la ausencia de signos vitales producto del accidente de tr\u00e1nsito entre un bus y su motocicleta. Se entrega la escena al personal de Polic\u00eda Nacional CIAT para los tr\u00e1mites respectivos.<\/span><\/p>\n<div class=\"text_exposed_show\"><\/div>\n<p><\/span><\/div>\n<p><a href=\"https:\/\/facebook.com\/465093860312824\/posts\/pfbid0kvqsNCqqwdCDJg6AJaRvrHy46vkshRWeVJi5WUqQLtkQQkieKKTgkKTWGjJqSjAvl\/?viewer=465093860312824&amp;m_entstream_source=timeline&amp;__tn__=%2As%2As-R&amp;paipv=1&amp;eav=AfaNjaW7J4dxHwPA_J5rrZD95bzR80EFwKKS4YSoCB4oCnMvIge9J_Z6JqvZ3mOHLCI\" aria-label=\"Abrir historia\" class=\"_5msj\"><\/a><\/p>\n<p><a href=\"https:\/\/bomberos.puyo.gob.ec\/2019\/wp-content\/uploads\/EMERGENCIA-MEDICA-Por-llamado-del-Ecu911-la-unidad-A5-se.jpg\"><img decoding=\"async\" class=\"wp_automatic_fb_img\" title=\"\" src=\"https:\/\/bomberos.puyo.gob.ec\/2019\/wp-content\/uploads\/EMERGENCIA-MEDICA-Por-llamado-del-Ecu911-la-unidad-A5-se.jpg\" \/><\/a><br \/>\n<br \/><a href=\"https:\/\/www.facebook.com\/465093860312824\/posts\/2137958206359706\">en facebook&#8230; <\/a>  <\/p>\n","protected":false},"excerpt":{"rendered":"<div><span data-sigil=\"expose\"><\/p>\n<p>|EMERGENCIA M\u00c9DICA|<\/p>\n<p> Por llamado del <a class=\"_5ayv _qdx\" href=\"https:\/\/facebook.com\/hashtag\/ecu911?__tn__=%2As-R&amp;paipv=1&amp;eav=Afb_rWVM4ThTZEpdl9e59Fw6vK3HW-aKCrOj_YdBxsPyy2fY0TEi5KgTpBVnP8qZdYU\"><span class=\"_5aw4 _qdz\">#Ecu911<\/span><\/a>, la unidad A5 se dirigi\u00f3 a las calles 24 de Mayo y General Villamil, en el lugar se atiende a un paciente de nombre: D. R. L. de 23 a\u00f1os de edad. En la valoraci\u00f3n del<\/span><span class=\"text_exposed_show\"> paciente presenta TCE grave confirmando la ausencia de signos vitales producto del accidente de tr\u00e1nsito entre un bus y su motocicleta. Se entrega la escena al personal de Polic\u00eda Nacional CIAT para los tr\u00e1mites respectivos.<\/span><\/p>\n<div class=\"text_exposed_show\"><\/div>\n<p><\/span><\/div>\n<p><a href=\"https:\/\/facebook.com\/465093860312824\/posts\/pfbid0kvqsNCqqwdCDJg6AJaRvrHy46vkshRWeVJi5WUqQLtkQQkieKKTgkKTWGjJqSjAvl\/?viewer=465093860312824&amp;m_entstream_source=timeline&amp;__tn__=%2As%2As-R&amp;paipv=1&amp;eav=AfaNjaW7J4dxHwPA_J5rrZD95bzR80EFwKKS4YSoCB4oCnMvIge9J_Z6JqvZ3mOHLCI\" aria-label=\"Abrir historia\" class=\"_5msj\"><\/a><\/p>\n<p><a href=\"https:\/\/scontent.fuio15-1.fna.fbcdn.net\/v\/t39.30808-6\/274146947_2137958173026376_4205444502298849397_n.jpg?stp=dst-jpg_s720x720&#038;_nc_cat=103&#038;ccb=1-7&#038;_nc_sid=8bfeb9&#038;_nc_ohc=_5XmIJVHOBIAX8eb7RM&#038;_nc_ht=scontent.fuio15-1.fna&#038;oh=00_AfDm34Jos4V_dCSdYCO495dikOHx3fuEw1PHUH9S8kpdZQ&#038;oe=63C0D013\"><img decoding=\"async\" class=\"wp_automatic_fb_img\" title=\"\" src=\"https:\/\/scontent.fuio15-1.fna.fbcdn.net\/v\/t39.30808-6\/274146947_2137958173026376_4205444502298849397_n.jpg?stp=dst-jpg_s720x720&#038;_nc_cat=103&#038;ccb=1-7&#038;_nc_sid=8bfeb9&#038;_nc_ohc=_5XmIJVHOBIAX8eb7RM&#038;_nc_ht=scontent.fuio15-1.fna&#038;oh=00_AfDm34Jos4V_dCSdYCO495dikOHx3fuEw1PHUH9S8kpdZQ&#038;oe=63C0D013\" \/><\/a><\/p>\n","protected":false},"author":1,"featured_media":1876,"comment_status":"open","ping_status":"open","sticky":false,"template":"","format":"standard","meta":[],"categories":[1],"tags":[1093,32,722,69,182,22,31,251,30,41],"_links":{"self":[{"href":"https:\/\/bomberos.puyo.gob.ec\/2019\/wp-json\/wp\/v2\/posts\/3316"}],"collection":[{"href":"https:\/\/bomberos.puyo.gob.ec\/2019\/wp-json\/wp\/v2\/posts"}],"about":[{"href":"https:\/\/bomberos.puyo.gob.ec\/2019\/wp-json\/wp\/v2\/types\/post"}],"author":[{"embeddable":true,"href":"https:\/\/bomberos.puyo.gob.ec\/2019\/wp-json\/wp\/v2\/users\/1"}],"replies":[{"embeddable":true,"href":"https:\/\/bomberos.puyo.gob.ec\/2019\/wp-json\/wp\/v2\/comments?post=3316"}],"version-history":[{"count":1,"href":"https:\/\/bomberos.puyo.gob.ec\/2019\/wp-json\/wp\/v2\/posts\/3316\/revisions"}],"predecessor-version":[{"id":3317,"href":"https:\/\/bomberos.puyo.gob.ec\/2019\/wp-json\/wp\/v2\/posts\/3316\/revisions\/3317"}],"wp:featuredmedia":[{"embeddable":true,"href":"https:\/\/bomberos.puyo.gob.ec\/2019\/wp-json\/wp\/v2\/media\/1876"}],"wp:attachment":[{"href":"https:\/\/bomberos.puyo.gob.ec\/2019\/wp-json\/wp\/v2\/media?parent=3316"}],"wp:term":[{"taxonomy":"category","embeddable":true,"href":"https:\/\/bomberos.puyo.gob.ec\/2019\/wp-json\/wp\/v2\/categories?post=3316"},{"taxonomy":"post_tag","embeddable":true,"href":"https:\/\/bomberos.puyo.gob.ec\/2019\/wp-json\/wp\/v2\/tags?post=3316"}],"curies":[{"name":"wp","href":"https:\/\/api.w.org\/{rel}","templated":true}]}}