{"id":3313,"date":"2022-02-18T18:59:14","date_gmt":"2022-02-18T23:59:14","guid":{"rendered":"https:\/\/bomberos.puyo.gob.ec\/emergencia-medica-nuestra-unidad-aph-a5-asiste-a-una-emergencia-medica-en\/"},"modified":"2023-01-08T16:02:23","modified_gmt":"2023-01-08T21:02:23","slug":"emergencia-medica-nuestra-unidad-aph-a5-asiste-a-una-emergencia-medica-en","status":"publish","type":"post","link":"https:\/\/bomberos.puyo.gob.ec\/2019\/emergencia-medica-nuestra-unidad-aph-a5-asiste-a-una-emergencia-medica-en\/","title":{"rendered":"|EMERGENCIA M\u00c9DICA| \n  Nuestra unidad APH A5 asiste a una emergencia m\u00e9dica en&#8230;"},"content":{"rendered":"<p>|EMERGENCIA M\u00c9DICA|<br \/>\n \ud83d\ude91 Nuestra unidad APH A5 asiste a una emergencia m\u00e9dica en las calles Enrique Egas y Gonzales Su\u00e1rez, en el sitio se atiende a un paciente pedi\u00e1trico femenino de 6 meses de edad la misma que presenta OVACE producto de un atragantamiento por una soluci\u00f3n jabonosa. <\/p>\n<p> \ud83c\udfe0\ud83d\udc68\u200d\ud83d\udc69\u200d\ud83d\udc67\u200d\ud83d\udc66 Es atendida y estabilizada en el lugar quedando a cargo del familiar con indicaciones, recomendaciones y sin signos de alarma.<br \/>\n \ud83d\udea7\ud83d\ude4f Por favor tengamos m\u00e1s cuidado con nuestros peque\u00f1os.<\/p>\n<p><a href=\"https:\/\/facebook.com\/465093860312824\/posts\/pfbid02uS2yCzgoBqXhnVUa3TXqjungVQ5CkCu6LtShS1yKyzsbbqBZCie1LwKvQapdti1Jl\/?viewer=465093860312824&amp;m_entstream_source=timeline&amp;__tn__=%2As%2As-R&amp;paipv=1&amp;eav=AfZPiSzM3fPml9vzUlJ19GQI-QHxMpZLT-plzM2qzRXhXwGnMaXKEbaZ-r9h1pDoAZw\" aria-label=\"Abrir historia\" class=\"_5msj\"><\/a><\/p>\n<p><a href=\"https:\/\/bomberos.puyo.gob.ec\/2019\/wp-content\/uploads\/EMERGENCIA-MEDICA-Nuestra-unidad-APH-A5-asiste-a-una-emergencia.jpg\"><img decoding=\"async\" class=\"wp_automatic_fb_img\" title=\"\" src=\"https:\/\/bomberos.puyo.gob.ec\/2019\/wp-content\/uploads\/EMERGENCIA-MEDICA-Nuestra-unidad-APH-A5-asiste-a-una-emergencia.jpg\" \/><\/a><br \/>\n<br \/><a href=\"https:\/\/www.facebook.com\/465093860312824\/posts\/2138473019641558\">en facebook&#8230; <\/a>  <\/p>\n","protected":false},"excerpt":{"rendered":"<p>|EMERGENCIA M\u00c9DICA|<br \/>\n \ud83d\ude91 Nuestra unidad APH A5 asiste a una emergencia m\u00e9dica en las calles Enrique Egas y Gonzales Su\u00e1rez, en el sitio se atiende a un paciente pedi\u00e1trico femenino de 6 meses de edad la misma que presenta OVACE producto de un atragantamiento por una soluci\u00f3n jabonosa. <\/p>\n<p> \ud83c\udfe0\ud83d\udc68\u200d\ud83d\udc69\u200d\ud83d\udc67\u200d\ud83d\udc66 Es atendida y estabilizada en el lugar quedando a cargo del familiar con indicaciones, recomendaciones y sin signos de alarma.<br \/>\n \ud83d\udea7\ud83d\ude4f Por favor tengamos m\u00e1s cuidado con nuestros peque\u00f1os.<\/p>\n<p><a href=\"https:\/\/facebook.com\/465093860312824\/posts\/pfbid02uS2yCzgoBqXhnVUa3TXqjungVQ5CkCu6LtShS1yKyzsbbqBZCie1LwKvQapdti1Jl\/?viewer=465093860312824&amp;m_entstream_source=timeline&amp;__tn__=%2As%2As-R&amp;paipv=1&amp;eav=AfZPiSzM3fPml9vzUlJ19GQI-QHxMpZLT-plzM2qzRXhXwGnMaXKEbaZ-r9h1pDoAZw\" aria-label=\"Abrir historia\" class=\"_5msj\"><\/a><\/p>\n<p><a href=\"https:\/\/scontent.fuio15-1.fna.fbcdn.net\/v\/t39.30808-6\/274292969_2138472986308228_5652990204693728858_n.jpg?stp=dst-jpg_s640x640&#038;_nc_cat=103&#038;ccb=1-7&#038;_nc_sid=8bfeb9&#038;_nc_ohc=h8CZ-PB0FtAAX92ilXx&#038;_nc_ht=scontent.fuio15-1.fna&#038;oh=00_AfCam6Mtoq0Uac3Sb9L3HfW_QphZEnqZQMajOAGxkmps4A&#038;oe=63BF8D33\"><img decoding=\"async\" class=\"wp_automatic_fb_img\" title=\"\" src=\"https:\/\/scontent.fuio15-1.fna.fbcdn.net\/v\/t39.30808-6\/274292969_2138472986308228_5652990204693728858_n.jpg?stp=dst-jpg_s640x640&#038;_nc_cat=103&#038;ccb=1-7&#038;_nc_sid=8bfeb9&#038;_nc_ohc=h8CZ-PB0FtAAX92ilXx&#038;_nc_ht=scontent.fuio15-1.fna&#038;oh=00_AfCam6Mtoq0Uac3Sb9L3HfW_QphZEnqZQMajOAGxkmps4A&#038;oe=63BF8D33\" \/><\/a><\/p>\n","protected":false},"author":1,"featured_media":3314,"comment_status":"open","ping_status":"open","sticky":false,"template":"","format":"standard","meta":[],"categories":[1],"tags":[835,203,182,1076,251,236,119,41],"_links":{"self":[{"href":"https:\/\/bomberos.puyo.gob.ec\/2019\/wp-json\/wp\/v2\/posts\/3313"}],"collection":[{"href":"https:\/\/bomberos.puyo.gob.ec\/2019\/wp-json\/wp\/v2\/posts"}],"about":[{"href":"https:\/\/bomberos.puyo.gob.ec\/2019\/wp-json\/wp\/v2\/types\/post"}],"author":[{"embeddable":true,"href":"https:\/\/bomberos.puyo.gob.ec\/2019\/wp-json\/wp\/v2\/users\/1"}],"replies":[{"embeddable":true,"href":"https:\/\/bomberos.puyo.gob.ec\/2019\/wp-json\/wp\/v2\/comments?post=3313"}],"version-history":[{"count":1,"href":"https:\/\/bomberos.puyo.gob.ec\/2019\/wp-json\/wp\/v2\/posts\/3313\/revisions"}],"predecessor-version":[{"id":3315,"href":"https:\/\/bomberos.puyo.gob.ec\/2019\/wp-json\/wp\/v2\/posts\/3313\/revisions\/3315"}],"wp:featuredmedia":[{"embeddable":true,"href":"https:\/\/bomberos.puyo.gob.ec\/2019\/wp-json\/wp\/v2\/media\/3314"}],"wp:attachment":[{"href":"https:\/\/bomberos.puyo.gob.ec\/2019\/wp-json\/wp\/v2\/media?parent=3313"}],"wp:term":[{"taxonomy":"category","embeddable":true,"href":"https:\/\/bomberos.puyo.gob.ec\/2019\/wp-json\/wp\/v2\/categories?post=3313"},{"taxonomy":"post_tag","embeddable":true,"href":"https:\/\/bomberos.puyo.gob.ec\/2019\/wp-json\/wp\/v2\/tags?post=3313"}],"curies":[{"name":"wp","href":"https:\/\/api.w.org\/{rel}","templated":true}]}}