{"id":3310,"date":"2022-02-18T19:04:57","date_gmt":"2022-02-19T00:04:57","guid":{"rendered":"https:\/\/bomberos.puyo.gob.ec\/emergencia-medica-el-dia-de-hoy-nuestra-unidad-de-aph-asiste-a-una-emerge\/"},"modified":"2023-01-08T15:01:21","modified_gmt":"2023-01-08T20:01:21","slug":"emergencia-medica-el-dia-de-hoy-nuestra-unidad-de-aph-asiste-a-una-emerge","status":"publish","type":"post","link":"https:\/\/bomberos.puyo.gob.ec\/2019\/emergencia-medica-el-dia-de-hoy-nuestra-unidad-de-aph-asiste-a-una-emerge\/","title":{"rendered":"|EMERGENCIA M\u00c9DICA|\n  El d\u00eda de hoy nuestra unidad de APH asiste a  una emerge&#8230;"},"content":{"rendered":"<p>|EMERGENCIA M\u00c9DICA|<br \/>\n \ud83d\ude91 El d\u00eda de hoy nuestra unidad de APH asiste a  una emergencia m\u00e9dica  en el barrio M\u00e9xico, en el lugar se atiende a un paciente geri\u00e1trico de sexo femenino quien presenta deshidrataci\u00f3n moderada m\u00e1s hipoxia.<br \/>\n \ud83c\udfe5 Es trasladada al Hospital General Puyo.<\/p>\n<p><a href=\"https:\/\/facebook.com\/465093860312824\/posts\/pfbid0dNURMThPdChSuTxxTSY8jYTgST3ZgXZPK2kBiJNwqRuQyVfUL7GqSp3BHHSviQ9Ml\/?viewer=465093860312824&amp;m_entstream_source=timeline&amp;__tn__=%2As%2As-R&amp;paipv=1&amp;eav=Afbb7Cx4BIqpAfFqKecXDBVeRRQrwUUJxn5afSmh1h0ExZKiQz12b6amPpUKO7CJT0U\" aria-label=\"Abrir historia\" class=\"_5msj\"><\/a><\/p>\n<p><a href=\"https:\/\/bomberos.puyo.gob.ec\/2019\/wp-content\/uploads\/EMERGENCIA-MEDICA-El-dia-de-hoy-nuestra-unidad-de-APH.jpg\"><img decoding=\"async\" class=\"wp_automatic_fb_img\" title=\"\" src=\"https:\/\/bomberos.puyo.gob.ec\/2019\/wp-content\/uploads\/EMERGENCIA-MEDICA-El-dia-de-hoy-nuestra-unidad-de-APH.jpg\" \/><\/a><br \/>\n<br \/><a href=\"https:\/\/www.facebook.com\/465093860312824\/posts\/2138475786307948\">en facebook&#8230; <\/a>  <\/p>\n","protected":false},"excerpt":{"rendered":"<p>|EMERGENCIA M\u00c9DICA|<br \/>\n \ud83d\ude91 El d\u00eda de hoy nuestra unidad de APH asiste a  una emergencia m\u00e9dica  en el barrio M\u00e9xico, en el lugar se atiende a un paciente geri\u00e1trico de sexo femenino quien presenta deshidrataci\u00f3n moderada m\u00e1s hipoxia.<br \/>\n \ud83c\udfe5 Es trasladada al Hospital General Puyo.<\/p>\n<p><a href=\"https:\/\/facebook.com\/465093860312824\/posts\/pfbid0dNURMThPdChSuTxxTSY8jYTgST3ZgXZPK2kBiJNwqRuQyVfUL7GqSp3BHHSviQ9Ml\/?viewer=465093860312824&amp;m_entstream_source=timeline&amp;__tn__=%2As%2As-R&amp;paipv=1&amp;eav=Afbb7Cx4BIqpAfFqKecXDBVeRRQrwUUJxn5afSmh1h0ExZKiQz12b6amPpUKO7CJT0U\" aria-label=\"Abrir historia\" class=\"_5msj\"><\/a><\/p>\n<p><a href=\"https:\/\/scontent.fuio15-1.fna.fbcdn.net\/v\/t39.30808-6\/274248608_2138475762974617_3074290686647447038_n.jpg?stp=dst-jpg_s640x640&#038;_nc_cat=103&#038;ccb=1-7&#038;_nc_sid=8bfeb9&#038;_nc_ohc=maFBWs4v-_4AX8RpMFl&#038;_nc_ht=scontent.fuio15-1.fna&#038;oh=00_AfCmmd_FLDCTjzuPbqwYV9lKf_XzJrTFrdFh0G0ZRt1jNw&#038;oe=63BFB494\"><img decoding=\"async\" class=\"wp_automatic_fb_img\" title=\"\" src=\"https:\/\/scontent.fuio15-1.fna.fbcdn.net\/v\/t39.30808-6\/274248608_2138475762974617_3074290686647447038_n.jpg?stp=dst-jpg_s640x640&#038;_nc_cat=103&#038;ccb=1-7&#038;_nc_sid=8bfeb9&#038;_nc_ohc=maFBWs4v-_4AX8RpMFl&#038;_nc_ht=scontent.fuio15-1.fna&#038;oh=00_AfCmmd_FLDCTjzuPbqwYV9lKf_XzJrTFrdFh0G0ZRt1jNw&#038;oe=63BFB494\" \/><\/a><\/p>\n","protected":false},"author":1,"featured_media":3311,"comment_status":"open","ping_status":"open","sticky":false,"template":"","format":"standard","meta":[],"categories":[1],"tags":[835,203,24,714,182,202,251,236,119,41],"_links":{"self":[{"href":"https:\/\/bomberos.puyo.gob.ec\/2019\/wp-json\/wp\/v2\/posts\/3310"}],"collection":[{"href":"https:\/\/bomberos.puyo.gob.ec\/2019\/wp-json\/wp\/v2\/posts"}],"about":[{"href":"https:\/\/bomberos.puyo.gob.ec\/2019\/wp-json\/wp\/v2\/types\/post"}],"author":[{"embeddable":true,"href":"https:\/\/bomberos.puyo.gob.ec\/2019\/wp-json\/wp\/v2\/users\/1"}],"replies":[{"embeddable":true,"href":"https:\/\/bomberos.puyo.gob.ec\/2019\/wp-json\/wp\/v2\/comments?post=3310"}],"version-history":[{"count":1,"href":"https:\/\/bomberos.puyo.gob.ec\/2019\/wp-json\/wp\/v2\/posts\/3310\/revisions"}],"predecessor-version":[{"id":3312,"href":"https:\/\/bomberos.puyo.gob.ec\/2019\/wp-json\/wp\/v2\/posts\/3310\/revisions\/3312"}],"wp:featuredmedia":[{"embeddable":true,"href":"https:\/\/bomberos.puyo.gob.ec\/2019\/wp-json\/wp\/v2\/media\/3311"}],"wp:attachment":[{"href":"https:\/\/bomberos.puyo.gob.ec\/2019\/wp-json\/wp\/v2\/media?parent=3310"}],"wp:term":[{"taxonomy":"category","embeddable":true,"href":"https:\/\/bomberos.puyo.gob.ec\/2019\/wp-json\/wp\/v2\/categories?post=3310"},{"taxonomy":"post_tag","embeddable":true,"href":"https:\/\/bomberos.puyo.gob.ec\/2019\/wp-json\/wp\/v2\/tags?post=3310"}],"curies":[{"name":"wp","href":"https:\/\/api.w.org\/{rel}","templated":true}]}}