{"id":3301,"date":"2022-02-20T12:47:54","date_gmt":"2022-02-20T17:47:54","guid":{"rendered":"https:\/\/bomberos.puyo.gob.ec\/emergencia-medica-por-llamado-del-ecu-911-la-unidad-a3-se-dirigio-al-sec\/"},"modified":"2023-01-08T10:50:03","modified_gmt":"2023-01-08T15:50:03","slug":"emergencia-medica-por-llamado-del-ecu-911-la-unidad-a3-se-dirigio-al-sec","status":"publish","type":"post","link":"https:\/\/bomberos.puyo.gob.ec\/2019\/emergencia-medica-por-llamado-del-ecu-911-la-unidad-a3-se-dirigio-al-sec\/","title":{"rendered":"|EMERGENCIA M\u00c9DICA| \n   Por llamado del ECU-911 la unidad A3 se dirigi\u00f3 al sec&#8230;"},"content":{"rendered":"<p>|EMERGENCIA M\u00c9DICA|<br \/>\n \ud83d\ude91 \ud83e\udd30 Por llamado del ECU-911 la unidad A3 se dirigi\u00f3 al sector de Santa Clara, en el lugar se atiende a un paciente de nombre: K. H. de 23 a\u00f1os de edad, quien  presenta Labor de Parto, es trasladada al Hospital General Puyo quedando a cargo del m\u00e9dico de turno.<\/p>\n<p><a href=\"https:\/\/facebook.com\/story.php?story_fbid=pfbid02BaQLqtgcTZ2kSzSPtqVPjFh6pTXnFZy1mLkZRkojhNKUkRw8o6mEwy5Wvdv1VuK2l&amp;id=465093860312824&amp;eav=AfY5w9jc0FJnXJVCwjBM4Um22Q7T4tzo5vk3wUK7C6Z0dMzzfTDcmp19kKxh6kIcGnE&amp;viewer=465093860312824&amp;m_entstream_source=timeline&amp;__tn__=%2As%2As-R&amp;paipv=1\" aria-label=\"Abrir historia\" class=\"_5msj\"><\/a><\/p>\n<p><a href=\"https:\/\/bomberos.puyo.gob.ec\/2019\/wp-content\/uploads\/1673193002_283_EMERGENCIA-MEDICA-Por-llamado-del-ECU-911-la-unidad-A3-se.jpg\"><img decoding=\"async\" class=\"wp_automatic_fb_img\" title=\"\" src=\"https:\/\/bomberos.puyo.gob.ec\/2019\/wp-content\/uploads\/1673193002_283_EMERGENCIA-MEDICA-Por-llamado-del-ECU-911-la-unidad-A3-se.jpg\" \/><\/a><br \/>\n<br \/><a href=\"https:\/\/www.facebook.com\/465093860312824\/posts\/2139758199513040\">en facebook&#8230; <\/a>  <\/p>\n","protected":false},"excerpt":{"rendered":"<p>|EMERGENCIA M\u00c9DICA|<br \/>\n \ud83d\ude91 \ud83e\udd30 Por llamado del ECU-911 la unidad A3 se dirigi\u00f3 al sector de Santa Clara, en el lugar se atiende a un paciente de nombre: K. H. de 23 a\u00f1os de edad, quien  presenta Labor de Parto, es trasladada al Hospital General Puyo quedando a cargo del m\u00e9dico de turno.<\/p>\n<p><a href=\"https:\/\/facebook.com\/story.php?story_fbid=pfbid02BaQLqtgcTZ2kSzSPtqVPjFh6pTXnFZy1mLkZRkojhNKUkRw8o6mEwy5Wvdv1VuK2l&amp;id=465093860312824&amp;eav=AfY5w9jc0FJnXJVCwjBM4Um22Q7T4tzo5vk3wUK7C6Z0dMzzfTDcmp19kKxh6kIcGnE&amp;viewer=465093860312824&amp;m_entstream_source=timeline&amp;__tn__=%2As%2As-R&amp;paipv=1\" aria-label=\"Abrir historia\" class=\"_5msj\"><\/a><\/p>\n<p><a href=\"https:\/\/scontent.fuio15-1.fna.fbcdn.net\/v\/t39.30808-6\/274269405_2139758159513044_6924711246802095977_n.jpg?stp=dst-jpg_s640x640&#038;_nc_cat=101&#038;ccb=1-7&#038;_nc_sid=8bfeb9&#038;_nc_ohc=qpomkK92tA8AX-i-VMz&#038;_nc_ht=scontent.fuio15-1.fna&#038;oh=00_AfDSeUIXrCiHydO-t7x0p6WcOcsRX1MLUOvfh65CNq_nJg&#038;oe=63BFDBBC\"><img decoding=\"async\" class=\"wp_automatic_fb_img\" title=\"\" src=\"https:\/\/scontent.fuio15-1.fna.fbcdn.net\/v\/t39.30808-6\/274269405_2139758159513044_6924711246802095977_n.jpg?stp=dst-jpg_s640x640&#038;_nc_cat=101&#038;ccb=1-7&#038;_nc_sid=8bfeb9&#038;_nc_ohc=qpomkK92tA8AX-i-VMz&#038;_nc_ht=scontent.fuio15-1.fna&#038;oh=00_AfDSeUIXrCiHydO-t7x0p6WcOcsRX1MLUOvfh65CNq_nJg&#038;oe=63BFDBBC\" \/><\/a><\/p>\n","protected":false},"author":1,"featured_media":3302,"comment_status":"open","ping_status":"open","sticky":false,"template":"","format":"standard","meta":[],"categories":[1],"tags":[32,722,69,182,31,251,30,1091,41],"_links":{"self":[{"href":"https:\/\/bomberos.puyo.gob.ec\/2019\/wp-json\/wp\/v2\/posts\/3301"}],"collection":[{"href":"https:\/\/bomberos.puyo.gob.ec\/2019\/wp-json\/wp\/v2\/posts"}],"about":[{"href":"https:\/\/bomberos.puyo.gob.ec\/2019\/wp-json\/wp\/v2\/types\/post"}],"author":[{"embeddable":true,"href":"https:\/\/bomberos.puyo.gob.ec\/2019\/wp-json\/wp\/v2\/users\/1"}],"replies":[{"embeddable":true,"href":"https:\/\/bomberos.puyo.gob.ec\/2019\/wp-json\/wp\/v2\/comments?post=3301"}],"version-history":[{"count":1,"href":"https:\/\/bomberos.puyo.gob.ec\/2019\/wp-json\/wp\/v2\/posts\/3301\/revisions"}],"predecessor-version":[{"id":3303,"href":"https:\/\/bomberos.puyo.gob.ec\/2019\/wp-json\/wp\/v2\/posts\/3301\/revisions\/3303"}],"wp:featuredmedia":[{"embeddable":true,"href":"https:\/\/bomberos.puyo.gob.ec\/2019\/wp-json\/wp\/v2\/media\/3302"}],"wp:attachment":[{"href":"https:\/\/bomberos.puyo.gob.ec\/2019\/wp-json\/wp\/v2\/media?parent=3301"}],"wp:term":[{"taxonomy":"category","embeddable":true,"href":"https:\/\/bomberos.puyo.gob.ec\/2019\/wp-json\/wp\/v2\/categories?post=3301"},{"taxonomy":"post_tag","embeddable":true,"href":"https:\/\/bomberos.puyo.gob.ec\/2019\/wp-json\/wp\/v2\/tags?post=3301"}],"curies":[{"name":"wp","href":"https:\/\/api.w.org\/{rel}","templated":true}]}}