{"id":3295,"date":"2022-02-22T22:32:10","date_gmt":"2022-02-23T03:32:10","guid":{"rendered":"https:\/\/bomberos.puyo.gob.ec\/emergencias-medica-por-llamado-del-ecu-911-la-unidad-a3-se-dirigio-al-ba\/"},"modified":"2023-01-08T08:45:02","modified_gmt":"2023-01-08T13:45:02","slug":"emergencias-medica-por-llamado-del-ecu-911-la-unidad-a3-se-dirigio-al-ba","status":"publish","type":"post","link":"https:\/\/bomberos.puyo.gob.ec\/2019\/emergencias-medica-por-llamado-del-ecu-911-la-unidad-a3-se-dirigio-al-ba\/","title":{"rendered":"|EMERGENCIAS M\u00c9DICA|\n Por llamado del #ECU-911, la unidad A3, se dirigi\u00f3 al ba&#8230;"},"content":{"rendered":"<div><span><\/p>\n<p>|EMERGENCIAS M\u00c9DICA|<\/p>\n<p> Por llamado del <a class=\"_5ayv _qdx\" href=\"https:\/\/facebook.com\/hashtag\/ecu?__tn__=%2As-R&amp;paipv=1&amp;eav=Afbe91naUFPR7r9h9Yak-xTvkE0vOxXwVE7OBt5X2G1m5tMVDP2A4G1vZuVP_c7QLag\"><span class=\"_5aw4 _qdz\">#ECU<\/span><\/a>-911, la unidad A3, se dirigi\u00f3 al barrio Miraflores, llegando al lugar se atiende a un paciente de nombre: B. V. de 11 a\u00f1os de edad, quien presenta alergia no especificada, es trasladada al Hospital General Puyo quedando a cargo del m\u00e9dico de  turno.<\/p>\n<p><\/span><\/div>\n<p><a href=\"https:\/\/facebook.com\/story.php?story_fbid=pfbid031uiYcwLQwMPcPE7p4YWWoicQXwiBeytFTaVLkmws4onbXY4WsTLg9G42QD79wJErl&amp;id=465093860312824&amp;eav=AfbbtlVTRZKz4DrQUp2q0GVF2M_ZztjGA4ehdKSEJ1_lphCccuP1GUvpYphCozKElrY&amp;viewer=465093860312824&amp;m_entstream_source=timeline&amp;__tn__=%2As%2As-R&amp;paipv=1\" aria-label=\"Abrir historia\" class=\"_5msj\"><\/a><\/p>\n<p><a href=\"https:\/\/bomberos.puyo.gob.ec\/2019\/wp-content\/uploads\/EMERGENCIAS-MEDICA-Por-llamado-del-ECU-911-la-unidad-A3-se.jpg\"><img decoding=\"async\" class=\"wp_automatic_fb_img\" title=\"\" src=\"https:\/\/bomberos.puyo.gob.ec\/2019\/wp-content\/uploads\/EMERGENCIAS-MEDICA-Por-llamado-del-ECU-911-la-unidad-A3-se.jpg\" \/><\/a><br \/>\n<br \/><a href=\"https:\/\/www.facebook.com\/465093860312824\/posts\/2141541182668075\">en facebook&#8230; <\/a>  <\/p>\n","protected":false},"excerpt":{"rendered":"<div><span><\/p>\n<p>|EMERGENCIAS M\u00c9DICA|<\/p>\n<p> Por llamado del <a class=\"_5ayv _qdx\" href=\"https:\/\/facebook.com\/hashtag\/ecu?__tn__=%2As-R&amp;paipv=1&amp;eav=Afbe91naUFPR7r9h9Yak-xTvkE0vOxXwVE7OBt5X2G1m5tMVDP2A4G1vZuVP_c7QLag\"><span class=\"_5aw4 _qdz\">#ECU<\/span><\/a>-911, la unidad A3, se dirigi\u00f3 al barrio Miraflores, llegando al lugar se atiende a un paciente de nombre: B. V. de 11 a\u00f1os de edad, quien presenta alergia no especificada, es trasladada al Hospital General Puyo quedando a cargo del m\u00e9dico de  turno.<\/p>\n<p><\/span><\/div>\n<p><a href=\"https:\/\/facebook.com\/story.php?story_fbid=pfbid031uiYcwLQwMPcPE7p4YWWoicQXwiBeytFTaVLkmws4onbXY4WsTLg9G42QD79wJErl&amp;id=465093860312824&amp;eav=AfbbtlVTRZKz4DrQUp2q0GVF2M_ZztjGA4ehdKSEJ1_lphCccuP1GUvpYphCozKElrY&amp;viewer=465093860312824&amp;m_entstream_source=timeline&amp;__tn__=%2As%2As-R&amp;paipv=1\" aria-label=\"Abrir historia\" class=\"_5msj\"><\/a><\/p>\n<p><a href=\"https:\/\/scontent.fuio15-1.fna.fbcdn.net\/v\/t39.30808-6\/274536767_2141541146001412_8437841315261357663_n.jpg?stp=dst-jpg_s720x720&#038;_nc_cat=100&#038;ccb=1-7&#038;_nc_sid=8bfeb9&#038;_nc_ohc=N2C-OvFW5WoAX8dqhLy&#038;_nc_ht=scontent.fuio15-1.fna&#038;oh=00_AfCTPgmlou1y5MJJo6fA2JX6E4V-x9kzXDXfOD-vRC2sdg&#038;oe=63C08608\"><img decoding=\"async\" class=\"wp_automatic_fb_img\" title=\"\" src=\"https:\/\/scontent.fuio15-1.fna.fbcdn.net\/v\/t39.30808-6\/274536767_2141541146001412_8437841315261357663_n.jpg?stp=dst-jpg_s720x720&#038;_nc_cat=100&#038;ccb=1-7&#038;_nc_sid=8bfeb9&#038;_nc_ohc=N2C-OvFW5WoAX8dqhLy&#038;_nc_ht=scontent.fuio15-1.fna&#038;oh=00_AfCTPgmlou1y5MJJo6fA2JX6E4V-x9kzXDXfOD-vRC2sdg&#038;oe=63C08608\" \/><\/a><\/p>\n","protected":false},"author":1,"featured_media":3296,"comment_status":"open","ping_status":"open","sticky":false,"template":"","format":"standard","meta":[],"categories":[1],"tags":[953,32,722,33,69,339,31,251,30,41],"_links":{"self":[{"href":"https:\/\/bomberos.puyo.gob.ec\/2019\/wp-json\/wp\/v2\/posts\/3295"}],"collection":[{"href":"https:\/\/bomberos.puyo.gob.ec\/2019\/wp-json\/wp\/v2\/posts"}],"about":[{"href":"https:\/\/bomberos.puyo.gob.ec\/2019\/wp-json\/wp\/v2\/types\/post"}],"author":[{"embeddable":true,"href":"https:\/\/bomberos.puyo.gob.ec\/2019\/wp-json\/wp\/v2\/users\/1"}],"replies":[{"embeddable":true,"href":"https:\/\/bomberos.puyo.gob.ec\/2019\/wp-json\/wp\/v2\/comments?post=3295"}],"version-history":[{"count":1,"href":"https:\/\/bomberos.puyo.gob.ec\/2019\/wp-json\/wp\/v2\/posts\/3295\/revisions"}],"predecessor-version":[{"id":3297,"href":"https:\/\/bomberos.puyo.gob.ec\/2019\/wp-json\/wp\/v2\/posts\/3295\/revisions\/3297"}],"wp:featuredmedia":[{"embeddable":true,"href":"https:\/\/bomberos.puyo.gob.ec\/2019\/wp-json\/wp\/v2\/media\/3296"}],"wp:attachment":[{"href":"https:\/\/bomberos.puyo.gob.ec\/2019\/wp-json\/wp\/v2\/media?parent=3295"}],"wp:term":[{"taxonomy":"category","embeddable":true,"href":"https:\/\/bomberos.puyo.gob.ec\/2019\/wp-json\/wp\/v2\/categories?post=3295"},{"taxonomy":"post_tag","embeddable":true,"href":"https:\/\/bomberos.puyo.gob.ec\/2019\/wp-json\/wp\/v2\/tags?post=3295"}],"curies":[{"name":"wp","href":"https:\/\/api.w.org\/{rel}","templated":true}]}}